{"id":75849,"date":"2026-01-04T07:09:04","date_gmt":"2026-01-04T07:09:04","guid":{"rendered":"https:\/\/www.europesays.com\/lt\/75849\/"},"modified":"2026-01-04T07:09:04","modified_gmt":"2026-01-04T07:09:04","slug":"samsung-ruosia-revoliucine-naujiena-dirbtinis-intelektas-netrukus-stebes-jusu-smegenu-sveikata","status":"publish","type":"post","link":"https:\/\/www.europesays.com\/lt\/75849\/","title":{"rendered":"\u201eSamsung\u201c ruo\u0161ia revoliucin\u0119 naujien\u0105: dirbtinis intelektas netrukus steb\u0117s j\u016bs\u0173 smegen\u0173 sveikat\u0105"},"content":{"rendered":"<p>2025 m. rugs\u0117j\u012f \u201eSamsung\u201c pristat\u0117 technologij\u0105, kuri, pasitelkusi i\u0161man\u0173j\u012f telefon\u0105 ir i\u0161man\u0173j\u012f laikrod\u012f, gali steb\u0117ti smegen\u0173 veikl\u0105 ir \u012fsp\u0117ti apie ankstyvus demencijos po\u017eymius. Jau kit\u0105 m\u0117nes\u012f \u0161i technologija gali tapti prieinama vartotojams.<\/p>\n<p>Remiantis \u201eChosun Biz\u201c pateikta informacija, parodoje CES 2026 bendrov\u0117 pristatys paslaug\u0105 Brain Health. Ji analizuos kasdienius duomenis, surinktus i\u0161 i\u0161maniojo telefono ir d\u0117vimojo \u012frenginio, kad nustatyt\u0173 kognityvini\u0173 funkcij\u0173 poky\u010dius. Vis\u0173 pirma paslauga steb\u0117s vartotojo bals\u0105, eisen\u0105 ir miego re\u017eim\u0105.<\/p>\n<p>I\u0161 prad\u017ei\u0173 \u201eSamsung\u201c taip pat min\u0117jo planus analizuoti \u017einu\u010di\u0173 ra\u0161ymo modelius, spausdinimo greit\u012f ir program\u0117li\u0173 naudojim\u0105, ta\u010diau naujausioje ataskaitoje \u0161ie rodikliai nebeminimi.<\/p>\n<p><img loading=\"lazy\" decoding=\"async\" style=\"aspect-ratio:632\/356;\" src=\"https:\/\/bilis.lt\/assets\/nuotraukos\/_tekstuose\/785865\/Galaxy-S25-Ultra-3.avif\" width=\"632\" height=\"356\" alt=\"\"\/><\/p>\n<p>Paslauga \u201eBrain Health\u201c gal\u0117s teikti \u201eprofilaktines priemones\u201c, jei bus fiksuojami ankstyvi demencijos ar bendro kognityvini\u0173 geb\u0117jim\u0173 silpn\u0117jimo po\u017eymiai. Taip pat ji gal\u0117s \u012fsp\u0117ti artimuosius ar glob\u0117jus, jei i\u0161kilt\u0173 ekstremali situacija.<\/p>\n<p>Be to, vartotojui bus si\u016blomos individualizuotos smegen\u0173 treniravimo programos, skirtos kognityviniams \u012fg\u016bd\u017eiams gerinti.<\/p>\n<p>Siekiant apsaugoti duomenis, \u201eSamsung\u201c naudos saugumo platform\u0105 \u201eSamsung Knox\u201c, o informacija bus saugoma vietoje, \u012frenginyje. Tai tur\u0117t\u0173 padidinti duomen\u0173 saugum\u0105 ir konfidencialum\u0105.<\/p>\n<p><img loading=\"lazy\" decoding=\"async\" style=\"aspect-ratio:632\/421;\" src=\"https:\/\/bilis.lt\/assets\/nuotraukos\/_tekstuose\/500454\/Galaxy-Watch6_1.avif\" width=\"632\" height=\"421\" alt=\"\"\/><\/p>\n<p>Tiksli \u201eBrain Health\u201c paslaugos i\u0161leidimo data kol kas ne\u017einoma. Teigiama, kad jos k\u016brimas \u201ei\u0161 esm\u0117s u\u017ebaigtas\u201c, ta\u010diau bendrov\u0117 kartu su medicinos \u012fstaigomis dar atlieka klinikinius patikrinimus.<\/p>\n<p>\u201eSvarstome konkre\u010dius i\u0161leidimo terminus ir taikymo sritis, ta\u010diau planuojame \u0161i\u0105 paslaug\u0105 i\u0161kelti \u012f pirm\u0105 plan\u0105, toliau pl\u0117tojant sveikatos prie\u017ei\u016bros funkcijas\u201c, \u2013 nurod\u0117 \u201eSamsung\u201c atstovas.<\/p>\n","protected":false},"excerpt":{"rendered":"2025 m. rugs\u0117j\u012f \u201eSamsung\u201c pristat\u0117 technologij\u0105, kuri, pasitelkusi i\u0161man\u0173j\u012f telefon\u0105 ir i\u0161man\u0173j\u012f laikrod\u012f, gali steb\u0117ti smegen\u0173 veikl\u0105 ir&hellip;\n","protected":false},"author":2,"featured_media":75850,"comment_status":"","ping_status":"","sticky":false,"template":"","format":"standard","meta":{"footnotes":""},"categories":[17],"tags":[81,1636,1637,207,37,39,36,38,40,65,234,16666,5134,1403,16668,16667,1121,46],"class_list":{"0":"post-75849","1":"post","2":"type-post","3":"status-publish","4":"format-standard","5":"has-post-thumbnail","7":"category-verslas","8":"tag-business","9":"tag-dirbtinis","10":"tag-intelektas","11":"tag-jusu","12":"tag-lietuva","13":"tag-lietuviu","14":"tag-lithuania","15":"tag-lithuanian","16":"tag-lt","17":"tag-naujiena","18":"tag-netrukus","19":"tag-revoliucine","20":"tag-ruosia","21":"tag-samsung","22":"tag-smegenu","23":"tag-stebes","24":"tag-sveikata","25":"tag-verslas"},"share_on_mastodon":{"url":"https:\/\/pubeurope.com\/@lt\/115835578817124809","error":""},"_links":{"self":[{"href":"https:\/\/www.europesays.com\/lt\/wp-json\/wp\/v2\/posts\/75849","targetHints":{"allow":["GET"]}}],"collection":[{"href":"https:\/\/www.europesays.com\/lt\/wp-json\/wp\/v2\/posts"}],"about":[{"href":"https:\/\/www.europesays.com\/lt\/wp-json\/wp\/v2\/types\/post"}],"author":[{"embeddable":true,"href":"https:\/\/www.europesays.com\/lt\/wp-json\/wp\/v2\/users\/2"}],"replies":[{"embeddable":true,"href":"https:\/\/www.europesays.com\/lt\/wp-json\/wp\/v2\/comments?post=75849"}],"version-history":[{"count":0,"href":"https:\/\/www.europesays.com\/lt\/wp-json\/wp\/v2\/posts\/75849\/revisions"}],"wp:featuredmedia":[{"embeddable":true,"href":"https:\/\/www.europesays.com\/lt\/wp-json\/wp\/v2\/media\/75850"}],"wp:attachment":[{"href":"https:\/\/www.europesays.com\/lt\/wp-json\/wp\/v2\/media?parent=75849"}],"wp:term":[{"taxonomy":"category","embeddable":true,"href":"https:\/\/www.europesays.com\/lt\/wp-json\/wp\/v2\/categories?post=75849"},{"taxonomy":"post_tag","embeddable":true,"href":"https:\/\/www.europesays.com\/lt\/wp-json\/wp\/v2\/tags?post=75849"}],"curies":[{"name":"wp","href":"https:\/\/api.w.org\/{rel}","templated":true}]}}