{"id":76764,"date":"2026-01-05T12:57:12","date_gmt":"2026-01-05T12:57:12","guid":{"rendered":"https:\/\/www.europesays.com\/lt\/76764\/"},"modified":"2026-01-05T12:57:12","modified_gmt":"2026-01-05T12:57:12","slug":"vilniaus-televizijos-bokste-ivyko-tai-ko-vilnieciai-lauke-metus","status":"publish","type":"post","link":"https:\/\/www.europesays.com\/lt\/76764\/","title":{"rendered":"Vilniaus televizijos bok\u0161te \u012fvyko tai, ko vilnie\u010diai lauk\u0117 metus"},"content":{"rendered":"<p>Vilniaus televizijos bok\u0161te prad\u0117jo jud\u0117ti atnaujintas ratas. Poky\u010diai palies ne tik lankytoj\u0173 patirt\u012f, bet ir pat\u012f bok\u0161to vaizd\u0105, kuris vis da\u017eniau traukia vilnie\u010di\u0173 ir turist\u0173 d\u0117mes\u012f.<\/p>\n<p>Anot \u201eTelecentro\u201c generalinio direktorius Remigijaus \u0160erio, <a style=\"font-weight:bold;\" href=\"https:\/\/madeinvilnius.lt\/tema\/restoranai-vilniuje\/\" target=\"_blank\" rel=\"nofollow noopener\">restorano<\/a> platforma jau sukasi, o baland\u017eio m\u0117nes\u012f joje bus kvie\u010diami apsilankyti visi norintys lankytojai.<\/p>\n<p>\u201eGali atrodyti, kad ratas sukasi l\u0117tai, ta\u010diau apsuka piln\u0105 rat\u0105 per 45 minutes\u201c, \u2013 teig\u0117 jis.<\/p>\n<p>Atnaujinimai palies ir interjero sprendimus. Anot projekto vykdytoj\u0173, pasikeis grind\u0173 konstrukcija bei lang\u0173 i\u0161d\u0117stymas, tod\u0117l lankytojams atsivers dar atviresn\u0117 erdv\u0117 ir stipresnis auk\u0161\u010dio poj\u016btis.<\/p>\n<p>\u201eDabar visos grindys pilnai suksis, o langas bus nuleistas \u017eemiau. Jausis, kad s\u0117dime atviroje erdv\u0117je\u201c, \u2013 pasakojo R. \u0160eris.<\/p>\n<p>Ne ma\u017eiau d\u0117mesio sulaukia ir bok\u0161to ap\u0161vietimas. Vilnie\u010diai pasteb\u0117jo, kad Vilniaus televizijos bok\u0161tas beveik kas vakar\u0105 nu\u0161vinta vis kitomis spalvomis \u2013 nuo \u017ealios iki raudonos ar oran\u017ein\u0117s. \u0160tai prie\u0161 \u0161ventes bok\u0161tas mirg\u0117jo \u012fvairi\u0173 spalv\u0173 deriniais.<\/p>\n<p>\u201eB\u016bna \u012fvairi\u0173 prog\u0173, tad turime skirtingus u\u017esakymus. Su maltie\u010diai buvo sutarta, kad \u0161viesime raudona spalva. O \u0161tai, pavyzd\u017eiui, M. K. \u010ciurlionio 150 metini\u0173 proga turime \u201e\u0161okant\u012f\u201c bok\u0161t\u0105, t. y. kombinacija tarp M. K. \u010ciurlionio muzikos ir spalv\u0173\u201c, \u2013 dalijosi pa\u0161nekovas.<\/p>\n<p>Galimyb\u0117 pasirinkti bok\u0161to spalv\u0105 atsiranda ir gyventojams, pavyzd\u017eiui, gimtadieni\u0173 ar kit\u0173 asmenini\u0173 prog\u0173 metu. Vis d\u0117lto tam tikrais laikotarpiais galioja i\u0161imtys.<\/p>\n<p>\u201e\u017dmon\u0117s ir per gimtadienius gali u\u017esakyti, kad bok\u0161tas \u0161viest\u0173, pavyzd\u017eiui, geltonai. Tiesa, ne \u0161iuo laikotarpiu, nes Nauj\u0173j\u0173 met\u0173 bei Kal\u0117d\u0173 proga bok\u0161tas \u0161vie\u010dia \u017ealiai\u201c, \u2013 kalb\u0117jo R. \u0160eris.<\/p>\n<p>Ap\u0161vietimo technologijos per pastar\u0105j\u012f de\u0161imtmet\u012f taip pat gerokai pasikeit\u0117. Anks\u010diau naudotos lemput\u0117s buvo pakeistos modernesniais sprendimais, leid\u017eian\u010diais ne tik kurti \u012fsp\u016bdingus vaizdus, bet ir u\u017etikrinti didesn\u012f saugum\u0105.<\/p>\n<p>\u201eLemput\u0117mis bok\u0161tas \u0161viet\u0117 2014 metais. Tiesa, \u0161is projektas jau pasen\u0119s. Be to, ne visos saugumo priemon\u0117s buvo i\u0161naudotos, tad koncepcij\u0105 pakeit\u0117me. \u0160iuolaikini\u0173 technologij\u0173 pasaulyje, ledini\u0173 pro\u017eektori\u0173 pagalba, galime ir ap\u0161viesti, ir d\u017eiuginti vilnie\u010dius\u201c, \u2013 nesl\u0117p\u0117 pa\u0161nekovas.<\/p>\n<p>Atnaujintas ratas ir modernus ap\u0161vietimas leid\u017eia Vilniaus televizijos bok\u0161tui tapti dar patrauklesniu traukos objektu tiek miestie\u010diams, tiek sostin\u0117s sve\u010diams.<\/p>\n<p>Autorius: Arnas Maz\u0117tis I LNK.LT<\/p>\n","protected":false},"excerpt":{"rendered":"Vilniaus televizijos bok\u0161te prad\u0117jo jud\u0117ti atnaujintas ratas. Poky\u010diai palies ne tik lankytoj\u0173 patirt\u012f, bet ir pat\u012f bok\u0161to vaizd\u0105,&hellip;\n","protected":false},"author":2,"featured_media":76765,"comment_status":"","ping_status":"","sticky":false,"template":"","format":"standard","meta":{"footnotes":""},"categories":[13],"tags":[25,30,31,34,35,24,32,33,37,39,36,38,40,65,23,22,28,29,26,27,2573],"class_list":{"0":"post-76764","1":"post","2":"type-post","3":"status-publish","4":"format-standard","5":"has-post-thumbnail","7":"category-lietuva","8":"tag-antrastes","9":"tag-breaking-news","10":"tag-breakingnews","11":"tag-featured-news","12":"tag-featurednews","13":"tag-headlines","14":"tag-latest-news","15":"tag-latestnews","16":"tag-lietuva","17":"tag-lietuviu","18":"tag-lithuania","19":"tag-lithuanian","20":"tag-lt","21":"tag-naujiena","22":"tag-naujienos","23":"tag-news","24":"tag-populiariausios-naujienos","25":"tag-populiariausiosnaujienos","26":"tag-top-stories","27":"tag-topstories","28":"tag-tv-bokstas"},"share_on_mastodon":{"url":"https:\/\/pubeurope.com\/@lt\/115842609481449041","error":""},"_links":{"self":[{"href":"https:\/\/www.europesays.com\/lt\/wp-json\/wp\/v2\/posts\/76764","targetHints":{"allow":["GET"]}}],"collection":[{"href":"https:\/\/www.europesays.com\/lt\/wp-json\/wp\/v2\/posts"}],"about":[{"href":"https:\/\/www.europesays.com\/lt\/wp-json\/wp\/v2\/types\/post"}],"author":[{"embeddable":true,"href":"https:\/\/www.europesays.com\/lt\/wp-json\/wp\/v2\/users\/2"}],"replies":[{"embeddable":true,"href":"https:\/\/www.europesays.com\/lt\/wp-json\/wp\/v2\/comments?post=76764"}],"version-history":[{"count":0,"href":"https:\/\/www.europesays.com\/lt\/wp-json\/wp\/v2\/posts\/76764\/revisions"}],"wp:featuredmedia":[{"embeddable":true,"href":"https:\/\/www.europesays.com\/lt\/wp-json\/wp\/v2\/media\/76765"}],"wp:attachment":[{"href":"https:\/\/www.europesays.com\/lt\/wp-json\/wp\/v2\/media?parent=76764"}],"wp:term":[{"taxonomy":"category","embeddable":true,"href":"https:\/\/www.europesays.com\/lt\/wp-json\/wp\/v2\/categories?post=76764"},{"taxonomy":"post_tag","embeddable":true,"href":"https:\/\/www.europesays.com\/lt\/wp-json\/wp\/v2\/tags?post=76764"}],"curies":[{"name":"wp","href":"https:\/\/api.w.org\/{rel}","templated":true}]}}