{"id":77380,"date":"2026-01-06T08:09:57","date_gmt":"2026-01-06T08:09:57","guid":{"rendered":"https:\/\/www.europesays.com\/lt\/77380\/"},"modified":"2026-01-06T08:09:57","modified_gmt":"2026-01-06T08:09:57","slug":"pagyvene-zmones-liko-be-pinigu-respublika-lt","status":"publish","type":"post","link":"https:\/\/www.europesays.com\/lt\/77380\/","title":{"rendered":"Pagyven\u0119 \u017emon\u0117s liko be pinig\u0173 &#8211; Respublika.lt"},"content":{"rendered":"<p style=\"text-align: justify;\" class=\"desktop_banner\">\u00a0<\/p>\n<p>Apie toki\u0105 situacij\u0105 \u201eVakaro \u017einioms&#8221; neseniai atvirai papasakojo asociacijos vadovas K\u0119stutis Makaravi\u010dius. Jis sako, kad organizacija, kuri i\u0161silaiko pati, nuolat ra\u0161o projektus, kad gaut\u0173 bent ka\u017ekok\u012f finansavim\u0105 i\u0161 valstyb\u0117s. Ta\u010diau projekt\u0173 finansavimo tvarkos tokios painios, kad kartais galima nueiti net \u201e\u012f minus\u0105&#8221;.<\/p>\n<p><img loading=\"lazy\" decoding=\"async\" src=\"https:\/\/www.europesays.com\/lt\/wp-content\/uploads\/2026\/01\/photo_4723724_1.jpg\" alt=\"\" width=\"580\" height=\"290\"\/><\/p>\n<p>\u201eJau prie\u0161 por\u0105 met\u0173 buvo atvejis, kai pateik\u0117me parai\u0161k\u0105. Mums buvo skirta ma\u017eiau bal\u0173, nes, kaip nurod\u0117, esame ne nevyriausybin\u0117 organizacija. Nors a\u0161 pokalbio telefonu metu sakiau, kad Registr\u0173 centro pa\u017eymoje yra nurodyta, kad esame u\u017eregistruoti kaip nevyriausybin\u0117 organizacija. Bet \u012f tai nebuvo sureaguota. Tuo metu socialin\u0117s apsaugos ir darbo ministr\u0117 buvo Monika Navickien\u0117.<\/p>\n<p>V\u0117liau susitikimo metu su ministre \u012fvardijau, kad kyla tokia problema. Man buvo pasakyta, kad tai \u017emogi\u0161kasis faktorius. Bet tai nelabai \u012ftikinamas argumentas, kai d\u0117l jo mes netenkame finansavimo&#8221;, &#8211; pasakoja asociacijos vadovas.<\/p>\n<p>Jis prisimena ir kit\u0105 atvej\u012f, kai SADM skelb\u0117 konkurs\u0105 \u012fsigyti ilgalaik\u012f material\u0173 turt\u0105: \u201eMes, kaip did\u017eiausia senjorus vienijanti organizacija, turinti 72 strukt\u016brinius padalinius, daug va\u017ein\u0117jame po Lietuv\u0105. Va\u017eiuojant su lengvuoju automobiliu, kartais n\u0117ra patogu. Prezidiumo nariai taip pat yra senjorai ir kartais i\u0161 lengvojo automobilio i\u0161lipti tiesiog sud\u0117tinga.<\/p>\n<p>Kai buvo paskelbtas konkursas, skambinau pasiteirauti, ar pagal j\u012f gal\u0117tume \u012fsigyti d\u0117v\u0117t\u0105 kemper\u012f, kur\u012f naudotume kaip savo biur\u0105 ant rat\u0173. Galima b\u016bt\u0173 patogiai atsis\u0117sti, i\u0161gerti arbatos, nueiti \u012f tualet\u0105, kad nereik\u0117t\u0173 nuolat stoti. Vykstant i\u0161 Vilniaus iki Klaip\u0117dos, tenka stoti net 4-5 kartus d\u0117l senjor\u0173 sveikatos problem\u0173. Pagrind\u017eiau tok\u012f \u012fsigijim\u0105 ir nurod\u017eiau, kad prisid\u0117tume ir patys. Papra\u0161\u0117me 10 000 eur\u0173 finansavimo tam. V\u0117liau ministerijoje buvau u\u017epultas, kaip dr\u012fstu toki\u0173 dalyk\u0173 nor\u0117ti. Pasakiau, kad kalb\u0117jau su atsakingu asmeniu ir jis patikino, kad galime tok\u012f pirkin\u012f \u012ftraukti. Jau buvome numat\u0119 \u0161\u012f pirkin\u012f, bet negavome finansavimo.<\/p>\n<p>Nors nurod\u017eiau, kad \u0161is transportas b\u016bt\u0173 atlik\u0119s penkias funkcijas. Juo gal\u0117tume ve\u017eti ir labdar\u0105, dalom\u0105j\u0105 med\u017eiag\u0105, kuri\u0105 kartu ve\u017eam\u0117s. Bet buvau apkaltintas ir nieko negavome.&#8221;<\/p>\n<p>Organizacij\u0105 i\u0161laiko pats<\/p>\n<p>Be to, pasak K.Makaravi\u010diaus, finansavimo galima netekti d\u0117l formali\u0173 prie\u017eas\u010di\u0173. \u201ePernai buvo paskelbtas naujas konkursas, skirtas organizacij\u0173 veiklai palaikyti. Gavome atsakym\u0105, kad negalime dalyvauti, nes neatitinkame formali\u0173j\u0173 reikalavim\u0173 tod\u0117l, kad 2023 m. 16 dien\u0173 Registr\u0173 centrui buvo pav\u0117luota pateikti finansini\u0173 atskait\u0173 rinkin\u012f. Nors 2024 metais, kai ir buvo paskelbtas konkursas, ataskaitos buvo priduotos laiku. \u0160is projektas gal\u0117jo b\u016bti dviej\u0173 met\u0173 finansavimas, kur\u012f praradome d\u0117l tokios prie\u017easties. M\u016bs\u0173 projektas buvo net nesvarstytas. Nors finansini\u0173 ataskait\u0173 pateikimas negali tur\u0117ti jokios \u012ftakos socialiniam projektui. Vis\u0105 t\u0105 laik\u0105 patalp\u0173 i\u0161laikymo, komunalini\u0173 paslaug\u0173 s\u0105skaitas dengiu i\u0161 savo ki\u0161en\u0117s. Per tris ketvir\u010dius susidaro apie 7000 eur\u0173. Organizacijos s\u0105skaita yra tu\u0161\u010dia. Nes vienintel\u0117s pajamos ir yra projektin\u0117s l\u0117\u0161os.<\/p>\n<p>A\u0161 pats negaunu pajam\u0173, nes b\u016bdamas \u0161iose pareigose negaliu \u012fsidarbinti. Visi susitikimai su institucijomis vyksta darbo valandomis. Joks darbdavys netoleruot\u0173 toki\u0173 dalyk\u0173.<\/p>\n<p>O i\u0161 valstyb\u0117s kontrolier\u0117s gavau informacijos, kad pati ministerija yra ne kart\u0105 pav\u0117lavusi teikti ataskaitas. Kai kurias net ir po pus\u0119 met\u0173. Kitame pokalbyje su ministerijos klerkais i\u0161k\u0117liau klausim\u0105, kad gal reik\u0117t\u0173 iniciatyvos, kad ir ministerija b\u016bt\u0173 nubausta u\u017e tokius dalykus. Kitaip taikomi dvejopi standartai. Mums negalima v\u0117luoti, o jie gali daryti k\u0105 nori&#8221;, &#8211; pasakoja senjor\u0173 atstovas.<\/p>\n<p>Naujausiu sm\u016bgiu, kaip sako K.Makaravi\u010dius, tapo paskutinis projektas, kur\u012f organizacija praktikoje buvo jau prad\u0117jusi \u012fgyvendinti: \u201eGaliausiai kantryb\u0117 tr\u016bko d\u0117l projekto, skirto senjorams dezinformacijos atpa\u017einimo tema. Projektai tur\u0117jo b\u016bti prad\u0117ti vykdyti liepos m\u0117nes\u012f ir trukti iki \u0161i\u0173 met\u0173 pabaigos. \u017dod\u017eiu mums buvo \u017eadama, kad m\u016bs\u0173 projektas, kurio metu tur\u0117jome paruo\u0161ti bro\u0161i\u016br\u0105, paskelbti straipsn\u012f laikra\u0161tyje, bus finansuotas. Ta\u010diau oficialaus atsakymo nesulauk\u0117me iki spalio m\u0117nesio. Galiausiai su\u017einojome, kad pagal balus u\u017e\u0117m\u0117me \u0161e\u0161t\u0105 viet\u0105, tod\u0117l mums finansavimas neskirtas. Vis\u0105 t\u0105 laik\u0105 jokios informacijos apie tai ne\u017einojome, nors a\u0161 nuolat vis dom\u0117jausi ir gird\u0117jau pa\u017eadus, kad tai kit\u0105, tai dar kit\u0105 savait\u0119 jau bus \u017eini\u0173.<\/p>\n<p>Spalio 1 d. minint Pagyvenusi\u0173 \u017emoni\u0173 dien\u0105, buvo i\u0161leistas m\u016bs\u0173 laikra\u0161tis \u201eSenjor\u0173 \u017eodis&#8221;. Ten ir buvo publikuotas pagal projekt\u0105 privalomas straipsnis apie tai, kaip atpa\u017einti dezinformacij\u0105. Laikra\u0161t\u012f i\u0161leidome ir tik po to su\u017einojome, kad finansavimo negausime. S\u0105skaita, kuri\u0105 tur\u0117siu apmok\u0117ti &#8211; 1000 eur\u0173. Tai v\u0117l bus i\u0161 mano ki\u0161en\u0117s. Projekto s\u0105lygas vis\u0105 t\u0105 laik\u0105 vykdome, o tik tada su\u017einau, kad jam net neskirtas finansavimas. Gerai, kad nesp\u0117jome dar planuotos bro\u0161i\u016bros paruo\u0161ti.&#8221;<\/p>\n<p>Jau\u010diasi nepatog\u016bs vald\u017eiai<\/p>\n<p>K.Makaravi\u010dius neslepia jau\u010diantis, kad j\u0173 organizacija vald\u017eiai tarsi nelabai patogi: \u201eBendravimas su institucij\u0173 atstovais da\u017eniausiai yra nelabai malonus. Vald\u017eiai mes labai nepatog\u016bs. Man\u0119s susitikimuose da\u017enai klausia, kod\u0117l a\u0161 toks piktas. Bet a\u0161 ne piktas. Jeigu viskas b\u016bt\u0173 gerai, a\u0161 visada atei\u010diau su \u0161ypsena ir d\u017eiaug\u010diausi bei liaupsin\u010diau vald\u017eios atstovus, bet kai \u012f susitikimus ateinu su problemomis, kuri\u0173 niekas nenori spr\u0119sti&#8230; Kai tik patariame, kaip b\u016bt\u0173 galima i\u0161spr\u0119sti vienas ar kitas situacijas, i\u0161girstu, kad \u010dia jau reik\u0117t\u0173 keisti \u012fstatymus ar rengti kokias pataisas. Suprask, daug darbo.&#8221;<\/p>\n<p>Jis sako daug bendraujantis su pana\u0161iomis organizacijomis u\u017esienyje, kur senjorai su tokiu vald\u017eios po\u017ei\u016briu nesusiduria. \u201eKai vieno renginio metu paklausiau atstov\u0117s i\u0161 Norvegijos, ar susiduria senjor\u0173 organizacijos j\u0173 \u0161alyje su patalp\u0173 ar finansavimo problemomis, klausim\u0105 reik\u0117jo pakartoti kelis kartus, nes ji jo net nesuprato. Jiems nesuprantama, kaip taip gali b\u016bti. Ji liko labai nustebinta.<\/p>\n<p>J\u0173 \u0161alyje, kai organizacija i\u0161kelia svarb\u0173 poreik\u012f, vyksta kone lenktyn\u0117s tarp centrin\u0117s ir vietos vald\u017eios, kas grei\u010diau ir geresn\u012f finansavim\u0105 paskirs. Ten viskas vyksta daug civilizuo\u010diau nei Lietuvoje. Pas mus atvirk\u0161\u010diai &#8211; klerkai, s\u0117d\u0117dami kabinetuose ir \u017ei\u016br\u0117dami per langus, patys nutaria, ko senjorai nori ir ko jiems reikia. Mes ateiname su puikiomis iniciatyvomis, bet su\u017einome, kad toki\u0173 projekt\u0173 finansavimo n\u0117ra&#8221;, &#8211; pasakoja K.Makaravi\u010dius.<\/p>\n<p>Finansavo pigesn\u012f projekt\u0105<\/p>\n<p>\u201eVakaro \u017einios&#8221; kreip\u0117si \u012f SADM su klausimais, ar \u012fprasta praktika, kai projektai jau turi b\u016bti \u012fgyvendinami, o \u017eini\u0173, kad jie nefinansuoti, organizacijos nesulaukia?<\/p>\n<p>Ministerijos komunikacijos skyrius tikina, kad min\u0117to projekto, skirto vyresnio am\u017eiaus \u017emoni\u0173 atsparumui dezinformacijai didinti, atrankos procesai ir terminai \u012fgyvendinti vadovaujantis nuostatais. Konkursui numatyta skirti valstyb\u0117s biud\u017eeto l\u0117\u0161\u0173 suma &#8211; 72 600 eur\u0173.<\/p>\n<p>Ministerija taip pat nurod\u0117, kad Pagyvenusi\u0173 \u017emoni\u0173 asociacijai ekspert\u0173 skirt\u0173 bal\u0173 vidurkis sudar\u0117 40 bal\u0173 ir projektas u\u017e\u0117m\u0117 6 viet\u0105. Tiek pat bal\u0173 konkurse surinko ir Lietuvos politini\u0173 kalini\u0173 ir tremtini\u0173 bendrijos projektas, u\u017e\u0117m\u0119s 5 viet\u0105. O pagal j\u0173 tvarkas, tokiu atveju finansuojamas projektas, kuriam pra\u0161omas ma\u017eesnis finansavimas. \u201eKadangi Lietuvos politini\u0173 kalini\u0173 ir tremtini\u0173 bendrijos pra\u0161oma suma projektui buvo ma\u017eesn\u0117 (11 888 Eur) nei Lietuvos pagyvenusi\u0173 asmen\u0173 asociacijos (15 000 Eur), Lietuvos politini\u0173 kalini\u0173 ir tremtini\u0173 bendrijos projektas i\u0161reitinguotoje ekspert\u0173 vertinimo suvestin\u0117je nurodytas auk\u0161tesn\u0117je &#8211; 5 vietoje.<\/p>\n<p>\u012evertinus tai, kad konkursui skirta valstyb\u0117s biud\u017eeto l\u0117\u0161\u0173 suma sudar\u0117  72 600 eur\u0173, o bendras gaut\u0173 projekt\u0173 l\u0117\u0161\u0173 poreikis 97 381,50 eur\u0173, 6 viet\u0105 u\u017e\u0117musiam Pagyvenusi\u0173 \u017emoni\u0173 asociacijos projektui ir 7 viet\u0105 u\u017e\u0117musiam Medardo \u010coboto tre\u010diojo am\u017eiaus universiteto projektui neu\u017eteko konkursui skirtos l\u0117\u0161\u0173 sumos ir jie buvo \u012ftraukti \u012f rezervini\u0173 projekt\u0173 s\u0105ra\u0161\u0105&#8221;, &#8211; nurod\u0117 ministerija.<\/p>\n","protected":false},"excerpt":{"rendered":"\u00a0 Apie toki\u0105 situacij\u0105 \u201eVakaro \u017einioms&#8221; neseniai atvirai papasakojo asociacijos vadovas K\u0119stutis Makaravi\u010dius. Jis sako, kad organizacija, kuri&hellip;\n","protected":false},"author":2,"featured_media":77381,"comment_status":"","ping_status":"","sticky":false,"template":"","format":"standard","meta":{"footnotes":""},"categories":[13],"tags":[25,16894,30,31,34,35,3515,24,32,33,37,39,36,38,40,16895,23,22,16893,28,29,3255,2253,26,27,1991],"class_list":{"0":"post-77380","1":"post","2":"type-post","3":"status-publish","4":"format-standard","5":"has-post-thumbnail","7":"category-lietuva","8":"tag-antrastes","9":"tag-asociacija","10":"tag-breaking-news","11":"tag-breakingnews","12":"tag-featured-news","13":"tag-featurednews","14":"tag-finansavimas","15":"tag-headlines","16":"tag-latest-news","17":"tag-latestnews","18":"tag-lietuva","19":"tag-lietuviu","20":"tag-lithuania","21":"tag-lithuanian","22":"tag-lt","23":"tag-makaravicius","24":"tag-naujienos","25":"tag-news","26":"tag-pagyvenusiu","27":"tag-populiariausios-naujienos","28":"tag-populiariausiosnaujienos","29":"tag-sadm","30":"tag-senjorai","31":"tag-top-stories","32":"tag-topstories","33":"tag-zmoniu"},"share_on_mastodon":{"url":"https:\/\/pubeurope.com\/@lt\/115847143279097424","error":""},"_links":{"self":[{"href":"https:\/\/www.europesays.com\/lt\/wp-json\/wp\/v2\/posts\/77380","targetHints":{"allow":["GET"]}}],"collection":[{"href":"https:\/\/www.europesays.com\/lt\/wp-json\/wp\/v2\/posts"}],"about":[{"href":"https:\/\/www.europesays.com\/lt\/wp-json\/wp\/v2\/types\/post"}],"author":[{"embeddable":true,"href":"https:\/\/www.europesays.com\/lt\/wp-json\/wp\/v2\/users\/2"}],"replies":[{"embeddable":true,"href":"https:\/\/www.europesays.com\/lt\/wp-json\/wp\/v2\/comments?post=77380"}],"version-history":[{"count":0,"href":"https:\/\/www.europesays.com\/lt\/wp-json\/wp\/v2\/posts\/77380\/revisions"}],"wp:featuredmedia":[{"embeddable":true,"href":"https:\/\/www.europesays.com\/lt\/wp-json\/wp\/v2\/media\/77381"}],"wp:attachment":[{"href":"https:\/\/www.europesays.com\/lt\/wp-json\/wp\/v2\/media?parent=77380"}],"wp:term":[{"taxonomy":"category","embeddable":true,"href":"https:\/\/www.europesays.com\/lt\/wp-json\/wp\/v2\/categories?post=77380"},{"taxonomy":"post_tag","embeddable":true,"href":"https:\/\/www.europesays.com\/lt\/wp-json\/wp\/v2\/tags?post=77380"}],"curies":[{"name":"wp","href":"https:\/\/api.w.org\/{rel}","templated":true}]}}