{"id":77493,"date":"2026-01-06T10:49:15","date_gmt":"2026-01-06T10:49:15","guid":{"rendered":"https:\/\/www.europesays.com\/lt\/77493\/"},"modified":"2026-01-06T10:49:15","modified_gmt":"2026-01-06T10:49:15","slug":"endrickas-pripazino-jog-ancelotti-jam-patare-palikti-real","status":"publish","type":"post","link":"https:\/\/www.europesays.com\/lt\/77493\/","title":{"rendered":"Endrickas pripa\u017eino, jog Ancelotti jam patar\u0117 palikti \u201eReal\u201c"},"content":{"rendered":"<p style=\"text-align: justify;\">Brazilijos rinktin\u0117s puol\u0117jas Endrickas pripa\u017eino, jog pasinaudojo Carlo Ancelotti patarimu palikti Madrido \u201eReal\u201c ir nuomos pagrindais persik\u0117l\u0117 rungtyniauti \u012f \u201eLyon\u201c iki \u0161io sezono pabaigos.<\/p>\n<p style=\"text-align: justify;\">Taip, kalb\u0117jau apie tai su Carlo. Jis man dav\u0117 nurodymus, k\u0105 tur\u0117\u010diau padaryti, kad patobul\u0117\u010diau ir tai mane labai sujaudino. Jis patar\u0117 man palikti \u201eReal\u201c tam, jog gal\u0117\u010diau \u017eaisti, tobul\u0117\u010diau, gal\u0117\u010diau b\u016bti laimingas.<\/p>\n<p style=\"text-align: justify;\">\u017dinoma, \u0161is sprendimas yra mano, ta\u010diau Carlo atliko tam tikr\u0105 vaidmen\u012f, nes jis yra puikus treneris\u201c, \u2013 kalb\u0117jo jaunasis futbolininkas.<\/p>\n<p>Endrickas su\u017eaid\u0117 vos trejas rungtynes atstovaudamas \u201eKarali\u0161kajam\u201c klubui \u0161iame sezone. Pastarasis prisijung\u0117 prie \u201eLyon\u201c komandos, kuri tobul\u0117ja jai vadovaujant portugalui Paulo Fonseca.<\/p>\n<p>\u201eTai, kad techniniame personale dirba portugalai yra labai gerai, nes mane jau treniravo portugalas Abelis Ferreira \u201ePalmeiras\u201c klube. Man tai yra gerai, nes \u017einau, kaip jie dirba. Tai buvo pliusas\u201c, \u2013 teig\u0117 Endrickas.<\/p>\n<p>\u00a0<\/p>\n","protected":false},"excerpt":{"rendered":"Brazilijos rinktin\u0117s puol\u0117jas Endrickas pripa\u017eino, jog pasinaudojo Carlo Ancelotti patarimu palikti Madrido \u201eReal\u201c ir nuomos pagrindais persik\u0117l\u0117 rungtyniauti&hellip;\n","protected":false},"author":2,"featured_media":77494,"comment_status":"","ping_status":"","sticky":false,"template":"","format":"standard","meta":{"footnotes":""},"categories":[19],"tags":[57,43,55,48,54,51,49,50,37,39,36,38,40,45,23,44,53,42,56,47,112,104,46,58,52],"class_list":{"0":"post-77493","1":"post","2":"type-post","3":"status-publish","4":"format-standard","5":"has-post-thumbnail","7":"category-sportas","8":"tag-daiktai","9":"tag-dienos-kronika","10":"tag-gatves-tekstai","11":"tag-gyvenimas","12":"tag-interneto-pievos","13":"tag-keliones","14":"tag-kultura","15":"tag-laisvalaikis","16":"tag-lietuva","17":"tag-lietuviu","18":"tag-lithuania","19":"tag-lithuanian","20":"tag-lt","21":"tag-mokslas-ir-it","22":"tag-naujienos","23":"tag-pasaulis","24":"tag-projektai","25":"tag-rinktiniai-tekstai","26":"tag-simtmecio-portalas","27":"tag-sportas","28":"tag-sportas-lt","29":"tag-sports","30":"tag-verslas","31":"tag-video","32":"tag-zaidimai"},"share_on_mastodon":{"url":"https:\/\/pubeurope.com\/@lt\/115847768488477314","error":""},"_links":{"self":[{"href":"https:\/\/www.europesays.com\/lt\/wp-json\/wp\/v2\/posts\/77493","targetHints":{"allow":["GET"]}}],"collection":[{"href":"https:\/\/www.europesays.com\/lt\/wp-json\/wp\/v2\/posts"}],"about":[{"href":"https:\/\/www.europesays.com\/lt\/wp-json\/wp\/v2\/types\/post"}],"author":[{"embeddable":true,"href":"https:\/\/www.europesays.com\/lt\/wp-json\/wp\/v2\/users\/2"}],"replies":[{"embeddable":true,"href":"https:\/\/www.europesays.com\/lt\/wp-json\/wp\/v2\/comments?post=77493"}],"version-history":[{"count":0,"href":"https:\/\/www.europesays.com\/lt\/wp-json\/wp\/v2\/posts\/77493\/revisions"}],"wp:featuredmedia":[{"embeddable":true,"href":"https:\/\/www.europesays.com\/lt\/wp-json\/wp\/v2\/media\/77494"}],"wp:attachment":[{"href":"https:\/\/www.europesays.com\/lt\/wp-json\/wp\/v2\/media?parent=77493"}],"wp:term":[{"taxonomy":"category","embeddable":true,"href":"https:\/\/www.europesays.com\/lt\/wp-json\/wp\/v2\/categories?post=77493"},{"taxonomy":"post_tag","embeddable":true,"href":"https:\/\/www.europesays.com\/lt\/wp-json\/wp\/v2\/tags?post=77493"}],"curies":[{"name":"wp","href":"https:\/\/api.w.org\/{rel}","templated":true}]}}