{"id":77715,"date":"2026-01-06T15:53:56","date_gmt":"2026-01-06T15:53:56","guid":{"rendered":"https:\/\/www.europesays.com\/lt\/77715\/"},"modified":"2026-01-06T15:53:56","modified_gmt":"2026-01-06T15:53:56","slug":"salcininkiete-nuteista-del-neteiseto-praturtejimo-jos-kieme-pozeminis-tunelis","status":"publish","type":"post","link":"https:\/\/www.europesays.com\/lt\/77715\/","title":{"rendered":"\u0160al\u010dininkiet\u0117 nuteista d\u0117l neteis\u0117to praturt\u0117jimo, jos kieme \u2013 po\u017eeminis tunelis"},"content":{"rendered":"<p>Bylos duomenimis nuteistoji, gimusi 1962 m., laikotarpiu nuo 2019 iki 2022 m. nuosavyb\u0117s teise tur\u0117jo didesn\u0117s nei 900 MGL vert\u0117s <a rel=\"noopener nofollow\" target=\"_blank\" href=\"https:\/\/www.delfi.lt\/temos\/turtas\" tag-id=\"60489059\">turt\u0105<\/a>, \u017einodama, kad tas turtas negal\u0117jo b\u016bti \u012fgytas teis\u0117tomis pajamomis.<\/p>\n<p>Moteris \u0161iuo laikotarpiu sostin\u0117je \u012fsigijo kelis butus, administracines patalpas bei kito nekilnojamojo turto (NT), kurio \u012fsigijimui dalis panaudot\u0173 l\u0117\u0161\u0173 buvo neteis\u0117tos pajamos.<\/p>\n<p>Nors moteris savo kalt\u0117s nepripa\u017eino, teigdama, kad NT \u012fsigijo u\u017e skolintas l\u0117\u0161as, jos kalt\u0117 buvo \u012frodyta ikiteisminio tyrimo metu surinktai \u012frodymais, atlikus \u016bkin\u0117s finansin\u0117s veiklos tyrimus bei \u012fvertinus nuteistosios teis\u0117tas pajamas. Specialist\u0173 i\u0161vados leido pagr\u012fstai manyti, jog j\u0173 nepakako min\u0117tu laikotarpiu patirtoms i\u0161laidoms pagr\u012fsti.<\/p>\n<p>Teismas konstatavo, kad \u0160al\u010dinink\u0173 rajono gyventoja disponavo dokumentais nepatvirtintomis pajamomis ir nuosavyb\u0117s teise tur\u0117jo turto, kurio \u012fsigijimas nepagr\u012fstas teis\u0117tomis pajamomis u\u017e 139,3 t\u016bkst. eur\u0173.<\/p>\n<p>Ikiteismin\u012f tyrim\u0105 organizavo ir jam vadovavo Vilniaus apygardos prokurat\u016bros prokurorai, tyrim\u0105 atliko Finansini\u0173 nusikaltim\u0173 tyrimo tarnybos pareig\u016bnai.<\/p>\n<p>Ikiteisminio tyrimo metu prokuroro nutarimais buvo laikinai apribotos moters teis\u0117s \u012f dal\u012f turto, kuris buvo \u012fgytas u\u017e neteis\u0117tas pajamas. Teismo sprendimu, \u0161ie apribojimai palikti galioti iki nuosprend\u017eio \u012fvykdymo dienos.<\/p>\n<p>Pirmosios instancijos teismo nuosprendis gali b\u016bti skund\u017eiamas per 20 dien\u0173 apeliacine tvarka.<\/p>\n<p>Rastas slaptas tunelis<\/p>\n<p>Pra\u0117jusi\u0173 met\u0173 prad\u017eioje L. Po\u010diobut priklausan\u010dio namo kieme, kuris yra visai \u0161alia sienos su Baltarusija, rastas slaptas po\u017eeminis tunelis. <a rel=\"noopener follow nofollow\" target=\"_blank\" href=\"https:\/\/www.delfi.lt\/naujienos\/lietuvoje\/neitiketina-atomazga-slaptas-pozeminis-tunelis-pasienyje-su-baltarusija-visai-ne-kontrabandai-gabenti-120179111\" data-rel-date-range=\"[]\">Tiesa, kaip jau ra\u0161\u0117 \u201eDelfi\u201c, prokurat\u016bra nustat\u0117<\/a>, kad tunelis nekerta valstyb\u0117s sienos, tod\u0117l ikiteisminis tyrimas nutrauktas. <\/p>\n<p>L. Po\u010diobut advokatas Dainius Dargevi\u010dius tada \u201eDelfi\u201c sak\u0117, kad jo klientei tunelio atradimas taip pat buvo staigmena, jokie \u012ftarimai jai niekada nepateikti. <\/p>\n<p>\u201eAtva\u017eiavo gaisrininkai, i\u0161pjov\u0117 betonines grindis ir pamat\u0117 ka\u017ekok\u012f tunel\u012f, \u2013 pasakojo D. Dargevi\u010dius. \u2013 Ji nieko ne\u017einojo apie t\u0105 tunel\u012f, jis buvo u\u017ebetonuotas.\u201c<\/p>\n<p>Prokurat\u016bra surinkt\u0105 med\u017eiag\u0105 perdav\u0117 Statyb\u0173 inspekcijai, kuri konstatavo, kad tunelis \u2013 nelegalus statinys, kur\u012f savinink\u0119 \u012fpareigojo nugriauti. <\/p>\n<p>Ta\u010diau sklypo savinink\u0117 tok\u012f inspektori\u0173 nurodym\u0105 apskund\u0117 ir bando \u012frodyti, kad jos teritorijoje yra tik 3 metrai tunelio, o kita 19-os metr\u0173 dalis \u2013 nesuformuotame valstybin\u0117s \u017eem\u0117s sklype, u\u017e kur\u012f atsakinga Nacionalin\u0117 \u017eem\u0117s tarnyba. <\/p>\n<p>D. Dargevi\u010dius sak\u0117, iki tol, kol \u012f jo klient\u0117s kiem\u0105 atvyko pareig\u016bnai, ji net ne\u017einojo apie tunelio egzistavim\u0105. Jie ir \u0161iandien\u0105 neturi atsakymo nei kam tunelis skirtas, nei kada jis statytas. <\/p>\n<p>Pa\u0161nekovas pamin\u0117jo, kad prokurat\u016bros vykdytame ikiteisminiame tyrime jo klient\u0117 netur\u0117jo jokio procesinio statuso, tod\u0117l ne\u017einojo apie tyrimo nutraukim\u0105 ir negali susipa\u017einti su bylos med\u017eiaga. <\/p>\n","protected":false},"excerpt":{"rendered":"Bylos duomenimis nuteistoji, gimusi 1962 m., laikotarpiu nuo 2019 iki 2022 m. nuosavyb\u0117s teise tur\u0117jo didesn\u0117s nei 900&hellip;\n","protected":false},"author":2,"featured_media":9954,"comment_status":"","ping_status":"","sticky":false,"template":"","format":"standard","meta":{"footnotes":""},"categories":[6],"tags":[25,30,31,34,35,24,32,33,37,39,36,38,40,23,16962,22,28,29,4267,26,27,1805],"class_list":{"0":"post-77715","1":"post","2":"type-post","3":"status-publish","4":"format-standard","5":"has-post-thumbnail","7":"category-antrastes","8":"tag-antrastes","9":"tag-breaking-news","10":"tag-breakingnews","11":"tag-featured-news","12":"tag-featurednews","13":"tag-headlines","14":"tag-latest-news","15":"tag-latestnews","16":"tag-lietuva","17":"tag-lietuviu","18":"tag-lithuania","19":"tag-lithuanian","20":"tag-lt","21":"tag-naujienos","22":"tag-neteisetas-praturtejimas","23":"tag-news","24":"tag-populiariausios-naujienos","25":"tag-populiariausiosnaujienos","26":"tag-salcininku-rajonas","27":"tag-top-stories","28":"tag-topstories","29":"tag-turtas"},"share_on_mastodon":{"url":"https:\/\/pubeurope.com\/@lt\/115848967829524422","error":""},"_links":{"self":[{"href":"https:\/\/www.europesays.com\/lt\/wp-json\/wp\/v2\/posts\/77715","targetHints":{"allow":["GET"]}}],"collection":[{"href":"https:\/\/www.europesays.com\/lt\/wp-json\/wp\/v2\/posts"}],"about":[{"href":"https:\/\/www.europesays.com\/lt\/wp-json\/wp\/v2\/types\/post"}],"author":[{"embeddable":true,"href":"https:\/\/www.europesays.com\/lt\/wp-json\/wp\/v2\/users\/2"}],"replies":[{"embeddable":true,"href":"https:\/\/www.europesays.com\/lt\/wp-json\/wp\/v2\/comments?post=77715"}],"version-history":[{"count":0,"href":"https:\/\/www.europesays.com\/lt\/wp-json\/wp\/v2\/posts\/77715\/revisions"}],"wp:featuredmedia":[{"embeddable":true,"href":"https:\/\/www.europesays.com\/lt\/wp-json\/wp\/v2\/media\/9954"}],"wp:attachment":[{"href":"https:\/\/www.europesays.com\/lt\/wp-json\/wp\/v2\/media?parent=77715"}],"wp:term":[{"taxonomy":"category","embeddable":true,"href":"https:\/\/www.europesays.com\/lt\/wp-json\/wp\/v2\/categories?post=77715"},{"taxonomy":"post_tag","embeddable":true,"href":"https:\/\/www.europesays.com\/lt\/wp-json\/wp\/v2\/tags?post=77715"}],"curies":[{"name":"wp","href":"https:\/\/api.w.org\/{rel}","templated":true}]}}