{"id":77730,"date":"2026-01-06T16:23:35","date_gmt":"2026-01-06T16:23:35","guid":{"rendered":"https:\/\/www.europesays.com\/lt\/77730\/"},"modified":"2026-01-06T16:23:35","modified_gmt":"2026-01-06T16:23:35","slug":"plunges-meras-skyre-desimtis-tukstanciu-euru-kovai-su-sniegu","status":"publish","type":"post","link":"https:\/\/www.europesays.com\/lt\/77730\/","title":{"rendered":"Plung\u0117s meras skyr\u0117 de\u0161imtis t\u016bkstan\u010di\u0173 eur\u0173 kovai su sniegu"},"content":{"rendered":"<p>Sausio 5 dien\u0105 Plung\u0117s rajono savivaldyb\u0117je surengtas Ekstremali\u0173j\u0173 situacij\u0173 operacij\u0173 centro pos\u0117dis, kurio metu svarstytas vienas klausimas \u2013 d\u0117l stichinio pavojingo meteorologinio rei\u0161kinio \u2013 smarkaus snygio atvej\u0173 (ekstremali\u0173j\u0173 \u012fvyki\u0173), kurie fiksuoti sausio 1\u20135 dienomis, ir j\u0173 sukelt\u0173 pasekmi\u0173 Plung\u0117s rajono savivaldyb\u0117s teritorijoje.<\/p>\n","protected":false},"excerpt":{"rendered":"Sausio 5 dien\u0105 Plung\u0117s rajono savivaldyb\u0117je surengtas Ekstremali\u0173j\u0173 situacij\u0173 operacij\u0173 centro pos\u0117dis, kurio metu svarstytas vienas klausimas \u2013&hellip;\n","protected":false},"author":2,"featured_media":77731,"comment_status":"","ping_status":"","sticky":false,"template":"","format":"standard","meta":{"footnotes":""},"categories":[13],"tags":[25,30,31,34,35,24,32,33,37,39,36,38,40,23,22,28,29,26,27],"class_list":{"0":"post-77730","1":"post","2":"type-post","3":"status-publish","4":"format-standard","5":"has-post-thumbnail","7":"category-lietuva","8":"tag-antrastes","9":"tag-breaking-news","10":"tag-breakingnews","11":"tag-featured-news","12":"tag-featurednews","13":"tag-headlines","14":"tag-latest-news","15":"tag-latestnews","16":"tag-lietuva","17":"tag-lietuviu","18":"tag-lithuania","19":"tag-lithuanian","20":"tag-lt","21":"tag-naujienos","22":"tag-news","23":"tag-populiariausios-naujienos","24":"tag-populiariausiosnaujienos","25":"tag-top-stories","26":"tag-topstories"},"share_on_mastodon":{"url":"https:\/\/pubeurope.com\/@lt\/115849081841877826","error":""},"_links":{"self":[{"href":"https:\/\/www.europesays.com\/lt\/wp-json\/wp\/v2\/posts\/77730","targetHints":{"allow":["GET"]}}],"collection":[{"href":"https:\/\/www.europesays.com\/lt\/wp-json\/wp\/v2\/posts"}],"about":[{"href":"https:\/\/www.europesays.com\/lt\/wp-json\/wp\/v2\/types\/post"}],"author":[{"embeddable":true,"href":"https:\/\/www.europesays.com\/lt\/wp-json\/wp\/v2\/users\/2"}],"replies":[{"embeddable":true,"href":"https:\/\/www.europesays.com\/lt\/wp-json\/wp\/v2\/comments?post=77730"}],"version-history":[{"count":0,"href":"https:\/\/www.europesays.com\/lt\/wp-json\/wp\/v2\/posts\/77730\/revisions"}],"wp:featuredmedia":[{"embeddable":true,"href":"https:\/\/www.europesays.com\/lt\/wp-json\/wp\/v2\/media\/77731"}],"wp:attachment":[{"href":"https:\/\/www.europesays.com\/lt\/wp-json\/wp\/v2\/media?parent=77730"}],"wp:term":[{"taxonomy":"category","embeddable":true,"href":"https:\/\/www.europesays.com\/lt\/wp-json\/wp\/v2\/categories?post=77730"},{"taxonomy":"post_tag","embeddable":true,"href":"https:\/\/www.europesays.com\/lt\/wp-json\/wp\/v2\/tags?post=77730"}],"curies":[{"name":"wp","href":"https:\/\/api.w.org\/{rel}","templated":true}]}}