{"id":77737,"date":"2026-01-06T16:35:44","date_gmt":"2026-01-06T16:35:44","guid":{"rendered":"https:\/\/www.europesays.com\/lt\/77737\/"},"modified":"2026-01-06T16:35:44","modified_gmt":"2026-01-06T16:35:44","slug":"kapciamiescio-bendruomene-kreipesi-i-valstybes-institucijas","status":"publish","type":"post","link":"https:\/\/www.europesays.com\/lt\/77737\/","title":{"rendered":"Kap\u010diamies\u010dio bendruomen\u0117 kreip\u0117si \u012f valstyb\u0117s institucijas"},"content":{"rendered":"<p>\u201eNuo tada, kai buvo paskelbta apie planuojam\u0105 karin\u012f <a rel=\"noopener nofollow\" target=\"_blank\" href=\"https:\/\/www.delfi.lt\/temos\/poligonas\" tag-id=\"63241424\">poligon\u0105<\/a>, m\u016bs\u0173 kra\u0161t\u0105 ap\u0117m\u0117 nerimas ir nuolatin\u0117 ne\u017einia. Ne\u017einia, ar rytoj dar tur\u0117sime namus. Ne\u017einia, ar gal\u0117sime likti ten, kur gyveno \u00a0t\u0117vai ir seneliai. Ne\u017einia, ar visa tai, k\u0105 k\u016br\u0117me vis\u0105 gyvenim\u0105, nebus tiesiog nubraukta i\u0161 \u017eem\u0117lapio ir istorijos. Senjorai sako, kad nebemiega. \u017dmon\u0117s prad\u0117jo gerti raminamuosius. T\u0117vai slepia a\u0161aras nuo vaik\u0173, bet vaikai visk\u0105 jau\u010dia. Tai ne panika. Tai \u2013 bendruomen\u0117s trauma\u201c, \u2013 ra\u0161oma bendruomen\u0117s socialinio tinklo \u201eFacebook\u201c paskyroje.\u00a0<\/p>\n<p>\u201eDid\u017eiausia \u017eala \u0161iandien daroma ne sprendimais, o tyla ir \u201esausais\u201c paai\u0161kinimais, kuriuose n\u0117ra vietos \u017emogui. Kalbama apie hektarus, bet ne apie gyvenimus. Apie strategijas, bet ne apie \u0161irdis. Ne apie Lietuv\u0105. Tod\u0117l mes pra\u0161ome vieno \u2013 pagalbos \u017emon\u0117ms. Ne v\u0117liau. Ne po sprendim\u0173. Dabar. Mes pra\u0161ome: psicholog\u0173, kurie atvykt\u0173 \u012f Kap\u010diamiest\u012f ir aplinkinius kaimus, emocin\u0117s pagalbos, vietos \/ telefono linijos, kur b\u016bt\u0173 galima i\u0161sikalb\u0117ti, pasikonsultuoti, nusiraminti\u201c, \u2013 i\u0161platintame parei\u0161kime akcentuoja bendruomen\u0117.\u00a0<\/p>\n<p>Antradien\u012f parengtas kreipimasis adresuotas Sveikatos apsaugos ir Kra\u0161to apsaugos ministerijoms, Seimui bei Lazdij\u0173 rajono savivaldybei.\u00a0<\/p>\n<p>Kaip ELTA skelb\u0117 anks\u010diau, Valstyb\u0117s gynimo taryba (VGT) pri\u0117m\u0117 sprendim\u0105 steigti brigados dyd\u017eio Kap\u010diamies\u010dio poligon\u0105 Lazdij\u0173 savivaldyb\u0117je.\u00a0<\/p>\n<p>Be to, nuspr\u0119sta, kad Taurag\u0117je esan\u010dio poligono plotas bus dvigubai didinamas, i\u0161ple\u010diant jo teritorij\u0105 \u012f Jurbarko savivaldyb\u0119.\u00a0<\/p>\n<p>Prezidento patar\u0117jas Deividas Matulionis pabr\u0117\u017e\u0117, kad steigiant poligonus, naud\u0105 gaus ir savivaldyb\u0117s.\u00a0<\/p>\n<p>Vis d\u0117lto, Kap\u010diamies\u010dio seni\u016bnijos gyventojai tokiam VGT sprendimui nepritaria.\u00a0<\/p>\n<p>ELTA primena, kad spal\u012f KAM su Lietuvos savivaldybi\u0173 asociacija (LSA) pasira\u0161\u0117 bendradarbiavimo susitarim\u0105, d\u0117l naud\u0173 paketo savivaldyb\u0117ms, kuri\u0173 teritorijoje jau yra arba ateityje bus \u012fsteigti kariniai poligonai.<\/p>\n<p>Brigados dyd\u017eio poligon\u0105 norima \u012fsteigti siekiant atliepti kariuomen\u0117s modernizacij\u0105, augant\u012f \u0161auktini\u0173 skai\u010di\u0173, vystom\u0105 nacionalin\u0119 divizij\u0105 ir did\u0117jan\u010dias s\u0105junginink\u0173 paj\u0117gas. Apie naujojo poligono poreik\u012f dar kovo prad\u017eioje u\u017esimin\u0117 kariuomen\u0117s vadas Raimundas Vaik\u0161noras, kuris teig\u0117, kad tinkamiausia vieta b\u016bt\u0173 Piet\u0173 Lietuva.<\/p>\n","protected":false},"excerpt":{"rendered":"\u201eNuo tada, kai buvo paskelbta apie planuojam\u0105 karin\u012f poligon\u0105, m\u016bs\u0173 kra\u0161t\u0105 ap\u0117m\u0117 nerimas ir nuolatin\u0117 ne\u017einia. Ne\u017einia, ar&hellip;\n","protected":false},"author":2,"featured_media":77738,"comment_status":"","ping_status":"","sticky":false,"template":"","format":"standard","meta":{"footnotes":""},"categories":[13],"tags":[25,30,31,34,35,24,14665,32,33,37,39,36,38,40,23,22,2505,28,29,26,27],"class_list":{"0":"post-77737","1":"post","2":"type-post","3":"status-publish","4":"format-standard","5":"has-post-thumbnail","7":"category-lietuva","8":"tag-antrastes","9":"tag-breaking-news","10":"tag-breakingnews","11":"tag-featured-news","12":"tag-featurednews","13":"tag-headlines","14":"tag-kapciamiestis","15":"tag-latest-news","16":"tag-latestnews","17":"tag-lietuva","18":"tag-lietuviu","19":"tag-lithuania","20":"tag-lithuanian","21":"tag-lt","22":"tag-naujienos","23":"tag-news","24":"tag-poligonas","25":"tag-populiariausios-naujienos","26":"tag-populiariausiosnaujienos","27":"tag-top-stories","28":"tag-topstories"},"share_on_mastodon":{"url":"https:\/\/pubeurope.com\/@lt\/115849129035911136","error":""},"_links":{"self":[{"href":"https:\/\/www.europesays.com\/lt\/wp-json\/wp\/v2\/posts\/77737","targetHints":{"allow":["GET"]}}],"collection":[{"href":"https:\/\/www.europesays.com\/lt\/wp-json\/wp\/v2\/posts"}],"about":[{"href":"https:\/\/www.europesays.com\/lt\/wp-json\/wp\/v2\/types\/post"}],"author":[{"embeddable":true,"href":"https:\/\/www.europesays.com\/lt\/wp-json\/wp\/v2\/users\/2"}],"replies":[{"embeddable":true,"href":"https:\/\/www.europesays.com\/lt\/wp-json\/wp\/v2\/comments?post=77737"}],"version-history":[{"count":0,"href":"https:\/\/www.europesays.com\/lt\/wp-json\/wp\/v2\/posts\/77737\/revisions"}],"wp:featuredmedia":[{"embeddable":true,"href":"https:\/\/www.europesays.com\/lt\/wp-json\/wp\/v2\/media\/77738"}],"wp:attachment":[{"href":"https:\/\/www.europesays.com\/lt\/wp-json\/wp\/v2\/media?parent=77737"}],"wp:term":[{"taxonomy":"category","embeddable":true,"href":"https:\/\/www.europesays.com\/lt\/wp-json\/wp\/v2\/categories?post=77737"},{"taxonomy":"post_tag","embeddable":true,"href":"https:\/\/www.europesays.com\/lt\/wp-json\/wp\/v2\/tags?post=77737"}],"curies":[{"name":"wp","href":"https:\/\/api.w.org\/{rel}","templated":true}]}}