{"id":78861,"date":"2026-01-08T05:16:58","date_gmt":"2026-01-08T05:16:58","guid":{"rendered":"https:\/\/www.europesays.com\/lt\/78861\/"},"modified":"2026-01-08T05:16:58","modified_gmt":"2026-01-08T05:16:58","slug":"del-talucio-poelgio-pozicija-issake-ir-kaisiadoriu-vyskupija","status":"publish","type":"post","link":"https:\/\/www.europesays.com\/lt\/78861\/","title":{"rendered":"D\u0117l Talu\u010dio poelgio pozicij\u0105 i\u0161sak\u0117 ir Kai\u0161iadori\u0173 vyskupija"},"content":{"rendered":"<p>Vyskupija patvirtino, kad kunigas M. Talutis i\u0161ties pats susisiek\u0117 su vyskupu <a rel=\"noopener nofollow\" target=\"_blank\" href=\"https:\/\/www.delfi.lt\/temos\/jonas-ivanauskas\" tag-id=\"49721836\">Jonu Ivanausku<\/a> ir prane\u0161\u0117 apie tai, kas nutiko.<\/p>\n<p>\u201eJis nuo\u0161ird\u017eiai gail\u0117josi d\u0117l sukeltos situacijos, pripa\u017eino savo klaid\u0105 ir parei\u0161k\u0117 prisiimantis vis\u0105 atsakomyb\u0119 bei galimas pasekmes\u201c, \u2013 teig\u0117 Kai\u0161iadori\u0173 vyskupijos generalvikaras kunigas Rolandas Bi\u010dkauskas.<\/p>\n<p>Pasak jo, Kai\u0161iadori\u0173 <a rel=\"noopener nofollow\" target=\"_blank\" href=\"https:\/\/www.delfi.lt\/temos\/vyskupas\" tag-id=\"59320143\">vyskupas<\/a> \u0161i\u0105 \u017eini\u0105 sutiko su nuostaba ir li\u016bdesiu, nes kunigas M. Talutis iki \u0161iol pasi\u017eym\u0117jo stropumu ir atsakingumu.<\/p>\n<p>\u201eToks elgesys yra netoleruotinas, tod\u0117l, Jo Ekscelencijos sprendimu, kunigas Marius Talutis buvo grie\u017etai persp\u0117tas. Apgailestaujame, jei kunigo Mariaus elgesys k\u0105 nors \u012fskaudino ar papiktino\u201c, \u2013 komentavo Kai\u0161iadori\u0173 vyskupijos atstovas.<\/p>\n","protected":false},"excerpt":{"rendered":"Vyskupija patvirtino, kad kunigas M. Talutis i\u0161ties pats susisiek\u0117 su vyskupu Jonu Ivanausku ir prane\u0161\u0117 apie tai, kas&hellip;\n","protected":false},"author":2,"featured_media":78862,"comment_status":"","ping_status":"","sticky":false,"template":"","format":"standard","meta":{"footnotes":""},"categories":[13],"tags":[2550,25,30,31,34,35,24,17114,32,33,37,39,36,38,40,17117,23,17116,22,28,29,26,27,17115],"class_list":{"0":"post-78861","1":"post","2":"type-post","3":"status-publish","4":"format-standard","5":"has-post-thumbnail","7":"category-lietuva","8":"tag-alytus","9":"tag-antrastes","10":"tag-breaking-news","11":"tag-breakingnews","12":"tag-featured-news","13":"tag-featurednews","14":"tag-headlines","15":"tag-jonas-ivanauskas","16":"tag-latest-news","17":"tag-latestnews","18":"tag-lietuva","19":"tag-lietuviu","20":"tag-lithuania","21":"tag-lithuanian","22":"tag-lt","23":"tag-marius-talutis","24":"tag-naujienos","25":"tag-neblaivus-prie-vairo","26":"tag-news","27":"tag-populiariausios-naujienos","28":"tag-populiariausiosnaujienos","29":"tag-top-stories","30":"tag-topstories","31":"tag-vyskupas"},"share_on_mastodon":{"url":"https:\/\/pubeurope.com\/@lt\/115857787654438992","error":""},"_links":{"self":[{"href":"https:\/\/www.europesays.com\/lt\/wp-json\/wp\/v2\/posts\/78861","targetHints":{"allow":["GET"]}}],"collection":[{"href":"https:\/\/www.europesays.com\/lt\/wp-json\/wp\/v2\/posts"}],"about":[{"href":"https:\/\/www.europesays.com\/lt\/wp-json\/wp\/v2\/types\/post"}],"author":[{"embeddable":true,"href":"https:\/\/www.europesays.com\/lt\/wp-json\/wp\/v2\/users\/2"}],"replies":[{"embeddable":true,"href":"https:\/\/www.europesays.com\/lt\/wp-json\/wp\/v2\/comments?post=78861"}],"version-history":[{"count":0,"href":"https:\/\/www.europesays.com\/lt\/wp-json\/wp\/v2\/posts\/78861\/revisions"}],"wp:featuredmedia":[{"embeddable":true,"href":"https:\/\/www.europesays.com\/lt\/wp-json\/wp\/v2\/media\/78862"}],"wp:attachment":[{"href":"https:\/\/www.europesays.com\/lt\/wp-json\/wp\/v2\/media?parent=78861"}],"wp:term":[{"taxonomy":"category","embeddable":true,"href":"https:\/\/www.europesays.com\/lt\/wp-json\/wp\/v2\/categories?post=78861"},{"taxonomy":"post_tag","embeddable":true,"href":"https:\/\/www.europesays.com\/lt\/wp-json\/wp\/v2\/tags?post=78861"}],"curies":[{"name":"wp","href":"https:\/\/api.w.org\/{rel}","templated":true}]}}