{"id":78918,"date":"2026-01-08T07:27:08","date_gmt":"2026-01-08T07:27:08","guid":{"rendered":"https:\/\/www.europesays.com\/lt\/78918\/"},"modified":"2026-01-08T07:27:08","modified_gmt":"2026-01-08T07:27:08","slug":"fausta-marija-lesciauskaite-po-naujuju-prabilo-apie-skaudzia-tiesa-i-namus-jie-nebegris","status":"publish","type":"post","link":"https:\/\/www.europesays.com\/lt\/78918\/","title":{"rendered":"Fausta Marija Le\u0161\u010diauskait\u0117 po Nauj\u0173j\u0173 prabilo apie skaud\u017ei\u0105 ties\u0105: \u012f namus jie nebegr\u012f\u0161"},"content":{"rendered":"<p>Prie\u0161 pat did\u017ei\u0105j\u0105 met\u0173 \u0161vent\u0119 F. M. Le\u0161\u010diauskait\u0117 kreip\u0117si \u012f visuomen\u0119 aktualia tema. Kaip ir kasmet, svarstome, ar tikrai reikalinga Naujuosius pasitikti fejerverkais. \u201eKod\u0117l gyv\u016bnams keliame tokius nerealistinius standartus? Koks kvailys sugalvojo, kad stabilios psichikos \u0161uo turi nebijoti fejerverk\u0173?\u201c \u2013 t\u0105kart klaus\u0117 ji. <\/p>\n<p>Deja, prab\u0117gusios \u0161vent\u0117s atne\u0161\u0117 t\u0105 pa\u010di\u0105 problem\u0105. F. M. Le\u0161\u010diauskait\u0117 pasidalijo skaud\u017eia istorija ir pakviet\u0117 dar kart\u0105 susim\u0105styti apie augintini\u0173 \u0161eiminink\u0173 pareigas. <\/p>\n<p>\u201eNauj\u0173j\u0173 nakt\u012f ne vieni namai liko be \u0161uns. \u0160tai, ir Matas \u0117jo ie\u0161koti kaimyn\u0173 \u0161uns. Ne \u012f vienus namus tie \u0161uneliai nebegr\u012f\u0161. \u012e kaimyno \u2013 negr\u012f\u017eo. Ir realisti\u0161kai galvojant, vilties neb\u0117ra. <\/p>\n<p>Daugelis t\u0173 nam\u0173 kelet\u0105 dien\u0173 pali\u016bd\u0117s ir nusipirks nauj\u0105 \u0161uniuk\u0105. Ir dar vien\u0105. Pakeis kaip ka\u017ekur sve\u010diuose palikt\u0105 ir nebeatsiradus\u012f megztin\u012f. <\/p>\n<p>Pamenu, kad sulaukiau did\u017eiulio pyk\u010dio pasakiusi, kad \u0161un\u012f (ar bet kur\u012f kit\u0105 gyv\u0105 padar\u0105) auginti tur\u0117t\u0173 gal\u0117ti ne kiekvienas. Tai yra privilegija. <\/p>\n<p>Be abejon\u0117s, nutinka nelaimi\u0173. Bet \u0161un\u012f auginantis \u017emogus naujamet\u0119 nakt\u012f prioritetu tur\u0117t\u0173 daryti b\u016btent gyv\u016bn\u0105, o ne savo \u0161ampaniukus, ikriukus, mi\u0161rainiukus (laiko ko gero u\u017eteks viskam, a\u0161 tik apie prioritetus). Tai rei\u0161kia, kad turi apgalvoti, kur bus tavo gyv\u016bnas. Jis negali likti vienas ir negali b\u016bti prie laukini\u0173 dur\u0173. Tai rei\u0161kia, kad tos dienos ilgasis pasivaik\u0161\u010diojimas turi vykti dien\u0105, o vakare paskutinis i\u0161\u0117jimas \u2013 21-22 valand\u0105 v\u0117liausiai ir trumpai. Tai rei\u0161kia, kad vidurnak\u010diui turite b\u016bti pasiruo\u0161\u0119 skanuk\u0173, jei reikia \u2013 sl\u0117ptuv\u0119. Ir pirmiausia pasir\u016bpinti, kad \u0161uo niekaip nepatekt\u0173 prie dur\u0173, tik tada \u017ei\u016br\u0117ti \u012f liepsneles danguje. Tai rei\u0161kia, kad jei j\u016bs\u0173 augintiniui nuo sprogim\u0173 \u2013 negera, turite kreiptis \u012f veterinar\u0105 dar iki \u0161vent\u0117s, ir galb\u016bt gauti vaist\u0173. O jei negera n\u0117ra \u2013 vis tiek nepalikti jo vieno ir daryti j\u012f prioritetu. <\/p>\n<p>Gyv\u016bnai n\u0117ra daiktai, u\u017egaida, p\u016bkuotas \u0161velnus priedas. Ir nelaim\u0117 yra tada, kai ji nutinka padarius visk\u0105, kas prie\u0161 tai i\u0161vardinta. O kitais atvejais, tai aplaidus elgesys. Mes visi kartais pasielgiam aplaid\u017eiai, dievo nevaidinu. Bet suprasti, kod\u0117l tokios nelaim\u0117s \u012fvyksta, svarbu\u201c, \u2013 feisbuke ra\u0161\u0117 F. M. Le\u0161\u010diauskait\u0117. <\/p>\n","protected":false},"excerpt":{"rendered":"Prie\u0161 pat did\u017ei\u0105j\u0105 met\u0173 \u0161vent\u0119 F. M. Le\u0161\u010diauskait\u0117 kreip\u0117si \u012f visuomen\u0119 aktualia tema. Kaip ir kasmet, svarstome, ar&hellip;\n","protected":false},"author":2,"featured_media":78919,"comment_status":"","ping_status":"","sticky":false,"template":"","format":"standard","meta":{"footnotes":"","_share_on_mastodon":"0"},"categories":[6],"tags":[25,30,31,4282,34,35,8803,24,32,33,37,39,36,38,40,8802,23,22,28,29,26,27],"class_list":["post-78918","post","type-post","status-publish","format-standard","has-post-thumbnail","category-antrastes","tag-antrastes","tag-breaking-news","tag-breakingnews","tag-fausta-marija-lesciauskaite","tag-featured-news","tag-featurednews","tag-fejerverkai","tag-headlines","tag-latest-news","tag-latestnews","tag-lietuva","tag-lietuviu","tag-lithuania","tag-lithuanian","tag-lt","tag-naujieji-metai","tag-naujienos","tag-news","tag-populiariausios-naujienos","tag-populiariausiosnaujienos","tag-top-stories","tag-topstories"],"share_on_mastodon":{"url":"https:\/\/pubeurope.com\/@lt\/115858298817813977","error":""},"_links":{"self":[{"href":"https:\/\/www.europesays.com\/lt\/wp-json\/wp\/v2\/posts\/78918","targetHints":{"allow":["GET"]}}],"collection":[{"href":"https:\/\/www.europesays.com\/lt\/wp-json\/wp\/v2\/posts"}],"about":[{"href":"https:\/\/www.europesays.com\/lt\/wp-json\/wp\/v2\/types\/post"}],"author":[{"embeddable":true,"href":"https:\/\/www.europesays.com\/lt\/wp-json\/wp\/v2\/users\/2"}],"replies":[{"embeddable":true,"href":"https:\/\/www.europesays.com\/lt\/wp-json\/wp\/v2\/comments?post=78918"}],"version-history":[{"count":0,"href":"https:\/\/www.europesays.com\/lt\/wp-json\/wp\/v2\/posts\/78918\/revisions"}],"wp:featuredmedia":[{"embeddable":true,"href":"https:\/\/www.europesays.com\/lt\/wp-json\/wp\/v2\/media\/78919"}],"wp:attachment":[{"href":"https:\/\/www.europesays.com\/lt\/wp-json\/wp\/v2\/media?parent=78918"}],"wp:term":[{"taxonomy":"category","embeddable":true,"href":"https:\/\/www.europesays.com\/lt\/wp-json\/wp\/v2\/categories?post=78918"},{"taxonomy":"post_tag","embeddable":true,"href":"https:\/\/www.europesays.com\/lt\/wp-json\/wp\/v2\/tags?post=78918"}],"curies":[{"name":"wp","href":"https:\/\/api.w.org\/{rel}","templated":true}]}}