{"id":78921,"date":"2026-01-08T07:30:08","date_gmt":"2026-01-08T07:30:08","guid":{"rendered":"https:\/\/www.europesays.com\/lt\/78921\/"},"modified":"2026-01-08T07:30:08","modified_gmt":"2026-01-08T07:30:08","slug":"litgrid-rekordine-vejo-gamyba-leme-ketvirtadaliu-mazesne-elektros-kaina-gruodzio-menesi","status":"publish","type":"post","link":"https:\/\/www.europesays.com\/lt\/78921\/","title":{"rendered":"\u201eLitgrid\u201c: rekordin\u0117 v\u0117jo gamyba l\u0117m\u0117 ketvirtadaliu ma\u017eesn\u0119 elektros kain\u0105 gruod\u017eio m\u0117nes\u012f"},"content":{"rendered":"\n<p>Pasak jos, gruod\u012f, palyginti su lapkri\u010diu, vidutin\u0117 didmenin\u0117 elektros kaina <a href=\"https:\/\/www.tv3.lt\/rubrika\/naujienos\/lietuva\" target=\"_blank\" class=\"phrase\" rel=\"nofollow noopener\">Lietuvoje<\/a> smuko 24 proc. iki 84 eur\u0173 u\u017e megavatvaland\u0119 (MWh).<\/p>\n<p>Tuo metu Latvijoje elektros kaina buvo tokia pati, Estijoje \u2013 74 eurai, o Lenkijoje \u2013 117 eur\u0173 u\u017e MWh.<\/p>\n<p>\u201eLitgrid\u201c Strategijos departamento vadovas Paulius Kozlovas sako, kad did\u017eiausi\u0105 \u012ftak\u0105 kainai paskutin\u012f 2025-\u0173j\u0173 m\u0117nes\u012f tur\u0117jo rekordin\u0117 v\u0117jo gamyba, \u0161ilumini\u0173 elektrini\u0173 remontai Latvijoje ir Lietuvoje.<\/p>\n<p>Pasak jo, gruod\u012f v\u0117jo elektrin\u0117s pirm\u0105kart pagamino 503 gigavatvalandes (GWh) elektros \u2013 42 proc. Lietuvos poreikio.<\/p>\n<p>\u201eApie tre\u010ddal\u012f \u0161io kiekio <a href=\"https:\/\/www.tv3.lt\/gaires\/vejo-jegaines\" target=\"_blank\" rel=\"nofollow noopener\">v\u0117jo j\u0117gain\u0117s<\/a> sugeneravo per paskutines septynias m\u0117nesio dienas\u201c, \u2013 prane\u0161ime sak\u0117 \u201eLitgrid\u201c atstovas.<\/p>\n<p>P. Kozlovo teigimu, itin \u017eemos kainos buvo \u0161ventiniu laikotarpiu, kai, kaip \u012fprasta, suma\u017e\u0117jo elektros vartojimas, o v\u0117jo j\u0117gain\u0117s gamino itin daug energijos.<\/p>\n<p>Anot jo, pigiausia elektra buvo gruod\u017eio 27-\u0105j\u0105 kai jos paros kaina siek\u0117 2,12 euro u\u017e MWh, kai, pavyzd\u017eiui, gruod\u017eio 1-\u0105j\u0105 d\u0117l j\u0117gaini\u0173 remont\u0173 ir auk\u0161to vartojimo ji kainavo 195 eurus u\u017e MWh.<\/p>\n<p>\u201e\u0160iuo metu, sausio prad\u017eioje, fiksuojame minimal\u0173 v\u0117j\u0105 ir i\u0161augus\u012f elektros poreik\u012f. Labai svarbu, kad tokiais periodais visos \u0161ilumin\u0117s elektrin\u0117s Baltijos \u0161alyse i\u0161likt\u0173 prieinamos\u201c, \u2013 teig\u0117 P. Kozlovas.<\/p>\n<p>Lietuvoje per m\u0117nes\u012f buvo pagaminta 654 GWh elektros energijos \u2013 tiek pat, kiek ir lapkrit\u012f. Vietos elektrin\u0117s u\u017etikrino 68 proc. \u0161alies suvartojimo.<\/p>\n<p>V\u0117jo j\u0117gain\u0117s gruod\u012f gamino apie 65 proc. visos Lietuvos gamybos, per m\u0117nes\u012f j\u0173 gamyba augo 62 proc. iki 503 GWh. Saul\u0117s elektrini\u0173 gamyba ma\u017e\u0117jo 64 proc. iki 9 GWh. \u0160ilumini\u0173 elektrini\u0173 gamyba siek\u0117 117 GWh, hidroelektrini\u0173 generacija \u2013 74 GWh, o kit\u0173 elektrini\u0173 generacija \u2013 66 GWh.<\/p>\n<p>Bendras importo kiekis per m\u0117nes\u012f suma\u017e\u0117jo 9 proc. iki 618 GWh. Gruod\u012f importas i\u0161 Skandinavijos per \u201eNordBalt\u201c jungt\u012f siek\u0117 62 proc., i\u0161 Latvijos 36 proc. ir 2 proc. i\u0161 <a href=\"https:\/\/www.tv3.lt\/gaires\/lenkija\" target=\"_blank\" class=\"phrase\" rel=\"nofollow noopener\">Lenkijos<\/a>.<\/p>\n<p>Eksportas pra\u0117jus\u012f m\u0117nes\u012f i\u0161augo 64 proc. iki 134 GWh. Did\u017eiausia eksporto dalis buvo nukreipta \u012f Lenkij\u0105 \u2013 77 proc., 15 proc. \u012f Latvij\u0105, o lik\u0119 8 proc. \u012f \u0160vedij\u0105.<\/p>\n<p>\n                                        \u0160altinis:<br \/>\n                                                                                    BNS\n                                                                                <\/p>\n<p><a href=\"https:\/\/www.indeliai.lt\/\" target=\"_blank\" rel=\"nofollow noopener\"><img decoding=\"async\" alt=\"indeliai.lt\" src=\"https:\/\/www.europesays.com\/lt\/wp-content\/uploads\/2025\/12\/1767119177_262_Indeliainew.jpg\" style=\"width: 100%; max-height: 250px; max-width: 800px\" \/><\/a><\/p>\n","protected":false},"excerpt":{"rendered":"Pasak jos, gruod\u012f, palyginti su lapkri\u010diu, vidutin\u0117 didmenin\u0117 elektros kaina Lietuvoje smuko 24 proc. iki 84 eur\u0173 u\u017e&hellip;\n","protected":false},"author":2,"featured_media":78922,"comment_status":"","ping_status":"","sticky":false,"template":"","format":"standard","meta":{"footnotes":""},"categories":[17],"tags":[17122,81,57,43,55,48,54,51,49,50,37,39,36,38,40,45,23,44,53,42,56,47,41,46,58,52],"class_list":{"0":"post-78921","1":"post","2":"type-post","3":"status-publish","4":"format-standard","5":"has-post-thumbnail","7":"category-verslas","8":"tag-2026-01-08-091147","9":"tag-business","10":"tag-daiktai","11":"tag-dienos-kronika","12":"tag-gatves-tekstai","13":"tag-gyvenimas","14":"tag-interneto-pievos","15":"tag-keliones","16":"tag-kultura","17":"tag-laisvalaikis","18":"tag-lietuva","19":"tag-lietuviu","20":"tag-lithuania","21":"tag-lithuanian","22":"tag-lt","23":"tag-mokslas-ir-it","24":"tag-naujienos","25":"tag-pasaulis","26":"tag-projektai","27":"tag-rinktiniai-tekstai","28":"tag-simtmecio-portalas","29":"tag-sportas","30":"tag-tv3-lt","31":"tag-verslas","32":"tag-video","33":"tag-zaidimai"},"share_on_mastodon":{"url":"https:\/\/pubeurope.com\/@lt\/115858310729111522","error":""},"_links":{"self":[{"href":"https:\/\/www.europesays.com\/lt\/wp-json\/wp\/v2\/posts\/78921","targetHints":{"allow":["GET"]}}],"collection":[{"href":"https:\/\/www.europesays.com\/lt\/wp-json\/wp\/v2\/posts"}],"about":[{"href":"https:\/\/www.europesays.com\/lt\/wp-json\/wp\/v2\/types\/post"}],"author":[{"embeddable":true,"href":"https:\/\/www.europesays.com\/lt\/wp-json\/wp\/v2\/users\/2"}],"replies":[{"embeddable":true,"href":"https:\/\/www.europesays.com\/lt\/wp-json\/wp\/v2\/comments?post=78921"}],"version-history":[{"count":0,"href":"https:\/\/www.europesays.com\/lt\/wp-json\/wp\/v2\/posts\/78921\/revisions"}],"wp:featuredmedia":[{"embeddable":true,"href":"https:\/\/www.europesays.com\/lt\/wp-json\/wp\/v2\/media\/78922"}],"wp:attachment":[{"href":"https:\/\/www.europesays.com\/lt\/wp-json\/wp\/v2\/media?parent=78921"}],"wp:term":[{"taxonomy":"category","embeddable":true,"href":"https:\/\/www.europesays.com\/lt\/wp-json\/wp\/v2\/categories?post=78921"},{"taxonomy":"post_tag","embeddable":true,"href":"https:\/\/www.europesays.com\/lt\/wp-json\/wp\/v2\/tags?post=78921"}],"curies":[{"name":"wp","href":"https:\/\/api.w.org\/{rel}","templated":true}]}}