{"id":78961,"date":"2026-01-08T08:01:10","date_gmt":"2026-01-08T08:01:10","guid":{"rendered":"https:\/\/www.europesays.com\/lt\/78961\/"},"modified":"2026-01-08T08:01:10","modified_gmt":"2026-01-08T08:01:10","slug":"i-prekyviete-kaune-skubejo-visos-spec-tarnybos-tualete-uzmigusio-vyro-nepavyko-kitaip-prizadinti","status":"publish","type":"post","link":"https:\/\/www.europesays.com\/lt\/78961\/","title":{"rendered":"\u012e prekyviet\u0119 Kaune skub\u0117jo visos spec. tarnybos \u2013 tualete u\u017emigusio vyro nepavyko kitaip pri\u017eadinti"},"content":{"rendered":"<p>Kaip informuoja Kauno prie\u0161gaisrin\u0117 gelb\u0117jimo valdyba, sausio 6 dien\u0105 21.15 valand\u0105 gautas prane\u0161imas i\u0161 Kauno V.Kr\u0117v\u0117s prospekte veikian\u010dio \u201eRimi\u201c apsaugos darbuotojo, kad prekybos centro tualete guli vyras, u\u017esirakin\u0119s duris.<\/p>\n<p>Atvykus ugniagesiams gelb\u0117tojams, lau\u017etuvu atidarytos tualeto durys, viduje rastas miegantis \u017emogus.<\/p>\n<p>\u012eleisti medikai ir policijos pareig\u016bnai.<\/p>\n<p>Papildyta 14.59 val. \u201eRimi\u201c atstovai netrukus reagavo \u012f \u0161i\u0105 publikacij\u0105, patikslindami, kad minimi tualetai yra ne \u201eRimi\u201c, bet \u201eDainavos&#8221; turgaus pasa\u017eo. Vie\u0161o WC prekybos centre \u201eDainava\u201c \u201eRimi\u201c neturi. <\/p>\n","protected":false},"excerpt":{"rendered":"Kaip informuoja Kauno prie\u0161gaisrin\u0117 gelb\u0117jimo valdyba, sausio 6 dien\u0105 21.15 valand\u0105 gautas prane\u0161imas i\u0161 Kauno V.Kr\u0117v\u0117s prospekte veikian\u010dio&hellip;\n","protected":false},"author":2,"featured_media":78962,"comment_status":"","ping_status":"","sticky":false,"template":"","format":"standard","meta":{"footnotes":""},"categories":[6],"tags":[25,30,31,34,35,24,32,33,37,39,36,38,40,23,22,28,29,26,27],"class_list":{"0":"post-78961","1":"post","2":"type-post","3":"status-publish","4":"format-standard","5":"has-post-thumbnail","7":"category-antrastes","8":"tag-antrastes","9":"tag-breaking-news","10":"tag-breakingnews","11":"tag-featured-news","12":"tag-featurednews","13":"tag-headlines","14":"tag-latest-news","15":"tag-latestnews","16":"tag-lietuva","17":"tag-lietuviu","18":"tag-lithuania","19":"tag-lithuanian","20":"tag-lt","21":"tag-naujienos","22":"tag-news","23":"tag-populiariausios-naujienos","24":"tag-populiariausiosnaujienos","25":"tag-top-stories","26":"tag-topstories"},"share_on_mastodon":{"url":"https:\/\/pubeurope.com\/@lt\/115858432483567714","error":""},"_links":{"self":[{"href":"https:\/\/www.europesays.com\/lt\/wp-json\/wp\/v2\/posts\/78961","targetHints":{"allow":["GET"]}}],"collection":[{"href":"https:\/\/www.europesays.com\/lt\/wp-json\/wp\/v2\/posts"}],"about":[{"href":"https:\/\/www.europesays.com\/lt\/wp-json\/wp\/v2\/types\/post"}],"author":[{"embeddable":true,"href":"https:\/\/www.europesays.com\/lt\/wp-json\/wp\/v2\/users\/2"}],"replies":[{"embeddable":true,"href":"https:\/\/www.europesays.com\/lt\/wp-json\/wp\/v2\/comments?post=78961"}],"version-history":[{"count":0,"href":"https:\/\/www.europesays.com\/lt\/wp-json\/wp\/v2\/posts\/78961\/revisions"}],"wp:featuredmedia":[{"embeddable":true,"href":"https:\/\/www.europesays.com\/lt\/wp-json\/wp\/v2\/media\/78962"}],"wp:attachment":[{"href":"https:\/\/www.europesays.com\/lt\/wp-json\/wp\/v2\/media?parent=78961"}],"wp:term":[{"taxonomy":"category","embeddable":true,"href":"https:\/\/www.europesays.com\/lt\/wp-json\/wp\/v2\/categories?post=78961"},{"taxonomy":"post_tag","embeddable":true,"href":"https:\/\/www.europesays.com\/lt\/wp-json\/wp\/v2\/tags?post=78961"}],"curies":[{"name":"wp","href":"https:\/\/api.w.org\/{rel}","templated":true}]}}