{"id":79142,"date":"2026-01-08T11:35:10","date_gmt":"2026-01-08T11:35:10","guid":{"rendered":"https:\/\/www.europesays.com\/lt\/79142\/"},"modified":"2026-01-08T11:35:10","modified_gmt":"2026-01-08T11:35:10","slug":"lietuvoje-iamzino-retai-matoma-pavojinga-reiskini","status":"publish","type":"post","link":"https:\/\/www.europesays.com\/lt\/79142\/","title":{"rendered":"Lietuvoje \u012fam\u017eino retai matom\u0105 pavojing\u0105 rei\u0161kin\u012f"},"content":{"rendered":"<p class=\"MsoNormal\">Kaip buvo prane\u0161ta feisbuko grup\u0117je \u201eOrai ir klimatas Lietuvoje\u201c, sausio 7 d. Kv\u0117darnoje Rimantas Bagu\u017eas nufotografavo m\u016bs\u0173 \u0161alyje retai matom\u0105 rei\u0161kin\u012f.<\/p>\n<p class=\"MsoNormal\">\u201eAngli\u0161kai jis vadinamas \u201ewhiteout\u201c. Lietuvi\u0161kas jo pavadinimas ma\u017eiau \u017einomas \u2013 baltoji tamsa arba baltasis u\u017etemimas. Tai yra da\u017eniausiai poliariniuose regionuose pasitaikantis rei\u0161kinys, kada ne\u012fmanoma atskirti kur yra dangus ir kur \u017eem\u0117 (nesimato horizonto linijos)\u201c, \u2013 buvo ra\u0161oma \u0161ioje grup\u0117je.<\/p>\n<p class=\"MsoNormal\">Taip pat pridurta, kod\u0117l gali b\u016bti labai pavojinga atsidurti tokioje situacijoje.<\/p>\n<p class=\"MsoNormal\">\u201eKadangi baltas, \u0161viesus aplinkos vaizdas sudaro s\u0105lyginai gero matomumo iliuzij\u0105, tod\u0117l esant \u0161iam rei\u0161kiniui (p\u016bgos arba tir\u0161to r\u016bko metu) galimos mirtinos avarijos arba kitokios nelaim\u0117s. Neturint joki\u0173 orientyr\u0173, galima pasiklysti net pa\u017e\u012fstamoje vietov\u0117je, nes tampa daug sunkiau suvokti matom\u0105 erdv\u0119.<\/p>\n<p class=\"MsoNormal\">D\u0117l prasto matomumo judant didesniu grei\u010diu (ypa\u010d sniegu padengtame kelyje) atrodo, kad kli\u016btys i\u0161dygsta visi\u0161kai netik\u0117tai. Tod\u0117l i\u0161auga skaud\u017ei\u0173 nelaimi\u0173 tikimyb\u0117\u201c, \u2013paai\u0161kino meteorologai.<\/p>\n<p class=\"MsoNormal\">Nuotraukoje matomas vaizdas buvo u\u017efiksuotas sausio 7 d. Kv\u0117darnoje, \u0160ilal\u0117s rajono savivaldyb\u0117je.<\/p>\n","protected":false},"excerpt":{"rendered":"Kaip buvo prane\u0161ta feisbuko grup\u0117je \u201eOrai ir klimatas Lietuvoje\u201c, sausio 7 d. Kv\u0117darnoje Rimantas Bagu\u017eas nufotografavo m\u016bs\u0173 \u0161alyje&hellip;\n","protected":false},"author":2,"featured_media":79143,"comment_status":"","ping_status":"","sticky":false,"template":"","format":"standard","meta":{"footnotes":"","_share_on_mastodon":"0"},"categories":[13],"tags":[25,30,31,34,35,24,32,33,37,39,36,38,40,23,22,3197,17155,28,29,26,27,5654],"class_list":["post-79142","post","type-post","status-publish","format-standard","has-post-thumbnail","category-lietuva","tag-antrastes","tag-breaking-news","tag-breakingnews","tag-featured-news","tag-featurednews","tag-headlines","tag-latest-news","tag-latestnews","tag-lietuva","tag-lietuviu","tag-lithuania","tag-lithuanian","tag-lt","tag-naujienos","tag-news","tag-pavojus","tag-poliarinis-ratas","tag-populiariausios-naujienos","tag-populiariausiosnaujienos","tag-top-stories","tag-topstories","tag-ziema"],"share_on_mastodon":{"url":"https:\/\/pubeurope.com\/@lt\/115859273971070720","error":""},"_links":{"self":[{"href":"https:\/\/www.europesays.com\/lt\/wp-json\/wp\/v2\/posts\/79142","targetHints":{"allow":["GET"]}}],"collection":[{"href":"https:\/\/www.europesays.com\/lt\/wp-json\/wp\/v2\/posts"}],"about":[{"href":"https:\/\/www.europesays.com\/lt\/wp-json\/wp\/v2\/types\/post"}],"author":[{"embeddable":true,"href":"https:\/\/www.europesays.com\/lt\/wp-json\/wp\/v2\/users\/2"}],"replies":[{"embeddable":true,"href":"https:\/\/www.europesays.com\/lt\/wp-json\/wp\/v2\/comments?post=79142"}],"version-history":[{"count":0,"href":"https:\/\/www.europesays.com\/lt\/wp-json\/wp\/v2\/posts\/79142\/revisions"}],"wp:featuredmedia":[{"embeddable":true,"href":"https:\/\/www.europesays.com\/lt\/wp-json\/wp\/v2\/media\/79143"}],"wp:attachment":[{"href":"https:\/\/www.europesays.com\/lt\/wp-json\/wp\/v2\/media?parent=79142"}],"wp:term":[{"taxonomy":"category","embeddable":true,"href":"https:\/\/www.europesays.com\/lt\/wp-json\/wp\/v2\/categories?post=79142"},{"taxonomy":"post_tag","embeddable":true,"href":"https:\/\/www.europesays.com\/lt\/wp-json\/wp\/v2\/tags?post=79142"}],"curies":[{"name":"wp","href":"https:\/\/api.w.org\/{rel}","templated":true}]}}