{"id":79446,"date":"2026-01-08T17:29:09","date_gmt":"2026-01-08T17:29:09","guid":{"rendered":"https:\/\/www.europesays.com\/lt\/79446\/"},"modified":"2026-01-08T17:29:09","modified_gmt":"2026-01-08T17:29:09","slug":"populiarioje-tv-laidoje-nebelieka-nijoles-pareigytes","status":"publish","type":"post","link":"https:\/\/www.europesays.com\/lt\/79446\/","title":{"rendered":"Populiarioje TV laidoje nebelieka Nijol\u0117s Pareigyt\u0117s"},"content":{"rendered":"<p>2025-\u0173j\u0173 prad\u017eioje buvo skelbta, kad N. Pareigyt\u0117 tapo dar vienos TV laidos veidu \u2013 nuo tada j\u0105 mat\u0117me laidoje \u201eIKI \u0161ef\u0173 kovos\u201c.<\/p>\n<p>Nauja savo role tada d\u017eiaug\u0117si ir pati Nijol\u0117, ir TV \u017ei\u016brovai. Visgi, kiekviena istorija turi pabaig\u0105 \u2013 atrodo, dabar ta\u0161kas dedamas ir \u0161iame N. Pareigyt\u0117s gyvenimo etape. <\/p>\n<p>Ketvirtadien\u012f TV3 i\u0161platintame prane\u0161ime spaudai prane\u0161ta, kad nuo \u0161iol laidos \u201eIKI \u0161ef\u0173 kovos. Desertai\u201c vair\u0105 \u012f savo rankas perima kita tautie\u010diams puikiai pa\u017e\u012fstama moteris \u2013 po ilgos pertraukos b\u016btent su \u0161ia laida \u012f televizij\u0105 sugr\u012f\u017etanti <a rel=\"noopener nofollow\" target=\"_blank\" href=\"https:\/\/www.delfi.lt\/temos\/violeta-repcenkaite\" tag-id=\"72279544\">Violeta Rep\u010denkait\u0117<\/a>.<\/p>\n<p>    <img decoding=\"async\" src=\"https:\/\/www.europesays.com\/lt\/wp-content\/uploads\/2026\/01\/e07d81af-ddc1-4b2d-b9f3-8c4db1232509.jpg\" loading=\"lazy\" alt=\"Violeta Rep\u010denkait\u0117\"\/>      <\/p>\n<p>Naujoji laidos ved\u0117ja tikina, kad \u0161i patirtis jai \u2013 did\u017eiul\u0117 dovana. <\/p>\n<p>\u201eNuo\u0161ird\u017eiai nud\u017eiugau gavusi tok\u012f netik\u0117t\u0105 pasi\u016blym\u0105. Pirmoji mintis buvo prakti\u0161ka \u2013 kaip pavyks suderinti darbus tarp dviej\u0173 \u0161ali\u0173 ir da\u017enesnius skryd\u017eius? Ta\u010diau a\u0161 visada tikiu, kad gyvenime svarbu imtis nauj\u0173 galimybi\u0173. Pasakiau \u201etaip\u201c, o visi sprendimai, \u017emon\u0117s ir aplinkyb\u0117s susid\u0117liojo geriausiu \u012fmanomu b\u016bdu. Ilgus metus n\u0117 negalvojau apie televizij\u0105, bet \u0161is pasi\u016blymas, ypa\u010d d\u0117l paties laidos formato, man labai patiko, tod\u0117l su d\u017eiaugsmu pri\u0117miau nauj\u0105 i\u0161\u0161\u016bk\u012f. Jau\u010diuosi savo vietoje, savo elemente\u201c, \u2013 pasakoja V. Rep\u010denkait\u0117.<\/p>\n<p>Tiesa, V. Rep\u010denkait\u0117 \u2013 ne vienintel\u0117 laidos ved\u0117ja. Eteryje kartu taip pat i\u0161vysime ir gars\u0173j\u012f konditer\u012f Thierry Lauvray. B\u016btent jis \u017ei\u016brovams atskleis, kas vyksta virtuv\u0117s u\u017ekulisiuose. <\/p>\n","protected":false},"excerpt":{"rendered":"2025-\u0173j\u0173 prad\u017eioje buvo skelbta, kad N. Pareigyt\u0117 tapo dar vienos TV laidos veidu \u2013 nuo tada j\u0105 mat\u0117me&hellip;\n","protected":false},"author":2,"featured_media":79447,"comment_status":"","ping_status":"","sticky":false,"template":"","format":"standard","meta":{"footnotes":"","_share_on_mastodon":"0"},"categories":[6],"tags":[25,30,31,34,35,24,32,33,37,39,36,38,40,23,22,6286,28,29,26,27,9961],"class_list":["post-79446","post","type-post","status-publish","format-standard","has-post-thumbnail","category-antrastes","tag-antrastes","tag-breaking-news","tag-breakingnews","tag-featured-news","tag-featurednews","tag-headlines","tag-latest-news","tag-latestnews","tag-lietuva","tag-lietuviu","tag-lithuania","tag-lithuanian","tag-lt","tag-naujienos","tag-news","tag-nijole-pareigyte","tag-populiariausios-naujienos","tag-populiariausiosnaujienos","tag-top-stories","tag-topstories","tag-violeta-repcenkaite"],"share_on_mastodon":{"url":"https:\/\/pubeurope.com\/@lt\/115860666088550120","error":""},"_links":{"self":[{"href":"https:\/\/www.europesays.com\/lt\/wp-json\/wp\/v2\/posts\/79446","targetHints":{"allow":["GET"]}}],"collection":[{"href":"https:\/\/www.europesays.com\/lt\/wp-json\/wp\/v2\/posts"}],"about":[{"href":"https:\/\/www.europesays.com\/lt\/wp-json\/wp\/v2\/types\/post"}],"author":[{"embeddable":true,"href":"https:\/\/www.europesays.com\/lt\/wp-json\/wp\/v2\/users\/2"}],"replies":[{"embeddable":true,"href":"https:\/\/www.europesays.com\/lt\/wp-json\/wp\/v2\/comments?post=79446"}],"version-history":[{"count":0,"href":"https:\/\/www.europesays.com\/lt\/wp-json\/wp\/v2\/posts\/79446\/revisions"}],"wp:featuredmedia":[{"embeddable":true,"href":"https:\/\/www.europesays.com\/lt\/wp-json\/wp\/v2\/media\/79447"}],"wp:attachment":[{"href":"https:\/\/www.europesays.com\/lt\/wp-json\/wp\/v2\/media?parent=79446"}],"wp:term":[{"taxonomy":"category","embeddable":true,"href":"https:\/\/www.europesays.com\/lt\/wp-json\/wp\/v2\/categories?post=79446"},{"taxonomy":"post_tag","embeddable":true,"href":"https:\/\/www.europesays.com\/lt\/wp-json\/wp\/v2\/tags?post=79446"}],"curies":[{"name":"wp","href":"https:\/\/api.w.org\/{rel}","templated":true}]}}