{"id":79513,"date":"2026-01-08T18:34:07","date_gmt":"2026-01-08T18:34:07","guid":{"rendered":"https:\/\/www.europesays.com\/lt\/79513\/"},"modified":"2026-01-08T18:34:07","modified_gmt":"2026-01-08T18:34:07","slug":"dakaro-ralyje-elegantiskas-peterhanselio-stogas","status":"publish","type":"post","link":"https:\/\/www.europesays.com\/lt\/79513\/","title":{"rendered":"Dakaro ralyje \u2013 eleganti\u0161kas Peterhanselio \u201estogas\u201c"},"content":{"rendered":"<p>Socialiniuose tinkluose \u2013 netik\u0117t\u0105 incident\u0105 patyr\u0119s 60-metis pranc\u016bzas. <\/p>\n<p>Atrod\u0117, gana ramiai jud\u0117j\u0119s \u201eDefender\u201c automobilis pateko \u012f klasting\u0105 ruo\u017e\u0105: nugarm\u0117jo \u0161laitu \u017eemyn ir eleganti\u0161kai prigul\u0117 ant stogo. <\/p>\n<p>Incidentas tre\u010diadien\u012f nesutrukd\u0117 laim\u0117ti 4-\u0105 grei\u010dio ruo\u017e\u0105: 14 kart\u0173 Dakaro ralyje triumfav\u0119s S. Peterhanselis \u0161iuo metu bendroje \u012fskaitoje yra antras, 44:32 min. atsilieka nuo dukart ralio etapus laim\u0117jusio Roko Baciu\u0161kos. <\/p>\n<p>Roko Baciu\u0161kos pergal\u0117 ir lyderyst\u0117  <\/p>\n<p>Penktas Dakaro etapas \u2013 antra etapo pergal\u0117 Roko Baciu\u0161kos ki\u0161en\u0117je. Antroji maratono diena lietuviui sek\u0117si itin skland\u017eiai. Du tre\u010ddalius trasos va\u017eiavo tre\u010dias, pabaigoje aplenk\u0117 abu savo komandos draugus ir \u012fsitvirtino pirmoje pozicijoje. <\/p>\n","protected":false},"excerpt":{"rendered":"Socialiniuose tinkluose \u2013 netik\u0117t\u0105 incident\u0105 patyr\u0119s 60-metis pranc\u016bzas. Atrod\u0117, gana ramiai jud\u0117j\u0119s \u201eDefender\u201c automobilis pateko \u012f klasting\u0105 ruo\u017e\u0105:&hellip;\n","protected":false},"author":2,"featured_media":79514,"comment_status":"","ping_status":"","sticky":false,"template":"","format":"standard","meta":{"footnotes":"","_share_on_mastodon":"0"},"categories":[19],"tags":[3330,37,39,36,38,40,3329,47,104,3328],"class_list":["post-79513","post","type-post","status-publish","format-standard","has-post-thumbnail","category-sportas","tag-dakaro-ralis","tag-lietuva","tag-lietuviu","tag-lithuania","tag-lithuanian","tag-lt","tag-rokas-baciuska","tag-sportas","tag-sports","tag-stephane-peterhansel"],"share_on_mastodon":{"url":"https:\/\/pubeurope.com\/@lt\/115860921658763887","error":""},"_links":{"self":[{"href":"https:\/\/www.europesays.com\/lt\/wp-json\/wp\/v2\/posts\/79513","targetHints":{"allow":["GET"]}}],"collection":[{"href":"https:\/\/www.europesays.com\/lt\/wp-json\/wp\/v2\/posts"}],"about":[{"href":"https:\/\/www.europesays.com\/lt\/wp-json\/wp\/v2\/types\/post"}],"author":[{"embeddable":true,"href":"https:\/\/www.europesays.com\/lt\/wp-json\/wp\/v2\/users\/2"}],"replies":[{"embeddable":true,"href":"https:\/\/www.europesays.com\/lt\/wp-json\/wp\/v2\/comments?post=79513"}],"version-history":[{"count":0,"href":"https:\/\/www.europesays.com\/lt\/wp-json\/wp\/v2\/posts\/79513\/revisions"}],"wp:featuredmedia":[{"embeddable":true,"href":"https:\/\/www.europesays.com\/lt\/wp-json\/wp\/v2\/media\/79514"}],"wp:attachment":[{"href":"https:\/\/www.europesays.com\/lt\/wp-json\/wp\/v2\/media?parent=79513"}],"wp:term":[{"taxonomy":"category","embeddable":true,"href":"https:\/\/www.europesays.com\/lt\/wp-json\/wp\/v2\/categories?post=79513"},{"taxonomy":"post_tag","embeddable":true,"href":"https:\/\/www.europesays.com\/lt\/wp-json\/wp\/v2\/tags?post=79513"}],"curies":[{"name":"wp","href":"https:\/\/api.w.org\/{rel}","templated":true}]}}