{"id":8004,"date":"2025-10-01T07:54:08","date_gmt":"2025-10-01T07:54:08","guid":{"rendered":"https:\/\/www.europesays.com\/lt\/8004\/"},"modified":"2025-10-01T07:54:08","modified_gmt":"2025-10-01T07:54:08","slug":"dideli-pokyciai-nuo-spalio-1-osios-tai-palies-kiekviena-is-musu","status":"publish","type":"post","link":"https:\/\/www.europesays.com\/lt\/8004\/","title":{"rendered":"Dideli poky\u010diai nuo spalio 1-osios: tai palies kiekvien\u0105 i\u0161 m\u016bs\u0173"},"content":{"rendered":"<p>Nuo spalio 1 d. kei\u010diasi Paber\u017e\u0117s krypties mar\u0161rut\u0173 Nr. 130 \u201eVilnius (Pramog\u0173 arenos stotel\u0117) \u2013 Giedrai\u010diai per Pikeli\u0161kes\u201c, Nr. 132 \u201eVilnius (Pramog\u0173 arenos stotel\u0117) \u2013 Paber\u017e\u0117 per Vy\u017eulionis\u201c, Nr. 133 \u201eVilnius (Pramog\u0173 arenos stotel\u0117) \u2013 Adomai\u010diai per Poci\u016bnus\u201c, Nr.137 \u201eVilnius (Pramog\u0173 arenos stotel\u0117) \u2013 Barsk\u016bnai per Pikeli\u0161kes\u201c autobus\u0173 eismas darbo ir poilsio dienomis. Autobus\u0173 eismas nurodytais mar\u0161rutais nukreipiamas pro Santari\u0161kes. Autobusai, va\u017eiuojantys link Vilniaus miesto, sustos stotel\u0117je \u201eSantari\u0161k\u0117s\u201c, o va\u017eiuojantys i\u0161 Vilniaus miesto \u2013 sustos tik stotel\u0117je \u201eVaik\u0173 ligonin\u0117\u201c. Autobus\u0173 i\u0161vykimo laikai nesikei\u010dia.\u00a0<\/p>\n<p>D\u0117l atv\u0117susi\u0173 or\u0173 ir sinoptik\u0173 prognozuojamo tolesnio temperat\u016bros kritimo, spalio 1 d. <a style=\"font-weight:bold;\" href=\"https:\/\/madeinvilnius.lt\/tema\/vilniaus-rajonas\/\" target=\"_blank\" rel=\"nofollow noopener\">Vilniaus rajono<\/a> savivaldyb\u0117je pradedamas \u0161ildymo sezonas. Jau spalio 1 dien\u0105 bus \u012fjungtas \u0161vietimo ir sveikatos prie\u017ei\u016bros \u012fstaigose, o rajono daugiabu\u010diuose ir kitose \u012fstaigose, kur \u0161iluma tiekiama centralizuotai, \u2013 spalio 2 d. \u0160ildymo sezono prad\u017eia skelbiama atsi\u017evelgiant \u012f faktin\u0119 lauko oro temperat\u016br\u0105, kuomet tris paras i\u0161 eil\u0117s vidutin\u0117 lauko oro temperat\u016bra yra \u017eemesn\u0117 nei 10 laipsni\u0173 \u0161ilumos. \u0160iemet \u0161ildymo sezonas skelbiamas t\u0105 pa\u010di\u0105 dien\u0105 kaip ir pernai. 2024-2025 m. \u0161ildymo sezono prad\u017eia <a style=\"font-weight:bold;\" href=\"https:\/\/madeinvilnius.lt\/tema\/vilniaus-rajono-savivaldybe\/\" target=\"_blank\" rel=\"nofollow noopener\">Vilniaus rajono savivaldyb\u0117je<\/a> buvo paskelbta 2024 m. spalio 2 d., o pabaiga \u2013 2025 m. baland\u017eio 17 d.<\/p>\n<p>U\u017esienyje gyvenantys pensij\u0173 gav\u0117jai kasmet nuo spalio 1 d. iki gruod\u017eio 31 d. turi patvirtinti, kad yra gyvi ir gyvena tam tikroje u\u017esienio valstyb\u0117je. Tai b\u016btina, kad \u201eSodra\u201c gal\u0117t\u0173 toliau pervesti pensij\u0105 ir u\u017etikrinti, jog ji pasieks gav\u0117j\u0105. Jau galima registruotis vaizdo pokalbiams internetu, kuri\u0173 metu tapatyb\u0117s ir buvimo vietos patvirtinimas \u012fvyksta greitai, be b\u016btinyb\u0117s si\u0173sti dokumentus pa\u0161tu. Vaizdo pokalbio internetu paslauga gali pasinaudoti u\u017esienyje gyvenantys socialinio draudimo senatv\u0117s pensijos, i\u0161ankstin\u0117s senatv\u0117s pensijos, negalios, na\u0161li\u0173 ir na\u0161lai\u010di\u0173 pensij\u0173 gav\u0117jai, taip pat nukent\u0117jusi\u0173j\u0173 asmen\u0173 valstybini\u0173 pensij\u0173 bei I ir II laipsnio valstybini\u0173 pensij\u0173 gav\u0117jai. Svarbu \u2013 jei pensininkas i\u0161vyks nuo spalio 1 d. iki gruod\u017eio 31 d., \u0161iemet dar nereik\u0117s pateikti joki\u0173 dokument\u0173. Pensija jam bus mokama toliau. Gyvyb\u0117s sertifikat\u0105 \u017emogus prival\u0117s pateikti nuo kit\u0173 met\u0173 spalio 1 d. iki gruod\u017eio 31 d., kad pensijos mok\u0117jimas b\u016bt\u0173 t\u0119siamas nuo dar kit\u0173 met\u0173 sausio 1 d.<\/p>\n<p>Nuo spalio 1-osios \u012fsigaliosian\u010dios taisykl\u0117s taip pat u\u017etikrins vaist\u0173 kokyb\u0119, suma\u017eins administracin\u0119 na\u0161t\u0105 gydytojams ir farmacijos specialistams. Ministerijos teigimu, gydytojai gal\u0117s skirti inovatyvius, dar n\u0117 vienoje valstyb\u0117je neregistruotus vaistus, kurie kai kuriais atvejais gali b\u016bti vienintel\u0117 pasirinkimo galimyb\u0117 gydant pacient\u0105. Atnaujintos taisykl\u0117s nustato vardini\u0173 vaist\u0173 \u012fsigijimo, skyrimo, i\u0161ra\u0161ymo, pardavimo ir apskaitos tvark\u0105. Anot SAM, taip pat nustatomas valstybi\u0173, i\u0161 kuri\u0173 gali b\u016bti \u012fsigyjami vardiniai vaistai, prioriteti\u0161kumas, prioritet\u0105 teikiant Europos ekonomin\u0117s erdv\u0117s \u0161alims. Gydytojams i\u0161ra\u0161ant vardinius vaistus, nebereik\u0117s pildyti skyrimo parei\u0161kimo, o pacientai nebebus susaistomi su konkre\u010dia vaistine ir d\u0117l vaist\u0173 atsi\u0117mimo gal\u0117s kreiptis ten, kur jiems patogiau. Kad gal\u0117t\u0173 grei\u010diau prad\u0117ti gydym\u0105, gydymo \u012fstaigoms u\u017etikrinama galimyb\u0117 laikyti didesn\u012f kiek\u012f tam tikr\u0173 vardini\u0173 vaist\u0173 atsarg\u0173 bei pasinaudoti nustatyta speciali\u0105ja vardini\u0173 vaist\u0173 \u012fsigijimo i\u0161 kitos valstyb\u0117s tiek\u0117jo proced\u016bra. J\u0105 gal\u0117s taikyti toki\u0105 \u012fsigijimo teis\u0119 pagal Farmacijos \u012fstatym\u0105 turin\u010dios gydymo \u012fstaigos. Taisykl\u0117se taip pat reglamentuojamas n\u0117 vienoje valstyb\u0117je neregistruot\u0173 vaist\u0173, su kuriais atliekami arba jau atlikti klinikiniai tyrimai, skyrimas ir tiekimas.<\/p>\n<p>JUDU primena, kad <a style=\"font-weight:bold;\" href=\"https:\/\/madeinvilnius.lt\/tema\/vilniaus-viesasis-transportas\/\" target=\"_blank\" rel=\"nofollow noopener\">vie\u0161ojo transporto<\/a> bilietus \u012fsigytus iki liepos 1d., rekomenduotina aktyvuoti iki rugs\u0117jo 30 d. Nuo spalio 1 d. j\u0173 aktyvuoti nebus galima, ta\u010diau iki met\u0173 pabaigos u\u017e juos bus galima susigr\u0105\u017einti pinigus. Svarbu \u017einoti, kad visi seni bilietai, kurie bus aktyvuoti iki rugs\u0117jo 30 d., galios vis\u0105 biliete nurodyt\u0105 laikotarp\u012f \u2013 metiniai bilietai galios metus, m\u0117nesiniai \u2013 m\u0117nes\u012f ir t. t. Biliet\u0173 gr\u0105\u017einimas: Pinigus galima susigr\u0105\u017einti tik u\u017e neaktyvuotus bilietus. Norint susigr\u0105\u017einti l\u0117\u0161as, reikia u\u017epildyti speciali\u0105 u\u017eklausos form\u0105 JUDU svetain\u0117je: https:\/\/judu.lt\/uzklausos-forma\/ .<\/p>\n<p>Prekybos tinklas \u201eIki\u201c informuoja, kad u\u017ebaigia vienintel\u012f tok\u012f eksperiment\u0105 Lietuvoje \u2013 nebevystys iki \u0161iol veikusi\u0173 autonomini\u0173 parduotuvi\u0173 \u201eIKI GO!\u201c. Sprendimas priimtas technologijos vystytojui \u201ePixevia\u201c susiduriant su i\u0161\u0161\u016bkiais t\u0119siant veikl\u0105. Prekybos tinkl\u0105 valdanti bendrov\u0117 UAB \u201eIKI Lietuva\u201c toliau fokusuosis \u012f kitas inovacijas rinkoje ir tolimesn\u0119 parduotuvi\u0173 tinklo pl\u0117tr\u0105. Autonomini\u0173 parduotuvi\u0173 vystym\u0105 planuojama stabdyti nuo spalio 1 dienos. Ka\u0161tus, skirtus autonomini\u0173 parduotuvi\u0173 i\u0161laikymui, \u201eIki\u201c kreips \u012f kitus investicinius projektus, tarp j\u0173 \u2013 ir tinklo parduotuvi\u0173 pl\u0117tr\u0105. \u0160iandien bendrov\u0117 pagal nuosav\u0173 parduotuvi\u0173 skai\u010di\u0173 u\u017eima lyderio pozicij\u0105 tarp did\u017ei\u0173j\u0173 prekybinink\u0173.<\/p>\n<p>Gyventojai, kurie jau yra pasikeit\u0119 senus, neefektyvius \u0161ilumos gamybos \u012frenginius \u012f modernius ir aplinkai draugi\u0161kus \u0161ildymo sprendimus, nuo spalio 1 d. v\u0117l gal\u0117s teikti parai\u0161kas valstyb\u0117s paramai gauti. \u0160iam Energetikos ministerijos inicijuotam kvietimui bus skirta beveik 8,5\u00a0 mln. eur\u0173.\u202fParamos priemon\u0119 administruos Lietuvos energetikos agent\u016bra. Parama bus skiriama \u012fsirengus naujus, nenaudotus 5-osios klas\u0117s sertifikuotus biokuro katilus arba \u0161ilumos siurblius \u017eem\u0117\u2013vanduo, vanduo\u2013vanduo, oras\u2013vanduo ar oras\u2013oras, jeigu tokie \u0161ilumos \u012frenginiai skirti \u0161ildyti b\u016bst\u0105.\u202fParam\u0105 gal\u0117s gauti tik tie gyventojai, kurie jau yra \u012fsireng\u0119 nauj\u0105 \u012frengin\u012f ir kartu su parai\u0161ka pateikia mok\u0117jimo pra\u0161ym\u0105 bei \u012frenginio \u012fsirengim\u0105 patvirtinan\u010dius dokumentus. Dar labiau supaprastinus dokument\u0173 pateikim\u0105, pvz., \u0161iame kvietime nelieka prievol\u0117s prid\u0117ti sen\u0173 \u012frengini\u0173 nuotrauk\u0173, gyventojams bus lengviau ir patogiau teikti parai\u0161kas, jos bus operatyviai \u012fvertinamos, o l\u0117\u0161os greitai pasieks \u017emones. Priklausomai nuo pasirinkto \u012frenginio tipo ir galios, gali b\u016bti kompensuojama vidutini\u0161kai apie 3 500 eur\u0173 i\u0161laid\u0173 u\u017e \u0161ilumos siurbl\u012f arba apie 1 500 eur\u0173 \u2013 u\u017e 5-osios klas\u0117s biokuro katil\u0105. Pavyzd\u017eiui, \u012fsirengus iki 7 kW galios \u0161ilumos siurbl\u012f oras\u2013vanduo, galima gauti iki 4 280 eur\u0173 paramos.\u202fPer 2025 m. gyventojai jau pasikeit\u0117 daugiau \u0161ildymo \u012frengini\u0173 nei per visus 2024 metus: \u0161iemet per devynis m\u0117nesius pakeista daugiau kaip 6 200 \u012frengini\u0173 \u2013 tai 3 670 \u012frenginiais daugiau nei per 2024 metus. I\u0161 viso daugiau nei 8700 gyventoj\u0173 jau atsinaujino savo b\u016bsto \u0161ildymo sistemas, pasinaudoj\u0119 valstyb\u0117s teikiamu finansavimu. Jiems jau i\u0161mok\u0117ta daugiau kaip 28,7 mln. eur\u0173. Iki 2029 m. numatytas daugiau nei 112,4 mln. eur\u0173 valstyb\u0117s finansavimas neefektyvi\u0173 \u0161ildymo \u012frengini\u0173 keitimui b\u016bstuose.\u00a0<\/p>\n<p>2025 m. spalio 3\u20135 d. <a style=\"font-weight:bold;\" href=\"https:\/\/madeinvilnius.lt\/tema\/vilniaus-rajonas\/\" target=\"_blank\" rel=\"nofollow noopener\">Vilniaus rajone<\/a>, Marijampolio seni\u016bnijoje, vyks <a style=\"font-weight:bold;\" href=\"https:\/\/madeinvilnius.lt\/tema\/lietuvos-kariuomene\/\" target=\"_blank\" rel=\"nofollow noopener\">Lietuvos kariuomen\u0117s<\/a> Kra\u0161to apsaugos savanori\u0173 paj\u0117g\u0173 Did\u017eiosios Kovos apygardos 8-osios rinktin\u0117s ir Lietuvos \u0161auli\u0173 s\u0105jungos lauko taktin\u0117s pratybos, kuri\u0173 tikslas treniruoti karius savanorius \u0161alies gynybai ir taikos meto u\u017eduotims. Pratybose dalyvaus apie 350 kari\u0173 ir Lietuvos \u0161auli\u0173 s\u0105jungos kovini\u0173 \u0161auli\u0173 su ginklais. Imitaciniai \u0161audmenys, pirotechnin\u0117s priemon\u0117s bus naudojamos. Bus naudojami bepilo\u010diai skraidantys orlaiviai. <a style=\"font-weight:bold;\" href=\"https:\/\/madeinvilnius.lt\/tema\/kariai\/\" target=\"_blank\" rel=\"nofollow noopener\">Kariai<\/a> jud\u0117s karin\u0117mis ir civilin\u0117mis ratin\u0117mis transporto priemon\u0117mis. Pratybos vyks \u0161viesiu ir tamsiu paros metu. Kariai \u012fsipareigoja po pratyb\u0173 sutvarkyti pratyb\u0173 vietas.<\/p>\n<p>Miesto aplinkos skyriaus Aplinkos apsaugos program\u0173 ir \u017eeldini\u0173 tvarkymo poskyris informuoja, kad nuo 2025 m. spalio 6 d. Pavilni\u0173 girininkijos teritorijoje, ruo\u017ee tarp Guri\u0173, Pavilnio ir Belmonto gatvi\u0173, Lietuvos elektros perdavimo sistemos operator\u0117s LITGRID u\u017esakymu bus vykdomi valstybinio mi\u0161ko bei \u017eeldyn\u0173 teritorijoje augan\u010di\u0173, auk\u0161tos \u012ftampos (110 kV) elektros perdavimo linijoms pavoj\u0173 kelian\u010di\u0173 med\u017ei\u0173 \u0161alinimo darbai. Siekiant u\u017etikrinti nepertraukiam\u0105 elektros energijos tiekim\u0105, med\u017eiai elektros oro linij\u0173 apsaugos zonose gali b\u016bti \u0161alinami specialiaisiais kirtimais, nesikreipiant d\u0117l leidim\u0173 i\u0161davimo. Tai atliekama vadovaujantis aplinkos ministro patvirtintomis Mi\u0161ko kirtimo taisykl\u0117mis.<\/p>\n<p>Jau greitu metu bus prad\u0117ta remontuoti Vilniaus rotu\u0161\u0117, laikoma vienu svarbiausi\u0173 klasicizmo architekt\u016bros paminkl\u0173 Lietuvoje ir sostin\u0117s politinio, visuomeninio bei kult\u016brinio gyvenimo centru. <a style=\"font-weight:bold;\" href=\"https:\/\/madeinvilnius.lt\/tema\/vilniaus-miesto-savivaldybe\/\" target=\"_blank\" rel=\"nofollow noopener\">Vilniaus miesto savivaldyb\u0117s<\/a> u\u017esakymu projekt\u0105 \u012fgyvendinanti Vilniaus vystymo kompanija jau i\u0161rinko kapitalinio remonto darb\u0173 rangov\u0105 \u2013 UAB \u201eEkstra statyba\u201c. Tvarkomieji paveldosaugos darbai bus atliekami pagal autenti\u0161kas technologijas, vadovaujantis tyrim\u0173 i\u0161vadomis ir paveldo tvarkybos reglament\u0173 reikalavimais. Kapitalinis remontas vyks etapais \u2013 planuojama sutvarkyti rotu\u0161\u0117s fasad\u0105 ir r\u016bsio patalpas, restauruoti vertinguosius fasado elementus, langus, duris, taip pat atlikti kitus b\u016btinus vidaus ir i\u0161or\u0117s remonto bei tvarkymo darbus. Rotu\u0161\u0117s vidaus remonto darbai bus prad\u0117ti nuo spalio 8 d. Planuojama, kad jie bus vykdomi iki kit\u0173 met\u0173 gegu\u017e\u0117s m\u0117n. Tuo metu bus stabdoma rotu\u0161\u0117s veikla, veiks tik joje \u012fsik\u016br\u0119s <a style=\"font-weight:bold;\" href=\"https:\/\/madeinvilnius.lt\/tema\/restoranai-vilniuje\/\" target=\"_blank\" rel=\"nofollow noopener\">restoranas<\/a>. V\u0117liau darbai persikels \u012f pastato i\u0161or\u0119 \u2013 juos planuojama pabaigti iki 2026 m. III ketv. Vilniaus rotu\u0161\u0117s fasadas ken\u010dia d\u0117l susid\u0117v\u0117jusios pastato stogo dangos, netinkamo, per ma\u017eo diametro lietvamzd\u017ei\u0173, lietaus nuvedimo sistemos nesandarum\u0173. D\u0117l \u0161i\u0173 tr\u016bkum\u0173 dr\u0117ksta fasado tinkas, pa\u017eeid\u017eiama statinio konstrukcija, architekt\u016bros elementai. Grind\u0173 danga dalyje patalp\u0173 reikalauja remonto, teraco ir marmuro pavir\u0161iai turi b\u016bti valomi, poliruojami, laipt\u0173 pakop\u0173 bei antpakopi\u0173 netektys remontuojamos, restauruojamos. Turi b\u016bti atnaujinami ir vidaus patalp\u0173 tinkuoti sien\u0173 pavir\u0161iai, angokra\u0161\u010di\u0173 kampai, mechani\u0161kai pa\u017eeistos kolon\u0173 baz\u0117s, in\u017einerin\u0117s sistemos.<\/p>\n<p>Nuo spalio 9 d. visoje Europos S\u0105jungoje \u012fsigalioja svarb\u016bs pakeitimai visiems, kurie naudojasi mok\u0117jimo paslaugomis. Mok\u0117jimai taps dar saugesni, kadangi, pagal Momentini\u0173 mok\u0117jim\u0173 reglament\u0105, mok\u0117jimo paslaug\u0173 teik\u0117jai \u2013 bankai, kredito unijos, elektronini\u0173 pinig\u0173 ir mok\u0117jimo \u012fstaigos \u2013 prie\u0161 pervesdami l\u0117\u0161as, tur\u0117s patikrinti, ar mok\u0117jimo pavedime \u012fra\u0161ytas l\u0117\u0161\u0173 gav\u0117jo vardas, pavard\u0117 ar pavadinimas sutampa su nurodytos mok\u0117jimo s\u0105skaitos savininku. Tai kovos su suk\u010diavimu priemon\u0117 \u2013 ji skirta apsaugoti Jus (mok\u0117toj\u0105) tais atvejais, kai suk\u010diai pateikia s\u0105skaitos numer\u012f su klaidingu vardu, pavyzd\u017eiui, nurodo, kad tai J\u016bs\u0173 pa\u017e\u012fstamo \u017emogaus, institucijos ar \u017einomo pardav\u0117jo s\u0105skaita. \u0160i priemon\u0117 pad\u0117s i\u0161vengti Jums ir toki\u0173 atvej\u0173, kai pinigus per klaid\u0105 pervedate ne tam adresatui (\u017emogui ar \u012fmonei), kuriam ketinate. Prane\u0161im\u0105 apie gav\u0117jo pavadinimo patikrinim\u0105 gausite kiekvien\u0105 kart\u0105, kai savo elektronin\u0117s bankininkyst\u0117s sistemoje ar mobiliojoje program\u0117l\u0117je prad\u0117site mok\u0117jim\u0105 eurais. J\u016bs b\u016bsite informuojami apie patikrinimo rezultat\u0105 ir tuo atveju, jeigu pra\u0161ysite mok\u0117jim\u0105 atlikti fiziniuose banko ar kito mok\u0117jimo paslaug\u0173 teik\u0117jo padaliniuose. Verta prisiminti, kad\u00a0l\u0117\u0161\u0173 gav\u0117jo informacija bus tikrinama, kol dar mok\u0117jimas nebus patvirtintas, t. y. i\u0161 karto po to, kai bus \u012fra\u0161ytas gav\u0117jo mok\u0117jimo s\u0105skaitos numeris ir jo vardas, pavard\u0117 ar pavadinimas. Pla\u010diau: https:\/\/www.lb.lt\/lt\/gavejo-tikrinimo-paslauga<\/p>\n<p>Spalio 16\u201319 d. Elektr\u0117n\u0173 Vievio sen., Mol\u0117t\u0173, \u0160al\u010dinink\u0173 Gervi\u0161ki\u0173 sen., \u0160irvint\u0173, \u0160ven\u010dioni\u0173, Ukmerg\u0117s ir Vilniaus r. savivaldyb\u0117se vyks Kra\u0161to apsaugos savanori\u0173 paj\u0117g\u0173 pratybos \u201eTvirtas skydas 8\u201c. \u0160iose pratybose dalyvaus KASP Did\u017eiosios Kovos apygardos\u00a0 8-osios rinktin\u0117s kariai, kiti Lietuvos kariuomen\u0117s ir <a style=\"font-weight:bold;\" href=\"https:\/\/madeinvilnius.lt\/tema\/nato\/\" target=\"_blank\" rel=\"nofollow noopener\">NATO<\/a> s\u0105junginink\u0173 vienetai bei Lietuvos \u0161auli\u0173 s\u0105jungos nariai. Pratyb\u0173 metu kariai vykdys karines u\u017eduotis civilin\u0117je aplinkoje. Siekiant sudaryti s\u0105lygas treniravimuisi, pratyb\u0173 dalyviai vykdys taktines u\u017eduotis, jud\u0117s p\u0117s\u010diomis ir transporto priemon\u0117mis, naudos imitacinius \u0161audmenis, sprogstam\u0105sias ir d\u016bmines priemones bei signalines raketas.<\/p>\n<p>Elektronin\u0117s prekybos bendrov\u0117 \u201ePigu\u201c, nusprend\u0117 optimizuoti klient\u0173 aptarnavimo ir preki\u0173 atsi\u0117mimo punktus. Kaip prane\u0161a \u201eVerslo \u017einios\u201c, Vilniuje paliks tik vien\u0105, nes \u012fmon\u0117 u\u017edaro fizin\u0119 parduotuv\u0119 CUP prekybos centre. Kaip sako \u201ePigu.lt\u201c vadovas ir \u012fk\u016br\u0117jas Dainius Liulys, nuspr\u0119sta palikti tik parduotuv\u0119, esan\u010di\u0105 adresu Laisv\u0117s pr. 75, kuri, jo teigimu, yra daug populiaresn\u0117. Pasak bendrov\u0117s vadovo, Vilniaus centre, netoli <a style=\"font-weight:bold;\" href=\"https:\/\/madeinvilnius.lt\/tema\/baltasis-tiltas\/\" target=\"_blank\" rel=\"nofollow noopener\">Baltojo tilto<\/a> veik\u0119s punktas bus prijungtas prie Laisv\u0117s prospekte esan\u010dios parduotuv\u0117s nuo spalio 27 d. \u2013 visas asortimentas bus perkeltas, darbuotojai t\u0119s darb\u0105 pagrindin\u0117je lokacijoje. Registr\u0173 centro duomenimis, \u201ePigu\u201c paskutiniu metu dirbo nuostolingai \u2013 2022-2023 metais finansin\u0117je ataskaitoje u\u017efiksuotas 27,6 mln. eur\u0173 nuostolis. 2021-2022 m. \u2013 beveik 20 mln. eur\u0173 nuostolis, o naujesni\u0173 duomen\u0173 bendrov\u0117 kol kas dar nepateikusi.<\/p>\n<p>MadeinVilnius.lt informacij\u0105 skelbti, cituoti ar kitaip atgaminti visuomen\u0117s informavimo priemon\u0117se bei interneto tinklalapiuose be ra\u0161ti\u0161ko UAB \u201eNaujosios medijos grup\u0117s\u201c sutikimo neleid\u017eiama.<img decoding=\"async\" class=\"wp-image-10416 alignright\" src=\"https:\/\/www.europesays.com\/lt\/wp-content\/uploads\/2025\/09\/Made-In-Vilnius-main-RGB-e1665487819114.png\" alt=\"MadeinVilnius.lt\" width=\"100\" style=\"margin-right: 20px\"\/><\/p>\n","protected":false},"excerpt":{"rendered":"Nuo spalio 1 d. kei\u010diasi Paber\u017e\u0117s krypties mar\u0161rut\u0173 Nr. 130 \u201eVilnius (Pramog\u0173 arenos stotel\u0117) \u2013 Giedrai\u010diai per Pikeli\u0161kes\u201c,&hellip;\n","protected":false},"author":2,"featured_media":8005,"comment_status":"","ping_status":"","sticky":false,"template":"","format":"standard","meta":{"footnotes":""},"categories":[13],"tags":[25,30,31,34,35,24,32,33,37,39,36,38,40,1774,3172,65,23,22,28,29,26,27],"class_list":{"0":"post-8004","1":"post","2":"type-post","3":"status-publish","4":"format-standard","5":"has-post-thumbnail","7":"category-lietuva","8":"tag-antrastes","9":"tag-breaking-news","10":"tag-breakingnews","11":"tag-featured-news","12":"tag-featurednews","13":"tag-headlines","14":"tag-latest-news","15":"tag-latestnews","16":"tag-lietuva","17":"tag-lietuviu","18":"tag-lithuania","19":"tag-lithuanian","20":"tag-lt","21":"tag-madeinvilnius","22":"tag-mokesciai","23":"tag-naujiena","24":"tag-naujienos","25":"tag-news","26":"tag-populiariausios-naujienos","27":"tag-populiariausiosnaujienos","28":"tag-top-stories","29":"tag-topstories"},"share_on_mastodon":{"url":"","error":""},"_links":{"self":[{"href":"https:\/\/www.europesays.com\/lt\/wp-json\/wp\/v2\/posts\/8004","targetHints":{"allow":["GET"]}}],"collection":[{"href":"https:\/\/www.europesays.com\/lt\/wp-json\/wp\/v2\/posts"}],"about":[{"href":"https:\/\/www.europesays.com\/lt\/wp-json\/wp\/v2\/types\/post"}],"author":[{"embeddable":true,"href":"https:\/\/www.europesays.com\/lt\/wp-json\/wp\/v2\/users\/2"}],"replies":[{"embeddable":true,"href":"https:\/\/www.europesays.com\/lt\/wp-json\/wp\/v2\/comments?post=8004"}],"version-history":[{"count":0,"href":"https:\/\/www.europesays.com\/lt\/wp-json\/wp\/v2\/posts\/8004\/revisions"}],"wp:featuredmedia":[{"embeddable":true,"href":"https:\/\/www.europesays.com\/lt\/wp-json\/wp\/v2\/media\/8005"}],"wp:attachment":[{"href":"https:\/\/www.europesays.com\/lt\/wp-json\/wp\/v2\/media?parent=8004"}],"wp:term":[{"taxonomy":"category","embeddable":true,"href":"https:\/\/www.europesays.com\/lt\/wp-json\/wp\/v2\/categories?post=8004"},{"taxonomy":"post_tag","embeddable":true,"href":"https:\/\/www.europesays.com\/lt\/wp-json\/wp\/v2\/tags?post=8004"}],"curies":[{"name":"wp","href":"https:\/\/api.w.org\/{rel}","templated":true}]}}