{"id":80821,"date":"2026-01-10T14:08:08","date_gmt":"2026-01-10T14:08:08","guid":{"rendered":"https:\/\/www.europesays.com\/lt\/80821\/"},"modified":"2026-01-10T14:08:08","modified_gmt":"2026-01-10T14:08:08","slug":"santaros-klinikas-palikus-6-chirurgams-auga-mamu-nerimas-man-tai-yra-tik-baime","status":"publish","type":"post","link":"https:\/\/www.europesays.com\/lt\/80821\/","title":{"rendered":"Santaros klinikas palikus 6 chirurgams auga mam\u0173 nerimas: \u201eMan tai yra tik baim\u0117\u201c"},"content":{"rendered":"\n<p>\u201eMes, 44 aktyviai veikian\u010dios \u0161eimos, susib\u016br\u0117me ir inicijavome peticij\u0105\u201c, \u2013 penktadien\u012f surengtos spaudos konferencijos metu kalb\u0117jo vieno i\u0161 Santaros klinik\u0173 Vaik\u0173 neurochirurgijos skyriuje gydyt\u0173 vaik\u0173 mama Lina Antinien\u0117.\u00a0<\/p>\n<p>Jos teigimu, peticija \u201eSantaros vaik\u0173 <a href=\"https:\/\/www.tv3.lt\/gaires\/neurochirurgai\" target=\"_blank\" rel=\"nofollow noopener\">neurochirurgai<\/a> turi b\u016bti gr\u0105\u017einti\u201c siekiama atkurti skland\u017eiai veikiant\u012f Santaros klinik\u0173 Vaik\u0173 neurochirurgijos skyri\u0173 su medikais, turin\u010diais darbo su vaikais patirties ir galin\u010diais u\u017etikrinti reikaling\u0173 paslaug\u0173, operacij\u0173 bei proced\u016br\u0173 prieinamum\u0105. \u00a0<\/p>\n<p>     Kai kurios sud\u0117tingos operacijos tapo neprieinamos? <\/p>\n<p>L. Antinien\u0117s teigimu, \u0161iuo metu, klinikas per pastaruosius kelis m\u0117nesius palikus \u0161e\u0161iems neurochirurgams, kai kurios sud\u0117tingos operacijos Santaros klinikose neb\u0117ra prieinamos, mat ligonin\u0117je lik\u0119 dirbti medikai neturi tam reikalingos patirties.\u00a0<\/p>\n<p>\u201ePer \u0161iuos tris m\u0117nesius teko daug daugiau su\u017einoti apie medicin\u0105 ir neurochirurgij\u0105 (\u2026) nei nor\u0117t\u0173si. Su\u017einojome, kad gydytoj\u0173 rezident\u016bra trunka \u0161e\u0161erius metus. Keturi m\u0117nesiai skiriami vaikams. Kaip per tuos keturis m\u0117nesius u\u017esiauginti toki\u0105 patirt\u012f, koki\u0105 b\u016bt\u0173 galima prilyginti de\u0161imtme\u010diams?\u201c \u2013 konferencijos metu kalb\u0117jo mama.\u00a0<\/p>\n<p>Tuo metu kita Vaik\u0173 neurochirurgijos skyriuje gydyto vaiko mama Jurgita Rogo\u017eien\u0117 akcentuoja, jog klinikas palikus keliems patyrusiems specialistams, pacientai nebeturi jiems priskirto neurochirurgo.\u00a0<\/p>\n<p>     <a href=\"https:\/\/www.tv3.lt\/Uploads\/UGallery\/photos\/ea\/d5\/c9\/a5\/ead5c9a58e118fe6810a9a4b680b8504.jpg\" data-fancybox=\"photos-embed\" data-caption=\"Susitikimas d\u0117l kriz\u0117s Santaros klinik\u0173 Neurochiruergijos centre (Paulius Peleckis\/ BNS nuotr.)\" target=\"_self\" rel=\"nofollow noopener\"> <img decoding=\"async\" class=\"photo-inside-article\" align=\"center\" alt=\"Susitikimas d\u0117l kriz\u0117s Santaros klinik\u0173 Neurochiruergijos centre (Paulius Peleckis\/ BNS nuotr.)\" title=\"Susitikimas d\u0117l kriz\u0117s Santaros klinik\u0173 Neurochiruergijos centre (Paulius Peleckis\/ BNS nuotr.)\" src=\"https:\/\/www.europesays.com\/lt\/wp-content\/uploads\/2026\/01\/ead5c9a58e118fe6810a9a4b680b8504.jpg\" width=\"684\" height=\"654\" loading=\"lazy\" \/> <\/a>       <\/p>\n<p>\u201eNuo \u0161iol mes nebetur\u0117sime vieno priskirto neurochirurgo. Tie neurochirurgai, kurie bud\u0117s, tie ir konsultuos, kai mes atvyksime \u012f ligonin\u0119 (\u2026). Nebebus vieno gydytojo, kuris pa\u017e\u012fsta mano vaik\u0105 ir kuris gal\u0117s viduryje nakties atsik\u0117lus pad\u0117ti apsispr\u0119sti situacijoje ir suprasti, koki\u0173 veiksm\u0173 reik\u0117s imtis (\u2026). Man tai n\u0117ra saugumo jausmas. Man tai yra tik baim\u0117, kad dukra Santarose negaus gero, kokybi\u0161ko gydymo, kaip gaudavo iki \u0161iol\u201c, \u2013 teig\u0117 J. Rogo\u017eien\u0117.\u00a0<\/p>\n<p>\u201ePrad\u0117jus komunikacij\u0105 su Sveikatos apsaugos ministerija (SAM), mums buvo labai daug \u017ead\u0117ta: kar\u0161toji linija, sprendimai, t\u0119stinumas, ta\u010diau realyb\u0117je veiksmai vyksta tik tada, kai jiems dar kart\u0105 primename, para\u0161ome lai\u0161k\u0105 (\u2026), papildomai paskambiname\u201c, \u2013 kalb\u0117jo moteris.\u00a0<\/p>\n<p> R. Raugalas: problema vyst\u0117si daugiau nei dvejus metus <\/p>\n<p>Savo ruo\u017etu vienas i\u0161 darbo i\u0161\u0117jusi\u0173 neurochirurg\u0173 Ram\u016bnas Raugalas tikina, jog konfliktas tarp \u0161e\u0161i\u0173 pasitraukusi\u0173 medik\u0173 ir Santaros klinik\u0173 administracijos brendo ilg\u0105 laik\u0105.\u00a0<\/p>\n<p>\u201eProblema Neurochirurgijos centre pama\u017eu vyst\u0117si daugiau nei dvejus metus (\u2026) Atsirado gydytoj\u0173 grup\u0117, kuri kryptingai, sistemingai band\u0117 uzurpuoti vadovavim\u0105 Neurochirurgijos skyriui. Buvo pasirinktas ne garbingo, profesinio konkuravimo kelias (\u2026), bet tiesiog kryptingai diskredituojant tuometinio Neurochirurgijos centro vadov\u0105 profesori\u0173 Sauli\u0173 Ro\u010dk\u0105\u201c, \u2013 teig\u0117 R. Raugalas.\u00a0<\/p>\n<p>\u201ePer pastaruosius dvejus metus taip ir \u012fvyko, kad aplink tuos neurochirurgus susiformavo grupel\u0117 ir lik\u0119 neurochirurgai taip pat sudar\u0117 grupel\u0119. I\u0161 viso penkiolika gydytoj\u0173 \u2013 devyni pasilikusieji vienoje grup\u0117je ir \u0161e\u0161i, kurie i\u0161\u0117jo, kitoje grup\u0117je (\u2026).<\/p>\n<p>Mes visomis \u012fmanomomis priemon\u0117mis band\u0117me i\u0161spr\u0119sti konflikt\u0105 Santaros klinik\u0173 ribose, naudojant klinik\u0173 vidinius resursus, vidines tarnybas, bet ka\u017ekuriuo metu administracijai prad\u0117jus rodyti ry\u0161k\u0173 palankum\u0105 anai grupei, o mums vis sunkiau randant kontakt\u0105 su Santaros klinik\u0173 administracija (\u2026), pri\u0117m\u0117me sprendim\u0105 i\u0161eiti\u201c, \u2013 ai\u0161kino jis.\u00a0<\/p>\n<p>         Peticij\u0105 pasira\u0161\u0117 daugiau nei 8 t\u016bkst. \u017emoni\u0173 <\/p>\n<p>L. Antinien\u0117s teigimu, \u0161iuo metu peticij\u0105, kuria siekiama atkurti efektyviai veikianti Santaros klinik\u0173 Vaik\u0173 neurochirurgijos skyri\u0173, kuriame dirbt\u0173 patyr\u0119 specialistai, yra pasira\u0161\u0119 daugiau nei 8 t\u016bkst. \u017emoni\u0173.\u00a0<\/p>\n<p>\u201ePo peticijos \u0161itie para\u0161ai bus \u012fteikti SAM ir pakartotinai dar kart\u0105 ra\u0161ysime, dar kart\u0105 kviesime, pra\u0161ysime veiksm\u0173, nes administratoriai kei\u010diasi, bet yra specialist\u0173, kuri\u0173 pakeisti ne\u012fmanoma\u201c, \u2013 akcentavo ji.\u00a0<\/p>\n<p>Kaip skelbta anks\u010diau, lapkri\u010dio m\u0117nes\u012f per kelias savaites Santar\u0173 klinikas nusprend\u0117 palikti \u0161e\u0161i neurochirurgai. Siekiant i\u0161siai\u0161kinti detalesn\u0119 informacij\u0105 apie klinikos personalo i\u0161teklius, ligonin\u0117je lank\u0117si ir Seimo Sveikatos reikal\u0173 komiteto nariai bei ministr\u0117 Marija Jakubauskien\u0117.\u00a0<\/p>\n<p>Ji taip pat buvo u\u017esiminusi, jog jos vadovaujama Sveikatos apsaugos ministerija (SAM) d\u0117l susidariusios situacijos prad\u0117jo vidin\u012f tyrim\u0105.\u00a0<\/p>\n<p>Vis d\u0117lto, jau po vizito klinikose ministr\u0117 situacij\u0105 \u012fstaigoje pavadino komunikacine krize ir teig\u0117, jog medik\u0173 i\u0161\u0117jimas nepadarys jokios \u012ftakos ligonin\u0117je teikiam\u0173 paslaug\u0173 prieinamumui.\u00a0<\/p>\n<p>Kvie\u010diame atrasti nauj\u0105 tv3.lt turin\u012f! Nuo \u0161iol portale j\u016bs\u0173 laukia <a href=\"https:\/\/www.tv3.lt\/testai\" rel=\"nofollow noopener\" target=\"_blank\">kasdien nauji testai<\/a>   \u2013 i\u0161bandykite savo \u017einias ir smagiai praleiskite laik\u0105. <\/p>\n","protected":false},"excerpt":{"rendered":"\u201eMes, 44 aktyviai veikian\u010dios \u0161eimos, susib\u016br\u0117me ir inicijavome peticij\u0105\u201c, \u2013 penktadien\u012f surengtos spaudos konferencijos metu kalb\u0117jo vieno i\u0161&hellip;\n","protected":false},"author":2,"featured_media":80822,"comment_status":"","ping_status":"","sticky":false,"template":"","format":"standard","meta":{"footnotes":""},"categories":[6],"tags":[17387,25,30,31,57,43,34,35,55,48,24,54,51,49,50,32,33,37,39,36,38,40,45,23,22,44,28,29,53,42,56,47,26,27,41,46,58,52],"class_list":{"0":"post-80821","1":"post","2":"type-post","3":"status-publish","4":"format-standard","5":"has-post-thumbnail","7":"category-antrastes","8":"tag-2026-01-09-145300","9":"tag-antrastes","10":"tag-breaking-news","11":"tag-breakingnews","12":"tag-daiktai","13":"tag-dienos-kronika","14":"tag-featured-news","15":"tag-featurednews","16":"tag-gatves-tekstai","17":"tag-gyvenimas","18":"tag-headlines","19":"tag-interneto-pievos","20":"tag-keliones","21":"tag-kultura","22":"tag-laisvalaikis","23":"tag-latest-news","24":"tag-latestnews","25":"tag-lietuva","26":"tag-lietuviu","27":"tag-lithuania","28":"tag-lithuanian","29":"tag-lt","30":"tag-mokslas-ir-it","31":"tag-naujienos","32":"tag-news","33":"tag-pasaulis","34":"tag-populiariausios-naujienos","35":"tag-populiariausiosnaujienos","36":"tag-projektai","37":"tag-rinktiniai-tekstai","38":"tag-simtmecio-portalas","39":"tag-sportas","40":"tag-top-stories","41":"tag-topstories","42":"tag-tv3-lt","43":"tag-verslas","44":"tag-video","45":"tag-zaidimai"},"share_on_mastodon":{"url":"","error":"Validation failed: Text character limit of 500 exceeded"},"_links":{"self":[{"href":"https:\/\/www.europesays.com\/lt\/wp-json\/wp\/v2\/posts\/80821","targetHints":{"allow":["GET"]}}],"collection":[{"href":"https:\/\/www.europesays.com\/lt\/wp-json\/wp\/v2\/posts"}],"about":[{"href":"https:\/\/www.europesays.com\/lt\/wp-json\/wp\/v2\/types\/post"}],"author":[{"embeddable":true,"href":"https:\/\/www.europesays.com\/lt\/wp-json\/wp\/v2\/users\/2"}],"replies":[{"embeddable":true,"href":"https:\/\/www.europesays.com\/lt\/wp-json\/wp\/v2\/comments?post=80821"}],"version-history":[{"count":0,"href":"https:\/\/www.europesays.com\/lt\/wp-json\/wp\/v2\/posts\/80821\/revisions"}],"wp:featuredmedia":[{"embeddable":true,"href":"https:\/\/www.europesays.com\/lt\/wp-json\/wp\/v2\/media\/80822"}],"wp:attachment":[{"href":"https:\/\/www.europesays.com\/lt\/wp-json\/wp\/v2\/media?parent=80821"}],"wp:term":[{"taxonomy":"category","embeddable":true,"href":"https:\/\/www.europesays.com\/lt\/wp-json\/wp\/v2\/categories?post=80821"},{"taxonomy":"post_tag","embeddable":true,"href":"https:\/\/www.europesays.com\/lt\/wp-json\/wp\/v2\/tags?post=80821"}],"curies":[{"name":"wp","href":"https:\/\/api.w.org\/{rel}","templated":true}]}}