{"id":81112,"date":"2026-01-10T23:45:07","date_gmt":"2026-01-10T23:45:07","guid":{"rendered":"https:\/\/www.europesays.com\/lt\/81112\/"},"modified":"2026-01-10T23:45:07","modified_gmt":"2026-01-10T23:45:07","slug":"lietuvoje-pasirode-magiski-sviesos-stulpai-reiskini-galima-stebeti-plika-akimi-verslas","status":"publish","type":"post","link":"https:\/\/www.europesays.com\/lt\/81112\/","title":{"rendered":"Lietuvoje pasirod\u0117 magi\u0161ki \u0161viesos stulpai: rei\u0161kin\u012f galima steb\u0117ti plika akimi | Verslas"},"content":{"rendered":"<p>Nors anks\u010diau \u0161is rei\u0161kinys buvo laikomas reta Arkties, Sibiro ar Kanados gamtos anomalija, dabar jis vis da\u017eniau pastebimas ir m\u016bs\u0173 \u0161alyje.<\/p>\n<p>Kaip prane\u0161a \u201eOrai ir klimatas Lietuvoje\u201c savo \u201eFacebook\u201c paskyroje, tam, kad \u0161viesos stulpai atsirast\u0173, reikia pakankamai \u0161alto oro \u2013 apie -10 \u00b0C ar daugiau \u0161al\u010dio, o ore turi pl\u016bduriuoti labai smulkios, plok\u0161tel\u0117s formos \u0161e\u0161iakamp\u0117s snaigel\u0117s.<\/p>\n<p>Tokios s\u0105lygos sukuria optin\u012f efekt\u0105, kai \u017eibintai ar kiti ry\u0161k\u016bs \u0161viesos \u0161altiniai atrodo tarsi i\u0161auga \u012f dang\u0173.<\/p>\n<p>\u0160iuo metu, apie 23 val., \u0161viesos stulpai matomi tiek Alytuje, tiek kitose Lietuvos vietov\u0117se. Meteorologai rekomenduoja \u017ei\u016br\u0117ti \u012f dang\u0173 tamsesn\u0117se vietose, ne po ry\u0161kiomis gatvi\u0173 \u0161viesomis, kad rei\u0161kinys b\u016bt\u0173 gerai matomas.<\/p>\n<p>\u201eI\u0161\u0117jus \u012f lauk\u0105, net ant tamsios striuk\u0117s galima pamatyti smulkias \u0161e\u0161iakampes snaigeles, kurios kuria vis\u0105 \u0161viesos stulp\u0173 gro\u017e\u012f. Dangus ir \u017eem\u0117s pavir\u0161ius tarsi blizga\u201c, \u2013 ra\u0161o meteorologai.<\/p>\n<p>Optinis rei\u0161kinys, nors ir retas, \u0161iomis s\u0105lygomis tampa puikia galimybe Lietuvos gyventojams steb\u0117ti gamtos magij\u0105 savo miestuose ar priemies\u010diuose.<\/p>\n","protected":false},"excerpt":{"rendered":"Nors anks\u010diau \u0161is rei\u0161kinys buvo laikomas reta Arkties, Sibiro ar Kanados gamtos anomalija, dabar jis vis da\u017eniau pastebimas&hellip;\n","protected":false},"author":2,"featured_media":81113,"comment_status":"","ping_status":"","sticky":false,"template":"","format":"standard","meta":{"footnotes":""},"categories":[13],"tags":[25,30,31,34,35,24,32,33,37,39,36,38,40,23,22,28,29,26,27],"class_list":{"0":"post-81112","1":"post","2":"type-post","3":"status-publish","4":"format-standard","5":"has-post-thumbnail","7":"category-lietuva","8":"tag-antrastes","9":"tag-breaking-news","10":"tag-breakingnews","11":"tag-featured-news","12":"tag-featurednews","13":"tag-headlines","14":"tag-latest-news","15":"tag-latestnews","16":"tag-lietuva","17":"tag-lietuviu","18":"tag-lithuania","19":"tag-lithuanian","20":"tag-lt","21":"tag-naujienos","22":"tag-news","23":"tag-populiariausios-naujienos","24":"tag-populiariausiosnaujienos","25":"tag-top-stories","26":"tag-topstories"},"share_on_mastodon":{"url":"https:\/\/pubeurope.com\/@lt\/115873469194532982","error":""},"_links":{"self":[{"href":"https:\/\/www.europesays.com\/lt\/wp-json\/wp\/v2\/posts\/81112","targetHints":{"allow":["GET"]}}],"collection":[{"href":"https:\/\/www.europesays.com\/lt\/wp-json\/wp\/v2\/posts"}],"about":[{"href":"https:\/\/www.europesays.com\/lt\/wp-json\/wp\/v2\/types\/post"}],"author":[{"embeddable":true,"href":"https:\/\/www.europesays.com\/lt\/wp-json\/wp\/v2\/users\/2"}],"replies":[{"embeddable":true,"href":"https:\/\/www.europesays.com\/lt\/wp-json\/wp\/v2\/comments?post=81112"}],"version-history":[{"count":0,"href":"https:\/\/www.europesays.com\/lt\/wp-json\/wp\/v2\/posts\/81112\/revisions"}],"wp:featuredmedia":[{"embeddable":true,"href":"https:\/\/www.europesays.com\/lt\/wp-json\/wp\/v2\/media\/81113"}],"wp:attachment":[{"href":"https:\/\/www.europesays.com\/lt\/wp-json\/wp\/v2\/media?parent=81112"}],"wp:term":[{"taxonomy":"category","embeddable":true,"href":"https:\/\/www.europesays.com\/lt\/wp-json\/wp\/v2\/categories?post=81112"},{"taxonomy":"post_tag","embeddable":true,"href":"https:\/\/www.europesays.com\/lt\/wp-json\/wp\/v2\/tags?post=81112"}],"curies":[{"name":"wp","href":"https:\/\/api.w.org\/{rel}","templated":true}]}}