{"id":81131,"date":"2026-01-11T04:10:07","date_gmt":"2026-01-11T04:10:07","guid":{"rendered":"https:\/\/www.europesays.com\/lt\/81131\/"},"modified":"2026-01-11T04:10:07","modified_gmt":"2026-01-11T04:10:07","slug":"ces-2026-parodoje-sony-ir-honda-naujiena-pademonstravo-naujaji-afeela-1-modeli","status":"publish","type":"post","link":"https:\/\/www.europesays.com\/lt\/81131\/","title":{"rendered":"\u201eCES 2026\u201c parodoje \u2013 \u201eSony\u201c ir \u201eHonda\u201c naujiena: pademonstravo nauj\u0105j\u012f \u201eAfeela 1\u201c model\u012f"},"content":{"rendered":"<p>               Sony Honda Mobility (SHM), bendras Japonijos technologij\u0173 mil\u017eini\u0173 Sony ir Honda projektas, parodoje CES 2026 pristat\u0117 prie\u0161serijin\u0119 Afeela 1 sedano versij\u0105 ir pirm\u0105 kart\u0105 pademonstravo naujo elektrinio visureigio prototip\u0105, kuriam \u012fkv\u0117pimo suteik\u0117 ta pati dizaino kalba.<\/p>\n<p>Afeela 1 jau beveik trejus metus traukia d\u0117mes\u012f. SHM pirm\u0105j\u012f \u0161io akumuliatorin\u012f elektrin\u012f sedan\u0105- limuzin\u0105 kaip prototip\u0105 pristat\u0117 dar CES 2023 parodoje, taip ai\u0161kiai parodant rimtas ambicijas elektromobili\u0173 rinkoje. Vystymas vyko nuosekliai, o CES 2025 metu oficialiai paskelbtas modelio pavadinimas \u2013 Afeela 1 \u2013 ir pradin\u0117 kaina \u2013 89 990 JAV doleri\u0173.<\/p>\n<p>CES 2026 parodoje SHM \u017eeng\u0117 dar vien\u0105 svarb\u0173 \u017eingsn\u012f, pristatydama prie\u0161serijin\u0119 Afeela 1 versij\u0105. Tai rodo, kad automobilio pasirodymas rinkoje jau visai netoli. Planuojama, kad pirmieji klientai Kalifornijoje j\u012f gaus dar \u0161iais metais, o Arizonoje pristatymai prasid\u0117s 2025-aisiais. Japonijoje Afeela 1 tur\u0117t\u0173 pasirodyti pirmajame 2027 m. pusmetyje.<\/p>\n<p>I\u0161 prad\u017ei\u0173 Afeela 1 bus si\u016bloma tik dviejose JAV valstijose ir Japonijoje. Tokia strategija, tik\u0117tina, susijusi su dideliu d\u0117mesiu pa\u017eangioms vairuotojo pagalbos ir ateityje planuojamoms autonominio vairavimo funkcijoms, kurioms b\u016btini specifiniai reguliaciniai patvirtinimai.<\/p>\n<p><img loading=\"lazy\" decoding=\"async\" style=\"aspect-ratio:632\/421;\" src=\"https:\/\/bilis.lt\/assets\/nuotraukos\/_tekstuose\/1013075\/photo-1674355796.avif?transformId=462678\" width=\"632\" height=\"421\" alt=\"\"\/><\/p>\n<p>Saugumo ir pagalbos sistem\u0173 pagrind\u0105 sudaro itin gausi jutikli\u0173 \u012franga: i\u0161 viso 40 jutikli\u0173, tarp kuri\u0173 \u2013 18 kamer\u0173, vienas LiDAR, devyni radarai ir dvylika ultragarsini\u0173 jutikli\u0173. Visa tai aptarnauja Qualcomm skai\u010diavimo platforma, galinti pasiekti iki 800 TOPS skai\u010diavimo na\u0161um\u0105. SHM taip pat patvirtino, kad dalis pa\u017eangi\u0173 vairuotojo pagalbos funkcij\u0173 ateityje bus teikiamos prenumeratos principu.<\/p>\n<p>CES 2026 parodoje Sony Honda Mobility pristat\u0117 ir atnaujint\u0105 Afeela Intelligent Drive sistemos vizij\u0105. Bendrov\u0117 ple\u010dia \u0161i\u0105 sistem\u0105 iki i\u0161samios dirbtinio intelekto platformos, kurioje integruotas vaizdo ir kalbos modelis (VLM). \u0160iuo metu pagrindinis d\u0117mesys skiriamas 2+ lygio pagalbai vairuotojui, galin\u010diai pad\u0117ti kelion\u0117s nuo prad\u017eios iki pabaigos metu, ta\u010diau ilgalaikis tikslas \u2013 pasiekti 4 autonominio vairavimo lyg\u012f. Tuomet automobilio salonas tapt\u0173 visi\u0161kai \u201ebevairiuoto\u201c pob\u016bd\u017eio erdve, kurioje keleiviai gal\u0117t\u0173 susitelkti \u012f pramogas ir kitas veiklas.<\/p>\n<p>Ruo\u0161damasi masinei gamybai, SHM 2025 m. ruden\u012f atliko Afeela 1 bandomuosius surinkimo ciklus Honda gamykloje East Liberty mieste, Ohajuje. CES 2026 parodyti automobiliai yra \u0161i\u0173 bandym\u0173 rezultatas. Artimiausiu metu kompanija planuoja atidaryti specialias Afeela Studios erdves Toranse ir Fremonte (Kalifornija). Jose po vienu stogu bus \u012frengti salonai, automobilio atsi\u0117mimo ir klient\u0173 patirties centrai.<\/p>\n<p>\u00a0<\/p>\n<p><img loading=\"lazy\" decoding=\"async\" style=\"aspect-ratio:632\/421;\" src=\"https:\/\/bilis.lt\/assets\/nuotraukos\/_tekstuose\/1013086\/nuotraukos-is-canva_2026-01-09-065014_gkpz.avif?transformId=462694\" width=\"632\" height=\"421\" alt=\"\"\/><\/p>\n<p>Be Afeela 1 sedano, Sony Honda Mobility CES 2026 parodoje pristat\u0117 ir nauj\u0105 koncepcin\u012f model\u012f \u2013 Afeela Prototype 2026. Tai akumuliatorinis elektrinis SUV kup\u0117, kuriam b\u016bdingas labai artimas Afeela 1 dizainas, ta\u010diau jis pritaikytas didesnei salono erdvei, lankstumui ir geresniam prieinamumui u\u017etikrinti.<\/p>\n<p>Nors tiksli\u0173 i\u0161matavim\u0173 ir technini\u0173 parametr\u0173 SHM kol kas neatskleid\u017eia, teigiama, kad \u0161is modelis t\u0119sia pagrindin\u0119 Afeela id\u0117j\u0105 ir yra kuriamas taip, kad patraukt\u0173 platesnio vartotoj\u0173 rato d\u0117mes\u012f.<\/p>\n<p>Serijin\u0117 versija, paremta \u0161iuo SUV prototipu, jau planuojama: jos debiutas JAV rinkoje numatomas 2028 metais.<\/p>\n","protected":false},"excerpt":{"rendered":"Sony Honda Mobility (SHM), bendras Japonijos technologij\u0173 mil\u017eini\u0173 Sony ir Honda projektas, parodoje CES 2026 pristat\u0117 prie\u0161serijin\u0119 Afeela&hellip;\n","protected":false},"author":2,"featured_media":81132,"comment_status":"","ping_status":"","sticky":false,"template":"","format":"standard","meta":{"footnotes":""},"categories":[17],"tags":[17448,17450,6513,17446,17449,906,81,37,39,36,38,40,10004,13136,65,17447,17445,46],"class_list":{"0":"post-81131","1":"post","2":"type-post","3":"status-publish","4":"format-standard","5":"has-post-thumbnail","7":"category-verslas","8":"tag-afeela","9":"tag-ces","10":"tag-honda","11":"tag-sony","12":"tag-17449","13":"tag-906","14":"tag-business","15":"tag-lietuva","16":"tag-lietuviu","17":"tag-lithuania","18":"tag-lithuanian","19":"tag-lt","20":"tag-modeli","21":"tag-naujaji","22":"tag-naujiena","23":"tag-pademonstravo","24":"tag-parodoje","25":"tag-verslas"},"share_on_mastodon":{"url":"https:\/\/pubeurope.com\/@lt\/115874511067245071","error":""},"_links":{"self":[{"href":"https:\/\/www.europesays.com\/lt\/wp-json\/wp\/v2\/posts\/81131","targetHints":{"allow":["GET"]}}],"collection":[{"href":"https:\/\/www.europesays.com\/lt\/wp-json\/wp\/v2\/posts"}],"about":[{"href":"https:\/\/www.europesays.com\/lt\/wp-json\/wp\/v2\/types\/post"}],"author":[{"embeddable":true,"href":"https:\/\/www.europesays.com\/lt\/wp-json\/wp\/v2\/users\/2"}],"replies":[{"embeddable":true,"href":"https:\/\/www.europesays.com\/lt\/wp-json\/wp\/v2\/comments?post=81131"}],"version-history":[{"count":0,"href":"https:\/\/www.europesays.com\/lt\/wp-json\/wp\/v2\/posts\/81131\/revisions"}],"wp:featuredmedia":[{"embeddable":true,"href":"https:\/\/www.europesays.com\/lt\/wp-json\/wp\/v2\/media\/81132"}],"wp:attachment":[{"href":"https:\/\/www.europesays.com\/lt\/wp-json\/wp\/v2\/media?parent=81131"}],"wp:term":[{"taxonomy":"category","embeddable":true,"href":"https:\/\/www.europesays.com\/lt\/wp-json\/wp\/v2\/categories?post=81131"},{"taxonomy":"post_tag","embeddable":true,"href":"https:\/\/www.europesays.com\/lt\/wp-json\/wp\/v2\/tags?post=81131"}],"curies":[{"name":"wp","href":"https:\/\/api.w.org\/{rel}","templated":true}]}}