{"id":81505,"date":"2026-01-11T15:03:09","date_gmt":"2026-01-11T15:03:09","guid":{"rendered":"https:\/\/www.europesays.com\/lt\/81505\/"},"modified":"2026-01-11T15:03:09","modified_gmt":"2026-01-11T15:03:09","slug":"maduro-saugojo-elitines-kubos-pajegos","status":"publish","type":"post","link":"https:\/\/www.europesays.com\/lt\/81505\/","title":{"rendered":"Maduro saugojo elitin\u0117s Kubos paj\u0117gos"},"content":{"rendered":"<p>\u201eDe\u0161imtme\u010dius Kubos \u017evalgybos agentai buvo laikomi \u0160altojo karo \u017evaig\u017ed\u0117mis, ardan\u010diomis s\u0105mokslus nu\u017eudyti Fidel\u012f Castro, verbuojan\u010dios auk\u0161to rango JAV vyriausyb\u0117s pareig\u016bnus ir saugan\u010dios valstybi\u0173 vadovus nuo Angolos iki Panamos\u201c, \u2013 ra\u0161o \u201eThe Wall Street Journal\u201c.<\/p>\n<p>Leidinys pabr\u0117\u017eia, kad \u0161is \u012fvykis parod\u0117, kad Kubos \u017evalgybos ir saugumo sistema, kuri daugel\u012f met\u0173 buvo vertinama kaip viena efektyviausi\u0173, galiausiai \u017elugo. Ji nepaj\u0117g\u0117 u\u017ekirsti kelio N. Maduro pagrobimui.<\/p>\n<p>Anks\u010diau Kubos saugumo ir \u017evalgybos agent\u016bros JAV \u017evalgybos bendruomen\u0117je buvo \u017einomos d\u0117l savo geb\u0117jimo infiltruotis \u012f JAV vyriausyb\u0119 ir valdyti \u0161nip\u0173 tinklus visame pasaulyje.<\/p>\n<p>\u201eJie taip ilgai buvo tokie geri, kaip jie gal\u0117jo tai praleisti?\u201c \u2013 \u201eMiami Herald\u201c komentavo Chrisas Simmonsas, JAV armijos atsargos pulkininkas leitenantas ir buv\u0119s karjeros kontr\u017evalgybos pareig\u016bnas, pad\u0117j\u0119s Pentagone sugauti Kubos \u0161nip\u0119 An\u0105 Belen Montes.<\/p>\n","protected":false},"excerpt":{"rendered":"\u201eDe\u0161imtme\u010dius Kubos \u017evalgybos agentai buvo laikomi \u0160altojo karo \u017evaig\u017ed\u0117mis, ardan\u010diomis s\u0105mokslus nu\u017eudyti Fidel\u012f Castro, verbuojan\u010dios auk\u0161to rango JAV&hellip;\n","protected":false},"author":2,"featured_media":81506,"comment_status":"","ping_status":"","sticky":false,"template":"","format":"standard","meta":{"footnotes":""},"categories":[15],"tags":[25,30,31,34,35,24,5259,32,33,37,39,36,38,40,23,22,695,44,28,29,17508,26,27,74,75,76],"class_list":{"0":"post-81505","1":"post","2":"type-post","3":"status-publish","4":"format-standard","5":"has-post-thumbnail","7":"category-pasaulis","8":"tag-antrastes","9":"tag-breaking-news","10":"tag-breakingnews","11":"tag-featured-news","12":"tag-featurednews","13":"tag-headlines","14":"tag-kuba","15":"tag-latest-news","16":"tag-latestnews","17":"tag-lietuva","18":"tag-lietuviu","19":"tag-lithuania","20":"tag-lithuanian","21":"tag-lt","22":"tag-naujienos","23":"tag-news","24":"tag-nicolas-maduro","25":"tag-pasaulis","26":"tag-populiariausios-naujienos","27":"tag-populiariausiosnaujienos","28":"tag-saugumo-pajegos","29":"tag-top-stories","30":"tag-topstories","31":"tag-world","32":"tag-world-news","33":"tag-worldnews"},"share_on_mastodon":{"url":"https:\/\/pubeurope.com\/@lt\/115877078999436222","error":""},"_links":{"self":[{"href":"https:\/\/www.europesays.com\/lt\/wp-json\/wp\/v2\/posts\/81505","targetHints":{"allow":["GET"]}}],"collection":[{"href":"https:\/\/www.europesays.com\/lt\/wp-json\/wp\/v2\/posts"}],"about":[{"href":"https:\/\/www.europesays.com\/lt\/wp-json\/wp\/v2\/types\/post"}],"author":[{"embeddable":true,"href":"https:\/\/www.europesays.com\/lt\/wp-json\/wp\/v2\/users\/2"}],"replies":[{"embeddable":true,"href":"https:\/\/www.europesays.com\/lt\/wp-json\/wp\/v2\/comments?post=81505"}],"version-history":[{"count":0,"href":"https:\/\/www.europesays.com\/lt\/wp-json\/wp\/v2\/posts\/81505\/revisions"}],"wp:featuredmedia":[{"embeddable":true,"href":"https:\/\/www.europesays.com\/lt\/wp-json\/wp\/v2\/media\/81506"}],"wp:attachment":[{"href":"https:\/\/www.europesays.com\/lt\/wp-json\/wp\/v2\/media?parent=81505"}],"wp:term":[{"taxonomy":"category","embeddable":true,"href":"https:\/\/www.europesays.com\/lt\/wp-json\/wp\/v2\/categories?post=81505"},{"taxonomy":"post_tag","embeddable":true,"href":"https:\/\/www.europesays.com\/lt\/wp-json\/wp\/v2\/tags?post=81505"}],"curies":[{"name":"wp","href":"https:\/\/api.w.org\/{rel}","templated":true}]}}