{"id":81507,"date":"2026-01-11T15:04:38","date_gmt":"2026-01-11T15:04:38","guid":{"rendered":"https:\/\/www.europesays.com\/lt\/81507\/"},"modified":"2026-01-11T15:04:38","modified_gmt":"2026-01-11T15:04:38","slug":"is-dvieju-vilnieciu-sukciai-isviliojo-206-tukst-euru","status":"publish","type":"post","link":"https:\/\/www.europesays.com\/lt\/81507\/","title":{"rendered":"I\u0161 dviej\u0173 vilnie\u010di\u0173 suk\u010diai i\u0161viliojo 20,6 t\u016bkst. eur\u0173"},"content":{"rendered":"\n<p>\u0160e\u0161tadien\u012f Vilniaus apskrities vyriausiajame policijos komisariate buvo gautas moters\u00a0(gim. 1972 m.)\u00a0prane\u0161imas. Ji pasakojo, kad tre\u010diadien\u012f apie 10.15 val. Vilniuje,\u00a0jai b\u016bnant\u00a0namuose, paskambino nepa\u017e\u012fstami\u00a0rusakalbiai\u00a0asmenys.\u00a0<\/p>\n<p>Prisistat\u0119 telekomunikacij\u0173 bendrov\u0117s\u00a0ir\u00a0banko darbuotojais\u00a0bei\u00a0policijos pareig\u016bnais, i\u0161 jos banko s\u0105skaitos\u00a0apgaule\u00a0i\u0161viliojo 15 t\u016bkst. eur\u0173.\u00a0<a href=\"https:\/\/www.tv3.lt\/gaires\/policija\" target=\"_blank\" rel=\"nofollow noopener\">Policija<\/a> surinko med\u017eiag\u0105 d\u0117l suk\u010diavimo.\u00a0<\/p>\n<p>Pareig\u016bnai informuoja, kad t\u0105 pa\u010di\u0105 dien\u0105 Vilniaus apskrities policija gavo moters\u00a0(gim. 1958 m.) prane\u0161im\u0105. Ji teig\u0117, kad tre\u010diadien\u012f Vilniuje, jai b\u016bnant namuose, paskambino nepa\u017e\u012fstami asmenys. Prisistat\u0119 banko darbuotojais ir policijos pareig\u016bnais, apgaule i\u0161viliojo 5,6 t\u016bkst. eur\u0173.\u00a0<\/p>\n<p>D\u0117l \u0161io \u012fvykio prad\u0117tas ikiteisminis tyrimas.\u00a0<\/p>\n<p>\n                SUSIJ\u0118 STRAIPSNIAI\n            <\/p>\n<p>   <a href=\"https:\/\/www.tv3.lt\/naujiena\/naujienos\/paspaudes-nuoroda-del-neva-laimeto-prizo-vilnietis-prarado-beveik-24-tukst-euru-n1480848\" rel=\"nofollow noopener\" target=\"_blank\"> <img decoding=\"async\" width=\"120\" height=\"70\" alt=\"Policija. ELTA \/ Josvydas Elinskas  \" src=\"https:\/\/www.europesays.com\/lt\/wp-content\/uploads\/2026\/01\/079169318db2b68fec5d6465c1d016ce.jpg\" loading=\"lazy\" \/> <\/a>   <a href=\"https:\/\/www.tv3.lt\/naujiena\/naujienos\/paspaudes-nuoroda-del-neva-laimeto-prizo-vilnietis-prarado-beveik-24-tukst-euru-n1480848\" rel=\"nofollow noopener\" target=\"_blank\">Paspaud\u0119s nuorod\u0105 d\u0117l neva laim\u0117to prizo \u2013 vilnietis prarado beveik 24 t\u016bkst. eur\u0173<\/a><br \/>\n                                (2)                                   <\/p>\n<p>Kvie\u010diame atrasti nauj\u0105 tv3.lt turin\u012f! Nuo \u0161iol portale j\u016bs\u0173 laukia <a href=\"https:\/\/www.tv3.lt\/testai\" rel=\"nofollow noopener\" target=\"_blank\">kasdien nauji testai<\/a>   \u2013 i\u0161bandykite savo \u017einias ir smagiai praleiskite laik\u0105. <\/p>\n","protected":false},"excerpt":{"rendered":"\u0160e\u0161tadien\u012f Vilniaus apskrities vyriausiajame policijos komisariate buvo gautas moters\u00a0(gim. 1972 m.)\u00a0prane\u0161imas. Ji pasakojo, kad tre\u010diadien\u012f apie 10.15 val.&hellip;\n","protected":false},"author":2,"featured_media":81508,"comment_status":"","ping_status":"","sticky":false,"template":"","format":"standard","meta":{"footnotes":""},"categories":[13],"tags":[17509,25,30,31,57,43,34,35,55,48,24,54,51,49,50,32,33,37,39,36,38,40,45,23,22,44,28,29,53,42,56,47,26,27,41,46,58,52],"class_list":{"0":"post-81507","1":"post","2":"type-post","3":"status-publish","4":"format-standard","5":"has-post-thumbnail","7":"category-lietuva","8":"tag-2026-01-11-084840","9":"tag-antrastes","10":"tag-breaking-news","11":"tag-breakingnews","12":"tag-daiktai","13":"tag-dienos-kronika","14":"tag-featured-news","15":"tag-featurednews","16":"tag-gatves-tekstai","17":"tag-gyvenimas","18":"tag-headlines","19":"tag-interneto-pievos","20":"tag-keliones","21":"tag-kultura","22":"tag-laisvalaikis","23":"tag-latest-news","24":"tag-latestnews","25":"tag-lietuva","26":"tag-lietuviu","27":"tag-lithuania","28":"tag-lithuanian","29":"tag-lt","30":"tag-mokslas-ir-it","31":"tag-naujienos","32":"tag-news","33":"tag-pasaulis","34":"tag-populiariausios-naujienos","35":"tag-populiariausiosnaujienos","36":"tag-projektai","37":"tag-rinktiniai-tekstai","38":"tag-simtmecio-portalas","39":"tag-sportas","40":"tag-top-stories","41":"tag-topstories","42":"tag-tv3-lt","43":"tag-verslas","44":"tag-video","45":"tag-zaidimai"},"share_on_mastodon":{"url":"","error":"Validation failed: Text character limit of 500 exceeded"},"_links":{"self":[{"href":"https:\/\/www.europesays.com\/lt\/wp-json\/wp\/v2\/posts\/81507","targetHints":{"allow":["GET"]}}],"collection":[{"href":"https:\/\/www.europesays.com\/lt\/wp-json\/wp\/v2\/posts"}],"about":[{"href":"https:\/\/www.europesays.com\/lt\/wp-json\/wp\/v2\/types\/post"}],"author":[{"embeddable":true,"href":"https:\/\/www.europesays.com\/lt\/wp-json\/wp\/v2\/users\/2"}],"replies":[{"embeddable":true,"href":"https:\/\/www.europesays.com\/lt\/wp-json\/wp\/v2\/comments?post=81507"}],"version-history":[{"count":0,"href":"https:\/\/www.europesays.com\/lt\/wp-json\/wp\/v2\/posts\/81507\/revisions"}],"wp:featuredmedia":[{"embeddable":true,"href":"https:\/\/www.europesays.com\/lt\/wp-json\/wp\/v2\/media\/81508"}],"wp:attachment":[{"href":"https:\/\/www.europesays.com\/lt\/wp-json\/wp\/v2\/media?parent=81507"}],"wp:term":[{"taxonomy":"category","embeddable":true,"href":"https:\/\/www.europesays.com\/lt\/wp-json\/wp\/v2\/categories?post=81507"},{"taxonomy":"post_tag","embeddable":true,"href":"https:\/\/www.europesays.com\/lt\/wp-json\/wp\/v2\/tags?post=81507"}],"curies":[{"name":"wp","href":"https:\/\/api.w.org\/{rel}","templated":true}]}}