{"id":81521,"date":"2026-01-11T15:37:20","date_gmt":"2026-01-11T15:37:20","guid":{"rendered":"https:\/\/www.europesays.com\/lt\/81521\/"},"modified":"2026-01-11T15:37:20","modified_gmt":"2026-01-11T15:37:20","slug":"sausio-11-d-vardadieniai-ir-kitos-idomybes-respublika-lt","status":"publish","type":"post","link":"https:\/\/www.europesays.com\/lt\/81521\/","title":{"rendered":"Sausio 11 d. vardadieniai ir kitos \u012fdomyb\u0117s &#8211; Respublika.lt"},"content":{"rendered":"<p><img loading=\"lazy\" decoding=\"async\" src=\"https:\/\/www.respublika.lt\/lt\/naujienos\/pramogos\/idomybes\/sausio-11-d-vardadieniai-ir-kitos-idomybes-87242897\/images\/ico_camera_white.gif\" class=\"camera\" width=\"22\" height=\"15\" alt=\"nuotr.\" style=\"position:relative; top:-2px; right:2px;\"\/> 1 nuotr.<\/p>\n<p>EPA-Eltos nuotr.<\/p>\n<p style=\"text-align: justify;\">Sausio vienuoliktoji \u2013 11-oji met\u0173 diena (septintoji 2-osios met\u0173 savait\u0117s diena), iki Nauj\u0173j\u0173 met\u0173 lieka 355 dienos.<\/p>\n<p style=\"text-align: justify;\" class=\"desktop_banner\">\u00a0<\/p>\n<p style=\"text-align: justify;\">Savo vardadienius \u0161iandien \u0161ven\u010dia Audrius, Viln\u0117, Marcijonas, Stefanija;<\/p>\n<p style=\"text-align: justify;\">***<\/p>\n<p style=\"text-align: justify;\">Dangaus k\u016bnai:<\/p>\n<p style=\"text-align: justify;\">Saul\u0117 \u0161iandien teka 8.38, leid\u017eiasi 16.15. Dienos ilgumas \u2013 7.37.<\/p>\n<p style=\"text-align: justify;\">\u0160iandien \u2013 antroji M\u0117nulio del\u010dios diena.<\/p>\n<p style=\"text-align: justify;\">Saul\u0117 O\u017eiaragio \u017eenkle.<\/p>\n<p style=\"text-align: justify;\">***<\/p>\n<p style=\"text-align: justify;\">\u0160i\u0105 dien\u0105:<\/p>\n<p style=\"text-align: justify;\">1397 m. mir\u0117 Skirgaila, lietuvi\u0173 kunigaik\u0161tis.<\/p>\n<p>1529 m. paskelbtas pirmasis Lietuvos \u012fstatym\u0173 rinkinys &#8211; Lietuvos Statutas.<\/p>\n<p>1582 m. Vilniaus vyskupas Jurgis Radvila pasira\u0161\u0117 pirmosios Vilniuje kunig\u0173 seminarijos steigimo akt\u0105.<\/p>\n<p>1782 m. mir\u0117 Martynas Mikalojus Radvila, Lietuvos Did\u017eiosios Kunigaik\u0161tyst\u0117s didikas, Abiej\u0173 Taut\u0173 Respublikos valstyb\u0117s veik\u0117jas.<\/p>\n<p>1963 m. gim\u0117 Audrius Juz\u0117nas, Lietuvos kino re\u017eisierius, scenaristas, prodiuseris.<\/p>\n<p>1991 m. atidaryta Vilniaus greitosios pagalbos universitetin\u0117 ligonin\u0117.<\/p>\n<p>\u00a0<\/p>\n<p>Patiko straipsnis? Leisk mums apie tai su\u017einoti. Nepamir\u0161k pasidalinti Facebook! <\/p>\n<p><img loading=\"lazy\" decoding=\"async\" class=\"p2_social_circle_icon\" src=\"https:\/\/www.respublika.lt\/images\/thumbs_up.svg\" width=\"21\" height=\"22\" alt=\"L\"\/><\/p>\n<p><img loading=\"lazy\" decoding=\"async\" class=\"p2_social_circle_icon\" src=\"https:\/\/www.respublika.lt\/images\/facebook.svg\" alt=\"F\" width=\"22\" height=\"22\" style=\"filter: invert(37%) sepia(55%) saturate(2351%) hue-rotate(187deg) brightness(102%) contrast(106%);\"\/><\/p>\n<p>&#13;<br \/>\n\tNesutinkate &#8211; diskutuokime!<br \/>&#13;<br \/>\n\tNepykite komentatoriai, bet komentarai su keiksma\u017eod\u017eiais bus \u0161alinami automati\u0161kai, be atsipra\u0161ymo.\n    <\/p>\n<p>&#13;<br \/>\n              Respublika.lt pasilieka teis\u0119 pa\u0161alinti nekult\u016bringus, keiksma\u017eod\u017eiais pagardintus, su tema nesusijusius, kito asmens vardu pasira\u0161ytus, \u012fstatymus pa\u017eeid\u017eian\u010dius, \u0161lam\u0161t\u0105 reklamuojan\u010dius ar nusikalsti kurstan\u010dius komentarus. Jei kurstysite smurt\u0105, rasin\u0119, tautin\u0119, religin\u0119 ar kitokio pob\u016bd\u017eio neapykant\u0105, \u017evirbliu i\u0161skrid\u0119 j\u016bs\u0173 \u017eod\u017eiai gr\u012f\u017edami gali virsti ton\u0105 sverian\u010diu jau\u010diu &#8211; specialiosioms Lietuvos tarnyboms pareikalavus suteiksime j\u016bs\u0173 duomenis.\n            <\/p>\n","protected":false},"excerpt":{"rendered":"1 nuotr. EPA-Eltos nuotr. Sausio vienuoliktoji \u2013 11-oji met\u0173 diena (septintoji 2-osios met\u0173 savait\u0117s diena), iki Nauj\u0173j\u0173 met\u0173&hellip;\n","protected":false},"author":2,"featured_media":81522,"comment_status":"","ping_status":"","sticky":false,"template":"","format":"standard","meta":{"footnotes":""},"categories":[13],"tags":[25,30,31,187,192,34,35,24,186,189,188,32,33,37,39,36,38,40,191,190,23,22,28,29,16383,193,26,27,185],"class_list":{"0":"post-81521","1":"post","2":"type-post","3":"status-publish","4":"format-standard","5":"has-post-thumbnail","7":"category-lietuva","8":"tag-antrastes","9":"tag-breaking-news","10":"tag-breakingnews","11":"tag-citatos","12":"tag-dienos","13":"tag-featured-news","14":"tag-featurednews","15":"tag-headlines","16":"tag-idomybes","17":"tag-istorija","18":"tag-ivykiai","19":"tag-latest-news","20":"tag-latestnews","21":"tag-lietuva","22":"tag-lietuviu","23":"tag-lithuania","24":"tag-lithuanian","25":"tag-lt","26":"tag-metai","27":"tag-naujieji","28":"tag-naujienos","29":"tag-news","30":"tag-populiariausios-naujienos","31":"tag-populiariausiosnaujienos","32":"tag-sausis","33":"tag-savaite","34":"tag-top-stories","35":"tag-topstories","36":"tag-vardadieniai"},"share_on_mastodon":{"url":"https:\/\/pubeurope.com\/@lt\/115877212528264446","error":""},"_links":{"self":[{"href":"https:\/\/www.europesays.com\/lt\/wp-json\/wp\/v2\/posts\/81521","targetHints":{"allow":["GET"]}}],"collection":[{"href":"https:\/\/www.europesays.com\/lt\/wp-json\/wp\/v2\/posts"}],"about":[{"href":"https:\/\/www.europesays.com\/lt\/wp-json\/wp\/v2\/types\/post"}],"author":[{"embeddable":true,"href":"https:\/\/www.europesays.com\/lt\/wp-json\/wp\/v2\/users\/2"}],"replies":[{"embeddable":true,"href":"https:\/\/www.europesays.com\/lt\/wp-json\/wp\/v2\/comments?post=81521"}],"version-history":[{"count":0,"href":"https:\/\/www.europesays.com\/lt\/wp-json\/wp\/v2\/posts\/81521\/revisions"}],"wp:featuredmedia":[{"embeddable":true,"href":"https:\/\/www.europesays.com\/lt\/wp-json\/wp\/v2\/media\/81522"}],"wp:attachment":[{"href":"https:\/\/www.europesays.com\/lt\/wp-json\/wp\/v2\/media?parent=81521"}],"wp:term":[{"taxonomy":"category","embeddable":true,"href":"https:\/\/www.europesays.com\/lt\/wp-json\/wp\/v2\/categories?post=81521"},{"taxonomy":"post_tag","embeddable":true,"href":"https:\/\/www.europesays.com\/lt\/wp-json\/wp\/v2\/tags?post=81521"}],"curies":[{"name":"wp","href":"https:\/\/api.w.org\/{rel}","templated":true}]}}