{"id":81800,"date":"2026-01-12T04:15:08","date_gmt":"2026-01-12T04:15:08","guid":{"rendered":"https:\/\/www.europesays.com\/lt\/81800\/"},"modified":"2026-01-12T04:15:08","modified_gmt":"2026-01-12T04:15:08","slug":"tarp-aistra-fantazijos-lt-ir-prekybos-centro-itampa","status":"publish","type":"post","link":"https:\/\/www.europesays.com\/lt\/81800\/","title":{"rendered":"Tarp \u201eAistra\u201c, \u201eFantazijos.lt\u201c ir prekybos centro \u2013 \u012ftampa"},"content":{"rendered":"<p>\u201eAistra\u201c parduotuvi\u0173 vadovas: situacija mums itin skausminga <\/p>\n<p>\u201eNorime pasidalinti patirtimi apie 25 metus trukusi\u0173 nuomos santyki\u0173 pabaig\u0105 prekybos centre CUP (parduotuv\u0117 \u201eAistra\u201c). \u0160i situacija kelia svarbi\u0173 klausim\u0173 d\u0117l verslo etikos ir s\u0105\u017einingos konkurencijos princip\u0173 prekybos centr\u0173 valdyme\u201c, \u2013 tokiais \u017eod\u017eiais pradedamas \u201eDelfi\u201c atsi\u0173stas Andriaus Kau\u0161p\u0117do, UAB \u201eEkonara\u201c direktoriaus lai\u0161kas. <\/p>\n","protected":false},"excerpt":{"rendered":"\u201eAistra\u201c parduotuvi\u0173 vadovas: situacija mums itin skausminga \u201eNorime pasidalinti patirtimi apie 25 metus trukusi\u0173 nuomos santyki\u0173 pabaig\u0105 prekybos&hellip;\n","protected":false},"author":2,"featured_media":81801,"comment_status":"","ping_status":"","sticky":false,"template":"","format":"standard","meta":{"footnotes":""},"categories":[17],"tags":[17544,81,16151,11306,37,39,36,38,40,17545,17546,46],"class_list":{"0":"post-81800","1":"post","2":"type-post","3":"status-publish","4":"format-standard","5":"has-post-thumbnail","7":"category-verslas","8":"tag-aistra","9":"tag-business","10":"tag-cup","11":"tag-fantazijos-lt","12":"tag-lietuva","13":"tag-lietuviu","14":"tag-lithuania","15":"tag-lithuanian","16":"tag-lt","17":"tag-nuomos-sutartis","18":"tag-povilas-klusaitis","19":"tag-verslas"},"share_on_mastodon":{"url":"https:\/\/pubeurope.com\/@lt\/115880193090442653","error":""},"_links":{"self":[{"href":"https:\/\/www.europesays.com\/lt\/wp-json\/wp\/v2\/posts\/81800","targetHints":{"allow":["GET"]}}],"collection":[{"href":"https:\/\/www.europesays.com\/lt\/wp-json\/wp\/v2\/posts"}],"about":[{"href":"https:\/\/www.europesays.com\/lt\/wp-json\/wp\/v2\/types\/post"}],"author":[{"embeddable":true,"href":"https:\/\/www.europesays.com\/lt\/wp-json\/wp\/v2\/users\/2"}],"replies":[{"embeddable":true,"href":"https:\/\/www.europesays.com\/lt\/wp-json\/wp\/v2\/comments?post=81800"}],"version-history":[{"count":0,"href":"https:\/\/www.europesays.com\/lt\/wp-json\/wp\/v2\/posts\/81800\/revisions"}],"wp:featuredmedia":[{"embeddable":true,"href":"https:\/\/www.europesays.com\/lt\/wp-json\/wp\/v2\/media\/81801"}],"wp:attachment":[{"href":"https:\/\/www.europesays.com\/lt\/wp-json\/wp\/v2\/media?parent=81800"}],"wp:term":[{"taxonomy":"category","embeddable":true,"href":"https:\/\/www.europesays.com\/lt\/wp-json\/wp\/v2\/categories?post=81800"},{"taxonomy":"post_tag","embeddable":true,"href":"https:\/\/www.europesays.com\/lt\/wp-json\/wp\/v2\/tags?post=81800"}],"curies":[{"name":"wp","href":"https:\/\/api.w.org\/{rel}","templated":true}]}}