{"id":81873,"date":"2026-01-12T06:33:30","date_gmt":"2026-01-12T06:33:30","guid":{"rendered":"https:\/\/www.europesays.com\/lt\/81873\/"},"modified":"2026-01-12T06:33:30","modified_gmt":"2026-01-12T06:33:30","slug":"vanagas-apie-zalos-galimybes-piktus-komentarus-internete-ir-dakaro-ralio-iskelima-i-kita-valstybe","status":"publish","type":"post","link":"https:\/\/www.europesays.com\/lt\/81873\/","title":{"rendered":"Vanagas: apie \u017dalos galimybes, piktus komentarus internete ir Dakaro ralio i\u0161k\u0117lim\u0105 \u012f kit\u0105 valstyb\u0119"},"content":{"rendered":"\n<p>\u201eAr man yra dvejon\u0117, ar v\u0117l reik\u0117t\u0173 va\u017eiuoti \u012f Dakar\u0105? Ne. Kol mes ten nepateksime \u012f penketuk\u0105, tol a\u0161 kit\u0173 variant\u0173 nesvarstysiu. O kai pateksime \u012f Top-5, tada gal atsiras ka\u017ekokie nauji tikslai. Dakaro nebaigimas ka\u017ekam gali atrodyti kaip pasaulio pabaiga, bet mes tikrai turim vidin\u0117s stipryb\u0117s, suprantam, k\u0105 darom, kod\u0117l tai darom. Tai \u2013 daugiau nei tik asmeninis noras. Yra labai daug \u017emoni\u0173, kurie \u017ei\u016bri Dakar\u0105. Jau\u010diu atsakomyb\u0119 prie\u0161 juos ir matau prasm\u0119, kod\u0117l toliau tai daryti.<\/p>\n<p>A\u0161 jau\u010diu, kad labai skiriuosi nuo standartinio \u017emogaus. Yra nedidelis kiekis \u017emoni\u0173, kuri\u0173 nuomon\u0117 man yra svarbi. T\u0173, kurie man yra tam tikri autoritetai. O tie komentatoriai, kurie ateina ka\u017ekod\u0117l papilti purvo, ar a\u0161 tikrai tur\u0117\u010diau \u012f tai reaguoti ir d\u0117l to jaudintis? A\u0161 sakydavau, kad retais atvejais, kai man b\u016bna prasta nuotaika, nueinu paskaityti komentar\u0173 apie save ir tada a\u0161 pradedu juoktis ir nuotaika pager\u0117ja. Pas mane viskas veikia turb\u016bt prie\u0161ingai nei daugeliui\u201c, \u2013 sak\u0117 B. Vanagas.<\/p>\n<p>Laidoje daug d\u0117mesio buvo skirta istorinei Vaidoto \u017dalos pergalei sunkve\u017eimi\u0173 klas\u0117je. B. Vanagas tautiet\u012f pasveikino su puikiu pasirodymu ir dav\u0117 jam patarim\u0105.<\/p>\n<p>\u201eVis\u0173 pirma, Vaid\u0105 reikia pasveikinti su puikiu rezultatu, kuris yra \u012fra\u0161ytas \u012f istorij\u0105. Nuimu prie\u0161 j\u012f kepur\u0119. Vaidas ir pernai gal\u0117jo b\u016bt TOP-3 sunkve\u017eimiuose ar net laim\u0117ti, jei ne techniniai nesklandumai. A\u0161 vertin\u010diau, kad tie nesklandumai yra d\u0117l paties Vaido b\u016bdo. Jei \u0161iemet Vaidas susitvarkys su savo galva ger\u0105ja prasme, nebus per kar\u0161tas, jis gali atve\u017eti labai ger\u0105 rezultat\u0105 ir gal net laim\u0117ti. Reikia, kad jis pats to nesugadint\u0173\u201c, \u2013 teig\u0117 B. Vanagas.<\/p>\n<p>B. Vanagas laidoje taip pat u\u017esimin\u0117, kad <a href=\"https:\/\/www.tv3.lt\/rubrika\/naujienos\/sportas\/dakaras\" target=\"_blank\" class=\"phrase\" rel=\"nofollow noopener\">Dakaras<\/a> po keleto met\u0173 tur\u0117t\u0173 i\u0161sikelti i\u0161 Saudo Arabijos.<\/p>\n<p>\u201eDakaras Saudo Arabijoje vyks iki 2030 m. ar 2031 m. V\u0117liau tuo metu, kai turi vykti Dakaras, bus Ramadanas, o jo metu Saudo Arabijoje tikrai niekas nevyks. Tai jiems \u0161ventas reikalas. Kur Dakaras i\u0161sikels? Sunku pasakyti. Reikia \u017ei\u016br\u0117ti, kur yra dykum\u0173, kur yra valstyb\u0117s, kurios ekonomi\u0161kai gal\u0117t\u0173 surengti Dakar\u0105. Yra Kinijoje t\u0173 dykum\u0173, yra kitur\u201c, \u2013 sak\u0117 B. Vanagas.<\/p>\n<p>\n                                        \u0160altinis:<br \/>\n                                                                                    Sportas.lt\n                                                                                <\/p>\n<p>Naujausi\u00a0Dakaro\u00a0\u012fvykiai\u00a0ir j\u0173\u00a0ap\u017evalga\u00a0&#8211;\u00a0specialioje\u00a0laidoje\u00a0DAKARAS 2026 \u2013\u00a0kasdien, 20:00 per TV6.\u00a0<\/p>\n","protected":false},"excerpt":{"rendered":"\u201eAr man yra dvejon\u0117, ar v\u0117l reik\u0117t\u0173 va\u017eiuoti \u012f Dakar\u0105? Ne. Kol mes ten nepateksime \u012f penketuk\u0105, tol&hellip;\n","protected":false},"author":2,"featured_media":81874,"comment_status":"","ping_status":"","sticky":false,"template":"","format":"standard","meta":{"footnotes":""},"categories":[19],"tags":[17560,57,43,55,48,54,51,49,50,37,39,36,38,40,45,23,44,53,42,56,47,104,41,46,58,52],"class_list":{"0":"post-81873","1":"post","2":"type-post","3":"status-publish","4":"format-standard","5":"has-post-thumbnail","7":"category-sportas","8":"tag-2026-01-11-224300","9":"tag-daiktai","10":"tag-dienos-kronika","11":"tag-gatves-tekstai","12":"tag-gyvenimas","13":"tag-interneto-pievos","14":"tag-keliones","15":"tag-kultura","16":"tag-laisvalaikis","17":"tag-lietuva","18":"tag-lietuviu","19":"tag-lithuania","20":"tag-lithuanian","21":"tag-lt","22":"tag-mokslas-ir-it","23":"tag-naujienos","24":"tag-pasaulis","25":"tag-projektai","26":"tag-rinktiniai-tekstai","27":"tag-simtmecio-portalas","28":"tag-sportas","29":"tag-sports","30":"tag-tv3-lt","31":"tag-verslas","32":"tag-video","33":"tag-zaidimai"},"share_on_mastodon":{"url":"https:\/\/pubeurope.com\/@lt\/115880735812618308","error":""},"_links":{"self":[{"href":"https:\/\/www.europesays.com\/lt\/wp-json\/wp\/v2\/posts\/81873","targetHints":{"allow":["GET"]}}],"collection":[{"href":"https:\/\/www.europesays.com\/lt\/wp-json\/wp\/v2\/posts"}],"about":[{"href":"https:\/\/www.europesays.com\/lt\/wp-json\/wp\/v2\/types\/post"}],"author":[{"embeddable":true,"href":"https:\/\/www.europesays.com\/lt\/wp-json\/wp\/v2\/users\/2"}],"replies":[{"embeddable":true,"href":"https:\/\/www.europesays.com\/lt\/wp-json\/wp\/v2\/comments?post=81873"}],"version-history":[{"count":0,"href":"https:\/\/www.europesays.com\/lt\/wp-json\/wp\/v2\/posts\/81873\/revisions"}],"wp:featuredmedia":[{"embeddable":true,"href":"https:\/\/www.europesays.com\/lt\/wp-json\/wp\/v2\/media\/81874"}],"wp:attachment":[{"href":"https:\/\/www.europesays.com\/lt\/wp-json\/wp\/v2\/media?parent=81873"}],"wp:term":[{"taxonomy":"category","embeddable":true,"href":"https:\/\/www.europesays.com\/lt\/wp-json\/wp\/v2\/categories?post=81873"},{"taxonomy":"post_tag","embeddable":true,"href":"https:\/\/www.europesays.com\/lt\/wp-json\/wp\/v2\/tags?post=81873"}],"curies":[{"name":"wp","href":"https:\/\/api.w.org\/{rel}","templated":true}]}}