{"id":8258,"date":"2025-10-01T12:48:16","date_gmt":"2025-10-01T12:48:16","guid":{"rendered":"https:\/\/www.europesays.com\/lt\/8258\/"},"modified":"2025-10-01T12:48:16","modified_gmt":"2025-10-01T12:48:16","slug":"po-testu-maroke-roko-baciuskos-nuostaba-rimtai-paruostas-ralio-monstras","status":"publish","type":"post","link":"https:\/\/www.europesays.com\/lt\/8258\/","title":{"rendered":"Po test\u0173 Maroke \u2013 Roko Baciu\u0161kos nuostaba: rimtai paruo\u0161tas ralio monstras"},"content":{"rendered":"<p>Prie vairo \u010dia s\u0117do visas komandos \u017evaig\u017edynas \u2013 14 kart\u0173 Dakaro laim\u0117tojas <a rel=\"noopener nofollow\" target=\"_blank\" href=\"https:\/\/www.delfi.lt\/temos\/stephane-peterhansel\" tag-id=\"49713340\">Stephane\u2019as Peterhanselis<\/a>, amerikiet\u0117 Sara Price ir lietuvis <a rel=\"noopener nofollow\" target=\"_blank\" href=\"https:\/\/www.delfi.lt\/temos\/rokas-baciuska\" tag-id=\"62012627\">Rokas Baciu\u0161ka<\/a>. Pastarasis \u012f testus atvyko kaip jauniausias komandos pilotas, ta\u010diau jau sp\u0117j\u0119s u\u017esitikrinti tvirt\u0105 viet\u0105 pasaulio ralio\u2013reid\u0173 elite.<\/p>\n<p>Roko \u012fsp\u016bd\u017eiai po Maroko test\u0173<\/p>\n<p>\u201eAutomobilis mane tikrai maloniai nustebino savo grei\u010diu ir stabilumu \u2013 jau\u010diasi, kad tai rimtai paruo\u0161tas 4&#215;4 monstras. Maroke sp\u0117jau \u012fveikti daugiau nei 1000 kilometr\u0173 pa\u010diomis \u012fvairiausiomis s\u0105lygomis \u2013 nuo greit\u0173 sm\u0117lio keli\u0173 iki sud\u0117ting\u0173 kop\u0173, ir jau\u010diu, kad \u201eDefender Dakar D7X-R\u201c turi did\u017eiul\u012f potencial\u0105. Kita vertus, automobilis su ilgesne baze pareikalaus ypatingo tikslumo sta\u010diose kopose, bet tai daro pat\u012f i\u0161\u0161\u016bk\u012f dar \u012fdomesniu. D\u017eiaugiuosi gal\u0117damas b\u016bti \u0161ios komandos dalimi \u2013 tai unikali galimyb\u0117 va\u017eiuoti kartu su tokiais lenktynininkais kaip St\u00e9phane\u2019as Peterhanselis ir Sara Price. Esu pasiruo\u0161\u0119s kovoti ne tik Dakare, bet ir visame pasaulio \u010dempionato sezone d\u0117l pergali\u0173,\u201c \u2013 sak\u0117 Rokas Baciu\u0161ka.<\/p>\n<p>Automobilis sukurtas i\u0161 \u201eDefender OCTA\u201c baz\u0117s<\/p>\n<p>Naujasis \u201eDefender Dakar D7X-R\u201c \u2013 tai serijinio \u201eDefender OCTA\u201c pagrindu sukurtas, ta\u010diau specialiai var\u017eyboms pritaikytas visureigis, atitinkantis W2RC \u201eStock\u201c kategorijos reglament\u0105. Automobilis turi t\u0105 pa\u010di\u0105 D7x aliuminio k\u0117bulo architekt\u016br\u0105, transmisij\u0105 ir pavar\u0173 sistem\u0105, o taip pat \u2013 4,4 litro V8 varikl\u012f su dviem turbokompresoriais. K\u0117bulas buvo surinktas \u201eDefender\u201c gamykloje Nitroje, Slovakijoje, o galutin\u0117 lenktynin\u0117 specifikacija sukomplektuota Did\u017eiojoje Britanijoje.<\/p>\n<p>    <img decoding=\"async\" src=\"https:\/\/www.europesays.com\/lt\/wp-content\/uploads\/2025\/10\/e1a5495e-103f-4d78-8690-0b846680e421.jpg\" loading=\"lazy\" alt=\"\u201eDefender Dakar D7X-R\u201c\"\/>      <img decoding=\"async\" src=\"https:\/\/www.europesays.com\/lt\/wp-content\/uploads\/2025\/10\/f5b021e7-6ff1-4632-8bf1-9398ae2b87dc.jpg\" loading=\"lazy\" alt=\"Rokas Baciu\u0161ka\"\/>      <\/p>\n<p>Komandoje \u2013 naujas vadovas<\/p>\n<p>\u0160iame istoriniame bandyme dalyvavo ir naujai paskirtas \u201eDefender Rally Team\u201c vadovas Ian James. Jis taip pat neseniai tapo \u201eJLR Motorsport\u201c generaliniu direktoriumi. James \u012f komand\u0105 at\u0117jo i\u0161 \u201eMcLaren Electric Racing\u201c, kur ilg\u0105 laik\u0105 \u0117jo generalinio direktoriaus ir komandos vadovo pareigas. Automobili\u0173 sporto pasaulyje jis \u017einomas kaip strateginis lyderis, gebantis suburti tarptautines auk\u0161\u010diausio lygio komandas bei u\u017etikrinti s\u0117kming\u0105 technini\u0173 ir sportini\u0173 program\u0173 \u012fgyvendinim\u0105.<\/p>\n<p>\u201eDidel\u0117 garb\u0117 vadovauti komandai, kuri ruo\u0161iasi debiutui viename did\u017eiausi\u0173 i\u0161\u0161\u016bki\u0173 pasaulio autosporte. Turime pasaulinio lygio vairuotojus, stipri\u0105 technin\u0119 baz\u0119 ir ai\u0161k\u0173 tiksl\u0105. \u201eDefender Dakar D7X-R\u201c jau \u012frod\u0117 savo galimybes dykumoje, ta\u010diau prie\u0161 Dakar\u0105 m\u016bs\u0173 laukia dar daug darbo. Esame u\u017esibr\u0117\u017e\u0119 2026-uosius paversti \u012fsimintinais \u201eDefender\u201c vardui pasaulio ralio\u2013reid\u0173 \u010dempionate.\u201c<\/p>\n<p>2026 m. FIA W2RC kalendorius<\/p>\n<p>Rokas Baciu\u0161ka kartu su \u201eDefender Rally Team\u201c ir <a rel=\"noopener nofollow\" target=\"_blank\" href=\"https:\/\/www.delfi.lt\/temos\/stephane-peterhansel\" tag-id=\"49713340\">Stephane\u2019u Peterhansel&#8217;<\/a>iu startuos visuose 2026 m. pasaulio ralio-reid\u0173 \u010dempionato etapuose:<\/p>\n<ul>\n<li>\n<p><a rel=\"noopener nofollow\" target=\"_blank\" href=\"https:\/\/www.delfi.lt\/temos\/dakaro-ralis\" tag-id=\"86336289\">Dakaro ralis<\/a> (Saudo Arabija)<\/p>\n<\/li>\n<li>\n<p>Abu Dhabi Desert Challenge<\/p>\n<\/li>\n<li>\n<p>South African Safari Rally<\/p>\n<\/li>\n<li>\n<p>BP Ultimate Rally Raid Portugal<\/p>\n<\/li>\n<li>\n<p>Rallye du Maroc<\/p>\n<\/li>\n<\/ul>\n","protected":false},"excerpt":{"rendered":"Prie vairo \u010dia s\u0117do visas komandos \u017evaig\u017edynas \u2013 14 kart\u0173 Dakaro laim\u0117tojas Stephane\u2019as Peterhanselis, amerikiet\u0117 Sara Price ir&hellip;\n","protected":false},"author":2,"featured_media":8259,"comment_status":"","ping_status":"","sticky":false,"template":"","format":"standard","meta":{"footnotes":"","_share_on_mastodon":"0"},"categories":[19],"tags":[3330,37,39,36,38,40,3329,47,104,3328],"class_list":["post-8258","post","type-post","status-publish","format-standard","has-post-thumbnail","category-sportas","tag-dakaro-ralis","tag-lietuva","tag-lietuviu","tag-lithuania","tag-lithuanian","tag-lt","tag-rokas-baciuska","tag-sportas","tag-sports","tag-stephane-peterhansel"],"share_on_mastodon":{"url":"","error":""},"_links":{"self":[{"href":"https:\/\/www.europesays.com\/lt\/wp-json\/wp\/v2\/posts\/8258","targetHints":{"allow":["GET"]}}],"collection":[{"href":"https:\/\/www.europesays.com\/lt\/wp-json\/wp\/v2\/posts"}],"about":[{"href":"https:\/\/www.europesays.com\/lt\/wp-json\/wp\/v2\/types\/post"}],"author":[{"embeddable":true,"href":"https:\/\/www.europesays.com\/lt\/wp-json\/wp\/v2\/users\/2"}],"replies":[{"embeddable":true,"href":"https:\/\/www.europesays.com\/lt\/wp-json\/wp\/v2\/comments?post=8258"}],"version-history":[{"count":0,"href":"https:\/\/www.europesays.com\/lt\/wp-json\/wp\/v2\/posts\/8258\/revisions"}],"wp:featuredmedia":[{"embeddable":true,"href":"https:\/\/www.europesays.com\/lt\/wp-json\/wp\/v2\/media\/8259"}],"wp:attachment":[{"href":"https:\/\/www.europesays.com\/lt\/wp-json\/wp\/v2\/media?parent=8258"}],"wp:term":[{"taxonomy":"category","embeddable":true,"href":"https:\/\/www.europesays.com\/lt\/wp-json\/wp\/v2\/categories?post=8258"},{"taxonomy":"post_tag","embeddable":true,"href":"https:\/\/www.europesays.com\/lt\/wp-json\/wp\/v2\/tags?post=8258"}],"curies":[{"name":"wp","href":"https:\/\/api.w.org\/{rel}","templated":true}]}}