{"id":82592,"date":"2026-01-13T16:14:07","date_gmt":"2026-01-13T16:14:07","guid":{"rendered":"https:\/\/www.europesays.com\/lt\/82592\/"},"modified":"2026-01-13T16:14:07","modified_gmt":"2026-01-13T16:14:07","slug":"kipre-dingo-lukasenka-kadaise-papiktines-buves-uralkalij-vadovas-delfi","status":"publish","type":"post","link":"https:\/\/www.europesays.com\/lt\/82592\/","title":{"rendered":"Kipre dingo Luka\u0161enk\u0105 kadaise papiktin\u0119s buv\u0119s \u201eUralkalij\u201c vadovas &#8211; Delfi"},"content":{"rendered":"<ol>\n<li><a href=\"https:\/\/news.google.com\/rss\/articles\/CBMitgFBVV95cUxQcGVlek1DWlVweDZTVkExcFI3U3RoT01sM3pqdVBVV1JpZ04zR3Yya09nVUltX2xXOF9EYkVMMnYzcElTOVlNRDVBSW1ORXhiZTJQWE1ZMUpFZTFlTUxURTFycHVHa1BaM2ZibjlnUnF1VDU5OENWZjhaQjFqd0h4dmlyQUt6dzNhUjl3eWVOdUhOLXJQNTFZZ0pNVW4zeVpXOU1oOHRMZndHZW9JVWh6SVRHZkc2UQ?oc=5\" target=\"_blank\" rel=\"nofollow noopener\">Kipre dingo Luka\u0161enk\u0105 kadaise papiktin\u0119s buv\u0119s \u201eUralkalij\u201c vadovas<\/a>&nbsp;&nbsp;Delfi<\/li>\n<li><a href=\"https:\/\/news.google.com\/rss\/articles\/CBMipwFBVV95cUxOakJBQ1p0aGp4eklkLURGUkxNWXpNbnBTb2R6VnNWRk4waVdHMGQyLTZwV1B4WC05WFVUcVhXQWkySTlZaU9lV09YeDlxNnFtX0JaeGNDVlF0dmI3UzBKN0tJTTM1dzEyREd6YTZZanVZeHVoQzFaemlzODZSQ0txRkJMR3FJcTRMc1dnZFprRWtvRDZtQkxJU1pLSy04YmpkNkU4UW9sVQ?oc=5\" target=\"_blank\" rel=\"nofollow noopener\">Rusijos ambasadoje Kipre rastas negyvas rus\u0173 diplomatas<\/a>&nbsp;&nbsp;LRT<\/li>\n<li><a href=\"https:\/\/news.google.com\/rss\/articles\/CBMizgFBVV95cUxOOGVBMVl6dDlCZGllVTZ3cmFWR2JMZFZ6cVRNVmNoLWVpOTBLLXNLTVE4UTNmWXFteTVBQkZxUnhkYnFNczVLNnhkOHNLZEJqYzRvX3lkQVpqLWkwUGhWaElneHZUN0RaeDZKcnZZeTFXT0xwOTdsX2V1U1dGeEZvdUJIWF9SV3VUUDdWTFFHazVDdWJJVURBb1F3ZDlNamd2YXZZRkRDdDFUU0tPQjd5WWN0ejNKVUpoMGVkbXo4REVpOWFIT2x0bXdNNVRLQQ?oc=5\" target=\"_blank\" rel=\"nofollow noopener\">Kipre be \u017einios dingo buv\u0119s \u201eUralkalij\u201c direktorius Vladislavas Baumgertneris<\/a>&nbsp;&nbsp;15min.lt<\/li>\n<li><a href=\"https:\/\/news.google.com\/rss\/articles\/CBMiwAFBVV95cUxOX3gzNDRPUU1oT2VleExzaFluWGx1UzY5M1AzZTJtcS0teENCUU9aMGlnNi1hYl8xWmRVanBScGwxckV4TTZFbWZGZFQxcnVYZ0wxODBNYzNfZzdybk1GeThmdURhY09MN3k2V3U1YTFkVURyTVZ4NkVaOXVGR3lhUUxwZFI1RTBzNXV6d0FYUUs1czJOTmdrU0dVZTBIRnBCc0lBMGdaMlo5R1VfWTVYZE5IRWVweEg5NGNrWXBDVUg?oc=5\" target=\"_blank\" rel=\"nofollow noopener\">Kipr\u0105 purto \u012ftaking\u0173 rus\u0173 mirtys: oligarchas dingo, diplomatas rastas negyvas<\/a>&nbsp;&nbsp;Alfa<\/li>\n<li><a href=\"https:\/\/news.google.com\/rss\/articles\/CBMi2AFBVV95cUxPVkpVV1M1TlFHNW00WnVCY3ZVVEI4cURuaC14czByRGx2ZTFQOWZINVpTYVV5N1h0MkwwOVFLazVLbl9hZmRTa3h1clBTMk00SnQ3Xy00T09aNXJ5blZrZEtaNkF0VDhVNFE2MTNQMDM5MHZCN080bFlLNHB5V1pjbThFYUMwaS1kTDd6eTZ4WVNCS1M0WkJfck5BUUVEZGsybFFTU05LQnFrbmNBNlBiZXRDRDZhOGVjSkkxMzZJNUhQYURYVk83c0xGTHRsZ2ZiMk5pUngxSmM?oc=5\" target=\"_blank\" rel=\"nofollow noopener\">Neramios dienos Kipre: dingo \u012ftakingas Rusijos verslininkas, ambasadoje rastas negyvas pareig\u016bnas<\/a>&nbsp;&nbsp;tv3.lt<\/li>\n<\/ol>\n","protected":false},"excerpt":{"rendered":"Kipre dingo Luka\u0161enk\u0105 kadaise papiktin\u0119s buv\u0119s \u201eUralkalij\u201c vadovas&nbsp;&nbsp;Delfi Rusijos ambasadoje Kipre rastas negyvas rus\u0173 diplomatas&nbsp;&nbsp;LRT Kipre be \u017einios&hellip;\n","protected":false},"author":2,"featured_media":82593,"comment_status":"","ping_status":"","sticky":false,"template":"","format":"standard","meta":{"footnotes":"","_share_on_mastodon":"0"},"categories":[15],"tags":[2229,25,30,31,34,35,24,10379,32,33,37,39,36,38,40,23,22,44,28,29,26,27,17658,74,75,76],"class_list":["post-82592","post","type-post","status-publish","format-standard","has-post-thumbnail","category-pasaulis","tag-aliaksandras-lukasenka","tag-antrastes","tag-breaking-news","tag-breakingnews","tag-featured-news","tag-featurednews","tag-headlines","tag-kipras","tag-latest-news","tag-latestnews","tag-lietuva","tag-lietuviu","tag-lithuania","tag-lithuanian","tag-lt","tag-naujienos","tag-news","tag-pasaulis","tag-populiariausios-naujienos","tag-populiariausiosnaujienos","tag-top-stories","tag-topstories","tag-uralkalij","tag-world","tag-world-news","tag-worldnews"],"share_on_mastodon":{"url":"https:\/\/pubeurope.com\/@lt\/115888682663028610","error":""},"_links":{"self":[{"href":"https:\/\/www.europesays.com\/lt\/wp-json\/wp\/v2\/posts\/82592","targetHints":{"allow":["GET"]}}],"collection":[{"href":"https:\/\/www.europesays.com\/lt\/wp-json\/wp\/v2\/posts"}],"about":[{"href":"https:\/\/www.europesays.com\/lt\/wp-json\/wp\/v2\/types\/post"}],"author":[{"embeddable":true,"href":"https:\/\/www.europesays.com\/lt\/wp-json\/wp\/v2\/users\/2"}],"replies":[{"embeddable":true,"href":"https:\/\/www.europesays.com\/lt\/wp-json\/wp\/v2\/comments?post=82592"}],"version-history":[{"count":0,"href":"https:\/\/www.europesays.com\/lt\/wp-json\/wp\/v2\/posts\/82592\/revisions"}],"wp:featuredmedia":[{"embeddable":true,"href":"https:\/\/www.europesays.com\/lt\/wp-json\/wp\/v2\/media\/82593"}],"wp:attachment":[{"href":"https:\/\/www.europesays.com\/lt\/wp-json\/wp\/v2\/media?parent=82592"}],"wp:term":[{"taxonomy":"category","embeddable":true,"href":"https:\/\/www.europesays.com\/lt\/wp-json\/wp\/v2\/categories?post=82592"},{"taxonomy":"post_tag","embeddable":true,"href":"https:\/\/www.europesays.com\/lt\/wp-json\/wp\/v2\/tags?post=82592"}],"curies":[{"name":"wp","href":"https:\/\/api.w.org\/{rel}","templated":true}]}}