{"id":82594,"date":"2026-01-13T16:15:08","date_gmt":"2026-01-13T16:15:08","guid":{"rendered":"https:\/\/www.europesays.com\/lt\/82594\/"},"modified":"2026-01-13T16:15:08","modified_gmt":"2026-01-13T16:15:08","slug":"kaunas-kapciamiescio-poligone-bus-iskirsta-10-proc-teritorijos","status":"publish","type":"post","link":"https:\/\/www.europesays.com\/lt\/82594\/","title":{"rendered":"Kaunas: Kap\u010diamies\u010dio poligone bus i\u0161kirsta 10 proc. teritorijos"},"content":{"rendered":"<p>\u201eVie\u0161ojoje erdv\u0117je buvo nema\u017eai diskusij\u0173 \u012fvairiomis, aplinkosaugin\u0117mis temomis, kad galimai bus i\u0161kirsta visa giria \u2013 plyni kirtimai ir visa mediena bus ka\u017ekur i\u0161ve\u017eama. I\u0161 karto noriu tai paneigti \u2013 numatoma plyn\u0173 kirtim\u0173 vieta yra tik apie 10 proc. viso poligono ploto ir tik tose vietose, kur yra reikalinga kariuomenei. Pagrindin\u0117 yra \u0161audykl\u0173 zona, kur reik\u0117s didesnio kirtimo. Tiesa, mes \u012fsipareigojome, kad analogi\u0161k\u0105 kiek\u012f med\u017ei\u0173 atsodinsime kitose vietose, tad gamtos atk\u016brimas yra ne k\u0105 ma\u017eiau svarbus klausimas\u201c, \u2013 antradien\u012f \u017eurnalistams sak\u0117 R. Kaunas.<\/p>\n<p>\u201eDialogas su gyventojais, sodyb\u0173, mi\u0161k\u0173 ir sklyp\u0173 savininkais vyksta. Rytoj startuoja techniniai pokalbiai su gyventojais seni\u016bnijoje\u201c, \u2013 teigia Kra\u0161to apsaugos ministerijos (KAM) vadovas.<\/p>\n<p>Lietuvos kariuomen\u0117s bei Valstyb\u0117s saugom\u0173 teritorij\u0173 tarnybos atstovai tuo metu tikina, kad poligonuose gamta yra tausojama, saugojama \u2013 laikomasi vis\u0173 aplinkosaugini\u0173 reikalavim\u0173 ir nuolat vyksta tarpinstitucinis bendradarbiavimas tai u\u017etikrinant.<\/p>\n<p>Poligono vir\u0161ininkas: aplinkosauga ir gamtos i\u0161tekli\u0173 tausojimas \u2013 nacionalinio saugumo dalis<\/p>\n<p>Kazio Veverskio poligono vir\u0161ininkas majoras K\u0119stutis \u010cekavi\u010dius savo ruo\u017etu u\u017etikrino, kad Lietuvos kariuomen\u0117 poligonuose savo veikl\u0105 vykdo itin atsakingai.<\/p>\n<p>\u201eKariuomen\u0117s pagrindin\u0117 u\u017eduotis yra u\u017etikrinti valstyb\u0117s saugum\u0105, ta\u010diau akcentuosiu, kad \u0161i\u0105 misij\u0105 mes vykdome atsakingai ir suprasdami, kad aplinkos apsauga ir gamtos i\u0161tekli\u0173 tausojimas yra neatsiejama nacionalinio saugumo dalis\u201c, \u2013 \u017eurnalistams sak\u0117 K. \u010cekavi\u010dius.<\/p>\n<p>Anot jo, kariai mokydamiesi, atlikdami pratybas poligonuose laikosi vis\u0173 jiems nustatyt\u0173 reikalavim\u0173. Anot jo, t\u0105 darant net yra atsi\u017evelgiama \u012f gyv\u016bnijai itin jautrius migracijos ar pauk\u0161\u010di\u0173 per\u0117jimo laikotarpius \u2013 tuo metu pratybos b\u016bna ribojamos arba i\u0161vis atidedamos.<\/p>\n<p>\u201eLietuvos kariuomen\u0117s poligonai yra erdv\u0117s, kur yra nuosekliai \u012fgyvendinami aplinkosauginiai projektai ir gamtos i\u0161saugojimo reikalavimai. Visa veikla poligonuose yra vykdoma grie\u017etai reglamentuojant visiems \u012fstatymams, aplinkosaugos normoms bei tarptautiniams reikalavimams. Visada yra vertinamos rizikos bei numatomos prevencin\u0117s priemon\u0117s\u201c, \u2013 ai\u0161kino K. \u010cekavi\u010dius.<\/p>\n<p>\u201eYpatingas d\u0117mesys skiriamas saugomoms teritorijoms, biologinei \u012fvairovei bei nat\u016bralioms buvein\u0117ms. Stengiam\u0117s riboti pratybas ar j\u0173 net nevykdyti pauk\u0161\u010di\u0173 per\u0117jimo metu, gyv\u016bnijos migracijos metu, taip siekiant suma\u017einti ar visi\u0161kai eliminuoti galim\u0105 poveik\u012f gamtai\u201c, \u2013 tikino kariuomen\u0117s atstovas.<\/p>\n<p>Kaip teig\u0117 vieno i\u0161 poligon\u0173 vir\u0161ininkas, kariuomen\u0117 nuolat vykdo aplinkos b\u016bkl\u0117s steb\u0117sen\u0105-monitoring\u0105, \u012fskaitant dirvo\u017eem\u012f, or\u0105, vandens b\u016bkl\u0119 ir kitus aplinkosauginius aspektus.<\/p>\n<p>\u201ePoligonai n\u0117ra u\u017edara zona be taisykli\u0173. Prie\u0161ingai, tai yra vienos labiausiai stebim\u0173 teritorij\u0173 aplinkosaugos prasme \u2013 kiekvienas sprendimas \u010dia turi b\u016bti pagr\u012fstas ir atsakingas\u201c, \u2013 pabr\u0117\u017e\u0117 K. \u010cekavi\u010dius.<\/p>\n<p>Anot jo, visa kariuomen\u0117s veikla poligonuose yra vykdoma sutvarkant bet kokias pa\u017eaidas, stabdant ir ribojant jud\u0117jim\u0105 jautresn\u0117se vietov\u0117se. Taip pat atkreipiamas d\u0117mesys \u012f tar\u0161os prevencij\u0105 bei atliek\u0173, toki\u0173 kaip degal\u0173, alyvos ar kit\u0173 atliek\u0173 tvarkymas bei r\u016b\u0161iavimas.<\/p>\n<p>\u201eKariai yra mokomi atsakingai elgtis gamtoje, laikytis vis\u0173 aplinkosaugini\u0173 reikalavim\u0173, prisid\u0117ti prie aplinkos i\u0161saugojimo ir tai n\u0117ra butaforija, o kasdien\u0117s tarnybos dalis\u201c, \u2013 tikino karininkas.<\/p>\n<p>\u201eMes nuo\u0161ird\u017eiai ir glaud\u017eiai bendradarbiaujame su visomis valstybin\u0117mis institucijomis, \u012fskaitant Aplinkos ministerij\u0105, Valstybin\u0119 mi\u0161k\u0173 ur\u0117dij\u0105, Saugom\u0173 teritorij\u0173 tarnyb\u0105 ir mokslo \u012fstaigomis \u2013 universitetais, su kuriais s\u0117kmingai vystome projektus, nustatin\u0117jame galim\u0105 neigiam\u0105 poveik\u012f karini\u0173 pratyb\u0173 poligonuose poveik\u012f ekosistemoms\u201c, \u2013 pasteb\u0117jo K. \u010cekavi\u010dius.<\/p>\n<p>Tiesa, vir\u0161ininkas majoras pripa\u017eino, kad jei yra vienas b\u016bdas, kaip kariuomen\u0117s veikla poligonuose gali paveikti gyv\u016bn\u0173 ar aplink gyvenan\u010di\u0173 \u017emoni\u0173 kasdienyb\u0119, tai yra triuk\u0161mas. Ta\u010diau jo \u017einiomis, karini\u0173 mokym\u0173 metu skleid\u017eiama akustin\u0117 tar\u0161a gyv\u016bnams didelio poveikio neturi, o d\u0117l \u012ftakos \u017emoni\u0173 gyvenimo kokybei \u2013 vykdomi tyrimai.\u00a0<\/p>\n<p>\u201eVienintelis ir pagrindinis klausimas, apie aplinkosaugin\u0119 \u017eal\u0105, kuri\u0105 kariuomen\u0117 gali daryti su savo veikla, yra ne ka\u017ekokia chemin\u0117, o fizikin\u0117 tar\u0161a \u2013 b\u016btent akustin\u0117 tar\u0161a, garsas. Kaip sakiau, yra vykdomas glaudus bendradarbiavimas su universitetais, mokslo \u012fstaigomis ir vykdomi monitoringai, steb\u0117jimai ir iki kokio lygio pakyla garsas atliekant \u0161audymus \u2013 nuo p\u0117stinink\u0173 ginkl\u0173, minosvaid\u017ei\u0173 iki artilerijos pab\u016bkl\u0173 \u0161audym\u0173\u201c, \u2013 ai\u0161kino K. \u010cekavi\u010dius.<\/p>\n<p>\u201eI\u0161 principo, faktas yra tai, kad tai nedaro didelio neigiamo poveikio gyv\u016bnams. Ta\u010diau kiek tai lie\u010dia ekosistemas, \u012fskaitant gyventojus, tyrimai yra vykdomi, bet dideli\u0173 ar kritini\u0173 neigiam\u0173 poveiki\u0173 nesame fiksav\u0119\u201c, \u2013 apibendrino Veverskio poligono vadovas.<\/p>\n<p>Saugom\u0173 teritorij\u0173 tarnybos vadov\u0117: kariuomen\u0117s pa\u017eeidim\u0173 nesame fiksav\u0119<\/p>\n<p>Tuo metu Valstyb\u0117s saugom\u0173 teritorij\u0173 tarnybos direktor\u0117 Agn\u0117 Jasinavi\u010di\u016bt\u0117-Trakimien\u0117 teig\u0117, kad institucija n\u0117ra fiksavusi joki\u0173 aplinkosaugos pa\u017eeidim\u0173 Lietuvos kariniuose poligonuose. Anot jos, apie visus planuojamus veiksmus vietose, kur netoli yra saugomos teritorijos, tarnybai b\u016bna prane\u0161ama i\u0161 anksto, taip i\u0161vengiant bet kokio poveikio aplinkai.<\/p>\n<p>\u201eGamtosaugini\u0173 pa\u017eeidim\u0173 kariniuose poligonuose mes nefiksuojame \u2013 bet kokia veikla, kuri vyksta kariniuose poligonuose, kur yra saugomos teritorijos, mes dar prie\u0161 tam \u012fvykstant gauname informacij\u0105 ir derinam\u0117s, ar ta veikla gali tur\u0117ti neigiam\u0105 poveik\u012f. Bent jau kol kas, \u012fskaitant ir \u0161\u012f poligon\u0105, mums pavyksta rasti sutarimus\u201c, \u2013 \u017eurnalistams sak\u0117 A. Jasinavi\u010di\u016bt\u0117-Trakimien\u0117.<\/p>\n<p>\u201eBendradarbiavimas yra savalaikis, o ne pav\u0117luotas \u2013 n\u0117ra taip, kad ka\u017ekas jau \u012fvyko ir bendradarbiaujama yra po fakto. Nuo pat prad\u017ei\u0173 gavome \u017einut\u0119, kad \u0161ioje teritorijoje yra planuojamas karinis poligonas \u2013 s\u0117dome prie stalo, teik\u0117me duomenis apie saugomas r\u016b\u0161is, buveines ir kariuomen\u0117 yra atsi\u017evelgusi \u012f visus m\u016bs\u0173 pra\u0161ymus\u201c, \u2013 tikino tarnybos direktor\u0117.<\/p>\n<p>Anot jos, b\u016bsimo Kap\u010diamies\u010dio poligono teritorijoje \u0161iuo metu yra 6 saugomos teritorijos \u2013 5 draustiniai ir Pertako mi\u0161ko biosferos poligonas.<\/p>\n<p>\u201eJie visi kartu yra ir Europos svarbos \u201eNatura 2000\u201c teritorijos, tod\u0117l mes labai aktyviai nuo pat prad\u017eios bendradarbiaujame su KAM ir kariuomene, ie\u0161kodami palankiausi\u0173 sprendim\u0173, kad gamtos oaz\u0117s gal\u0117t\u0173 saugiai likti ir kariniame poligone\u201c, \u2013 pasteb\u0117jo A. Jasinavi\u010di\u016bt\u0117-Trakimien\u0117.<\/p>\n<p>Valstyb\u0117s saugom\u0173 teritorij\u0173 tarnybos direktor\u0117s teigimu, tokiuose kariniuose objektuose, kuri\u0173 teritorijoje yra saugom\u0173 viet\u0173, nuolat vyksta steb\u0117sena, kuri leid\u017eia greitai reaguoti \u012f potencial\u0105 gr\u0117sm\u0119 aplinkai.<\/p>\n<p>\u201eIr veikian\u010diuose ir planuojamuose kariniuose poligonuose, kur yra saugomos teritorijos, nuolat vykdoma steb\u0117sena tam, kad gal\u0117tume priimti duomenimis gr\u012fstus sprendimus ir jei kyla ka\u017ekoks poveikis \u2013 i\u0161kart aktyvuojame kompensacines priemones arba ie\u0161kome kit\u0173 sprendim\u0173, kad poveikis b\u016bt\u0173 kaip \u012fmanoma ma\u017eesnis\u201c, \u2013 ai\u0161kina ji.<\/p>\n<p>\u201eB\u016btent dabar Kap\u010diamies\u010dio poligono teritorijoje mes vykdome Pertako mi\u0161ko biosferos poligono rib\u0173 keitimo proces\u0105, kad sustiprintum\u0117me vakarinio kurtinio ir kit\u0173 saugom\u0173 buveini\u0173 apsaug\u0105. (\u2026) Tose teritorijose gyvena apie 15 proc. visos kurtini\u0173 populiacijos Lietuvoje. (\u2026) Tiesa, dar turime daryti papildomus tyrimus\u201c, \u2013 prid\u016br\u0117 A. Jasinavi\u010di\u016bt\u0117-Trakimien\u0117.<\/p>\n<p>Pasak jos, \u0161iuo metu planuojamo Kap\u010diamies\u010dio poligono saugomose teritorijose n\u0117ra planuojamas joks i\u0161mi\u0161kinimas.<\/p>\n<p>\u201eLabai tikim\u0117s, kad taip ir liks\u201c, \u2013 reziumavo saugom\u0173 teritorij\u0173 tarnybos vadov\u0117.<\/p>\n<p>ELTA primena, kad pernai gruod\u012f Valstyb\u0117s gynimo taryba (VGT) pri\u0117m\u0117 sprendim\u0105 steigti brigados dyd\u017eio poligon\u0105 Lazdij\u0173 savivaldyb\u0117je.\u00a0<\/p>\n<p>Be to, nuspr\u0119sta, kad Taurag\u0117je esan\u010dio poligono plotas bus dvigubai didinamas, i\u0161ple\u010diant jo teritorij\u0105 \u012f Jurbarko savivaldyb\u0119.\u00a0<\/p>\n<p>Spal\u012f KAM su Lietuvos savivaldybi\u0173 asociacija (LSA) pasira\u0161\u0117 bendradarbiavimo susitarim\u0105, d\u0117l naud\u0173 paketo savivaldyb\u0117ms, kuri\u0173 teritorijoje jau yra arba ateityje bus \u012fsteigti kariniai poligonai.<\/p>\n<p>Brigados dyd\u017eio poligon\u0105 norima \u012fsteigti siekiant atliepti kariuomen\u0117s modernizacij\u0105, augant\u012f \u0161auktini\u0173 skai\u010di\u0173, vystom\u0105 nacionalin\u0119 divizij\u0105 ir did\u0117jan\u010dias s\u0105junginink\u0173 paj\u0117gas. Apie naujojo poligono poreik\u012f dar kovo prad\u017eioje u\u017esimin\u0117 kariuomen\u0117s vadas Raimundas Vaik\u0161noras, kuris teig\u0117, kad tinkamiausia vieta b\u016bt\u0173 Piet\u0173 Lietuva.<\/p>\n","protected":false},"excerpt":{"rendered":"\u201eVie\u0161ojoje erdv\u0117je buvo nema\u017eai diskusij\u0173 \u012fvairiomis, aplinkosaugin\u0117mis temomis, kad galimai bus i\u0161kirsta visa giria \u2013 plyni kirtimai ir&hellip;\n","protected":false},"author":2,"featured_media":82595,"comment_status":"","ping_status":"","sticky":false,"template":"","format":"standard","meta":{"footnotes":""},"categories":[13],"tags":[25,30,31,34,35,24,32,33,37,39,36,38,40,23,22,17202,28,29,8542,26,27],"class_list":{"0":"post-82594","1":"post","2":"type-post","3":"status-publish","4":"format-standard","5":"has-post-thumbnail","7":"category-lietuva","8":"tag-antrastes","9":"tag-breaking-news","10":"tag-breakingnews","11":"tag-featured-news","12":"tag-featurednews","13":"tag-headlines","14":"tag-latest-news","15":"tag-latestnews","16":"tag-lietuva","17":"tag-lietuviu","18":"tag-lithuania","19":"tag-lithuanian","20":"tag-lt","21":"tag-naujienos","22":"tag-news","23":"tag-poligonas-kapciamiestyje","24":"tag-populiariausios-naujienos","25":"tag-populiariausiosnaujienos","26":"tag-robertas-kaunas","27":"tag-top-stories","28":"tag-topstories"},"share_on_mastodon":{"url":"https:\/\/pubeurope.com\/@lt\/115888686581659088","error":""},"_links":{"self":[{"href":"https:\/\/www.europesays.com\/lt\/wp-json\/wp\/v2\/posts\/82594","targetHints":{"allow":["GET"]}}],"collection":[{"href":"https:\/\/www.europesays.com\/lt\/wp-json\/wp\/v2\/posts"}],"about":[{"href":"https:\/\/www.europesays.com\/lt\/wp-json\/wp\/v2\/types\/post"}],"author":[{"embeddable":true,"href":"https:\/\/www.europesays.com\/lt\/wp-json\/wp\/v2\/users\/2"}],"replies":[{"embeddable":true,"href":"https:\/\/www.europesays.com\/lt\/wp-json\/wp\/v2\/comments?post=82594"}],"version-history":[{"count":0,"href":"https:\/\/www.europesays.com\/lt\/wp-json\/wp\/v2\/posts\/82594\/revisions"}],"wp:featuredmedia":[{"embeddable":true,"href":"https:\/\/www.europesays.com\/lt\/wp-json\/wp\/v2\/media\/82595"}],"wp:attachment":[{"href":"https:\/\/www.europesays.com\/lt\/wp-json\/wp\/v2\/media?parent=82594"}],"wp:term":[{"taxonomy":"category","embeddable":true,"href":"https:\/\/www.europesays.com\/lt\/wp-json\/wp\/v2\/categories?post=82594"},{"taxonomy":"post_tag","embeddable":true,"href":"https:\/\/www.europesays.com\/lt\/wp-json\/wp\/v2\/tags?post=82594"}],"curies":[{"name":"wp","href":"https:\/\/api.w.org\/{rel}","templated":true}]}}