{"id":83599,"date":"2026-01-14T15:58:51","date_gmt":"2026-01-14T15:58:51","guid":{"rendered":"https:\/\/www.europesays.com\/lt\/83599\/"},"modified":"2026-01-14T15:58:51","modified_gmt":"2026-01-14T15:58:51","slug":"koks-siemet-bus-oras-tiksliausiai-pasakys-sv-kazimieras-ir-jusu-katinas-respublika-lt","status":"publish","type":"post","link":"https:\/\/www.europesays.com\/lt\/83599\/","title":{"rendered":"Koks \u0161iemet bus oras, tiksliausiai pasakys \u0160v. Kazimieras ir j\u016bs\u0173 katinas &#8211; Respublika.lt"},"content":{"rendered":"<p style=\"text-align: justify;\" class=\"desktop_banner\">\u00a0<\/p>\n<p>Senoliai \u017eiem\u0105 nebijojo ir gausaus sniego. \u0160alta ir snieginga \u017eiema buvo laikoma gra\u017eia \u017eiema. Es\u0105 jei sausio prad\u017eia ir pabaiga \u0161altos bei sniegingos, lauk ger\u0173, tai yra, derling\u0173 met\u0173. Nes met\u0173 gerumas buvo matuojamas derliumi.<\/p>\n<p>\u0160vent\u0173 dien\u0173 sp\u0117jimai<\/p>\n<p>Or\u0173 sp\u0117jimams buvo skirtos ir tam tikros met\u0173 dienos. Pavyzd\u017eiui, jei per Grabny\u010dias (vasario 2-\u0105j\u0105) sninga, at\u0117jus bulviasod\u017eiui sodink bulves ant kalno. Antraip liet\u016bs derli\u0173 sup\u016bdys. O jei per Grabny\u010dias kyla p\u016bga, \u017eiema tais metais dar ilgai nepasitrauks.<\/p>\n<p>Jei sninga ir per Verb\u0173 sekmadien\u012f, tai tais metais bus lietaus kiekvien\u0105 t\u0173 met\u0173 sekmadien\u012f. \u0160iemet Verb\u0173 sekmadienis bus kovo 29-\u0105j\u0105, tad tur\u0117sime progos \u012fsitikinti, ar \u0161i m\u016bs\u0173 senoli\u0173 i\u0161mintis vis dar veiksminga.<\/p>\n<p>I\u0161 sniego burdavo ir per \u0160v.Kazimier\u0105 (kovo 4-\u0105j\u0105). Jei tada pasnigdavo, tai rei\u0161k\u0117, jog v\u0117liau ims dygti \u017eol\u0117. V\u0117liau teks i\u0161ginti i\u0161 tvart\u0173 gyvulius \u012f pievas. Kovo pirmoji diena taip pat nusp\u0117davo, koks bus pavasaris, kovo antroji &#8211; kokia bus vasara, o kovo tre\u010dioji prane\u0161davo, kokio reikia tik\u0117tis rudens.<\/p>\n<p>Jei per Jonines lydavo, lauk \u0161lapio rugpj\u016b\u010dio, o jei griaud\u0117davo, nebus rie\u0161ut\u0173. Per Onines (liepos 26-\u0105j\u0105) spr\u0119sdavo, kokia bus ateinanti \u017eiema.<\/p>\n<p>Pavyzd\u017eiui, jei per \u0160v.On\u0105 jau prad\u0117jo rausti \u0161ermuk\u0161niai, lauk ankstyvos ir \u0161altos \u017eiemos.<\/p>\n<p>Med\u017eiai ir gyv\u016bnai klimatologai<\/p>\n<p>\u0160ermuk\u0161nis liaudies klimatologijoje buvo pats svarbiausias medis.<\/p>\n<p>Pavyzd\u017eiui, jei v\u0117lai su\u017eyd\u0117davo, tai vasar\u0105 prognozuodavo \u0161alt\u0105. Jei uogas anksti subrandino, v\u0117lgi lauk ilgos \u017eiemos. Burdavo ir i\u0161 kit\u0173 med\u017ei\u0173 &#8211; jei pirmas su\u017ealiuodavo ber\u017eas, lauk sausos vasaros. O jeigu pirmas su\u017ealiuodavo alksnis, vasara bus lietinga. Jei pavasar\u012f i\u0161 ber\u017eo teka daug sulos, vasara v\u0117lgi bus lietinga.<\/p>\n<p>Apie artimiausius orus spr\u0119sdavo net pagal i\u0161 kamino kylan\u010dius d\u016bmus. Jei tiesiai \u012f vir\u0161\u0173 kyla, bus giedra, jei greitai \u012f \u0161onus i\u0161sisklaido, lauk atlyd\u017eio.<\/p>\n<p>Apie b\u016bsimus artimiausius orus prane\u0161davo ir kat\u0117 su \u0161unimi. Jei abu \u0117da \u017eol\u0119, lauk lietaus. Jei \u0161uo sniege voliojasi, bus atlydys. Or\u0173 prana\u0161ais tapdavo ir artimiausiai prie sodyb\u0173 apsigyven\u0119 pauk\u0161tukai, vabzd\u017eiai. Pavyzd\u017eiui, jei \u017evirblis maudosi dulk\u0117se, lauk lietaus. Jei zyl\u0117 \u017eiem\u0105 i\u0161 pat ryto tupi \u0161e\u0161\u0117lyje, artimiausi\u0105 nakt\u012f pa\u0161als.<\/p>\n<p>\u017dvejai orus nustatydavo ir pagal s\u0105nari\u0173 skausmus bei \u017euv\u0117dras. S\u0105narius imdavo gelti prie\u0161 liet\u0173, o jei \u017euv\u0117dra atsis\u0117do ir supasi ant vandens, rytoj bus geras oras. Jei vasar\u0105 daug uod\u0173, gerai u\u017eder\u0117s agurkai. Jei bit\u0117s ir sparvos piktos, bus lietaus. Orams sp\u0117ti pasitarnaudavo netgi svog\u016bnas. Jei jo galva u\u017esiaugindavo daug stor\u0173 luk\u0161t\u0173, tai rei\u0161k\u0117 b\u016bsim\u0105 \u0161alt\u0105 \u017eiem\u0105. M\u016bs\u0173 senoliai b\u016bsimus orus i\u0161skaitydavo netgi i\u0161 lap\u0117s elgesio. Jei ilgauodeg\u0117 \u017eiem\u0105 i\u0161siruo\u0161\u0117 peliauti, tuoj bus atlydys. O jei dz\u016bkai grybautojai pasteb\u0117davo, jog jau pradeda dygti kelmu\u010diai, vadinasi, vasara baigiasi.<\/p>\n<p>Prasid\u0117jus naujiems metams, \u017emon\u0117s ima sp\u0117lioti, ar jie bus palank\u016bs i\u0161 anksto planuojamoms vasaros atostogoms, kelion\u0117ms po gamt\u0105 ir t.t. \u016akininkai, savo ruo\u017etu, jau galvoja apie b\u016bsimus derlius, mokslininkai ir pseudomokslininkai &#8211; apie klimato at\u0161ilim\u0105, \u0161iltnamio efekt\u0105 ir t.t.<\/p>\n<p>Ta\u010diau i\u0161 esm\u0117s, kuo civilizuotesnis kra\u0161tas, tuo labiau jo gyventojai nutolsta nuo laukin\u0117s gamtos. Jau nesugeba skaityti gamtos \u017eenkl\u0173 ir i\u0161 j\u0173 atsp\u0117ti, kas artimiausiu metu m\u016bs\u0173 laukia.<\/p>\n<p>Komentuoja etnologas Libertas KLIMKA:<\/p>\n<p><img loading=\"lazy\" decoding=\"async\" src=\"https:\/\/www.europesays.com\/lt\/wp-content\/uploads\/2026\/01\/photo_748224.jpg\" alt=\"\" width=\"580\" height=\"406\"\/><\/p>\n<p>Da\u017eniausiai orai b\u016bdavo stebimi per \u0161ventines dienas. Tarkime, per \u0160v. Martyn\u0105 lapkri\u010dio 11-\u0105j\u0105 sakydavo toki\u0105 gra\u017ei\u0105 patarl\u0119 &#8211; jei per Martyn\u0105 \u017e\u0105sis ant vandens, tai per Kal\u0117das bus ant ledo. Ir atvirk\u0161\u010diai &#8211; jei per Martyn\u0105 ant ledo, tai per Kal\u0117das bus ant vandens. \u0160it\u0105 taisykl\u0119 a\u0161 tikrinu vis metai nuo met\u0173 ir ji pasiteisina. \u0160iemet iki to nedaug tetr\u016bko. Buvo pa\u0161al\u0119 nakt\u012f per K\u016b\u010dias, kai kuriose Lietuvos vietose net iki minus 13-os laipsni\u0173 \u0161al\u010dio.<\/p>\n<p>Tod\u0117l senoli\u0173 i\u0161mintis, pagr\u012fsta gamtos steb\u0117jimais per \u0161imtme\u010dius, dar n\u0117ra visi\u0161kai praradusi savo vert\u0119. Tiesa, daug k\u0105 jau esame pamir\u0161\u0119, ta\u010diau etnologai yra para\u0161\u0119 ir knyg\u0173, ir straipsni\u0173. Toki\u0173 publikacij\u0173 apie gamtos rei\u0161kinius tikrai yra, o ir a\u0161 pats esu ra\u0161\u0119s apie senoli\u0173 gamtos steb\u0117jimus, surinktus i\u0161 ekspedicij\u0173 mano jaunyst\u0117s metais. Tada dar buvo galima surasti ir pa\u0161nekinti senus \u017emones, \u017einojusius, k\u0105 koks gamtos rei\u0161kinys prane\u0161a. Vienas i\u0161 mano klausim\u0173 buvo &#8211; pagal kokias dienas senov\u0117je orus sp\u0117davo? Be to, yra ir daugyb\u0117 toki\u0173 trump\u0173 sp\u0117jim\u0173 &#8211; kokie bus rytoj ar poryt orai. Tai \u010dia pagal gamtos po\u017eymius viskas reik\u0161minga &#8211; ir kaip Saul\u0117 leid\u017eiasi, ir kaip pateka, ir kaip ratas aplink M\u0117nul\u012f susidaro. Visa tai rodo oro permainas.<\/p>\n<p>Taip pat svarbu, kaip elgiasi pauk\u0161\u010diai, nes jie yra labai prana\u0161i\u0161ki. Buvo svarbu netgi naminiai gyv\u016bnai &#8211; vi\u0161tos, gaidys, katinas &#8211; k\u0105 jie veikia. Ar kat\u0117 per lang\u0105 \u017ei\u016bri, ar prie \u017emogaus glaud\u017eiasi. Jei glaud\u017eiasi prie \u017emogaus, tai yra prie\u0161 \u0161alt\u012f. Prie\u0161 atlyd\u012f kat\u0117s jau \u017ei\u016bri pro lang\u0105. Prie\u0161 liet\u0173 vi\u0161tos vakare ilgai neina t\u016bpti, ilgai lauke vaik\u0161to, o nak\u010diai sut\u016bpia ne ant \u017eemutini\u0173, bet ant vir\u0161utini\u0173 lakt\u0173. O gaidys prie\u0161 liet\u0173 gieda porin\u012f skai\u010di\u0173. Jei juodvarnis praskrenda, taip pat labai reik\u0161minga, kiek jis kart\u0173 sukranks\u0117jo. Jei porin\u012f skai\u010di\u0173, bus lietaus&#8230;<\/p>\n<p>Yra daugyb\u0117 gamtos po\u017eymi\u0173. Pavyzd\u017eiui, ar gerai vienkiemyje girdimas miestelio ba\u017enyt\u0117l\u0117s varpas. Jei ry\u0161kai, ai\u0161kiai, tai prie\u0161 \u0161alt\u012f. O jei varpo garsas duslus, bus atlydys.<\/p>\n<p>Ir \u012f varnas m\u016bs\u0173 prot\u0117viai \u017ei\u016br\u0117davo! Buvo svarbu, kaip jos sut\u016bpia med\u017eiuose. Prie\u0161 \u0161alt\u012f jos sut\u016bpia med\u017ei\u0173 vir\u0161\u016bn\u0117se, snapus atsuka prie\u0161 v\u0117j\u0105. O jeigu varnos, vi\u0161tos, \u0161unys sniege maudosi, voliojasi, plunksnas ar kailius kedena, varnos \u017eeme vaik\u0161tin\u0117ja, tai yra atlyd\u017eio po\u017eymiai.<\/p>\n<p>Yra daugyb\u0117 toki\u0173 \u201emeteorologini\u0173 tyrim\u0173&#8221; \u012fdomi\u0173! Pavyzd\u017eiui, raugintus kop\u016bstus laikydavo statin\u0117se. Jei \u0161eiminink\u0117s pamatydavo, kad skystis statin\u0117se pakilo ir gerai apsemia kop\u016bstus, tai rei\u0161k\u0117, kad bus lietaus. Jei akmuo sode ap\u0161erk\u0161nijo, tai tikrai atlydys ateina. Jei \u017earijos ilgai \u017e\u0117ruoja krosnyje, tai prie\u0161 \u0161alt\u012f. Spr\u0119sdavo ir i\u0161 langini\u0173, kaip jos girg\u017eda. Jei v\u0117jui pu\u010diant, langin\u0117s prad\u0117davo keistai girg\u017ed\u0117ti, tai irgi buvo \u0161al\u010dio po\u017eymis. \u017dmon\u0117s geb\u0117davo labai \u012fsiklausyti \u012f gamtos po\u017eymius, tie \u012fsiklausymai, steb\u0117jimai b\u016bdavo perduodami i\u0161 kartos \u012f kart\u0105, i\u0161 vieno \u0161imtme\u010dio \u012f kit\u0105 ir visa tai b\u016bdavo sudedama \u012f vientis\u0105 pasakojim\u0105. O man tiesiog dabar \u012fdomu pa\u017ei\u016br\u0117ti, kurie t\u0173 po\u017eymi\u0173 i\u0161 tikr\u0173j\u0173 veikia, nes gamta per \u0161imtme\u010dius \u012fne\u0161a \u012fvairi\u0173 pakitim\u0173. Mano bendra i\u0161vada &#8211; senoli\u0173 pasteb\u0117jimai dar ma\u017edaug veikia, nes klimatas per daug greitai nesikei\u010dia. \u017dmogus, nors ir labai galingas, vis vien prie\u0161 gamt\u0105 dar yra nyk\u0161tukas.<\/p>\n<p>Senov\u0117s Graikijoje buvo sp\u0117jama ateitis i\u0161 gyv\u016bn\u0173 viduri\u0173, o lietuviai irgi t\u0105 pat\u012f dar\u0117. Pavyzd\u017eiui, v\u0117lyv\u0105 ruden\u012f ar \u017eiemos prad\u017eioje, kai kiaules skerd\u0117, tai \u017ei\u016br\u0117davo, kokia jos kasa. Jeigu lygi, vienoda, tai sakydavo, kad ir \u017eiema bus be permain\u0173 &#8211; kai prad\u0117s \u0161alti, tai ir \u0161als vis\u0105 \u017eiem\u0105. O jei kiaul\u0117s kasa b\u016bdavo nelygi, su sustor\u0117jimais, su suplon\u0117jimais, tai rei\u0161k\u0117, kad bus ir speig\u0173, ir atlyd\u017ei\u0173.<\/p>\n<p>Burdavo b\u016bsimus \u017eiemos orus ir pagal \u017e\u0105sis, kurias valgydavo Martyno dien\u0105 ir pirm\u0105j\u0105 Kal\u0117d\u0173 dien\u0105. \u017di\u016br\u0117davo \u012f \u017e\u0105sies kr\u016btinkaul\u012f. Jeigu baltas, tai \u017eiema snieginga bus. Jei rudomis d\u0117m\u0117mis nus\u0117tas, tai \u017eiema bus su atlyd\u017eiais. O jeigu \u017e\u0105sies kr\u016btinkaulyje i\u0161 viso n\u0117ra baltos spalvos, visi\u0161kai rudas, tai rei\u0161kia, kad ir tikros \u017eiemos nebus.<\/p>\n<p>Orus nustatin\u0117davo ir i\u0161 \u017evaig\u017ed\u017ei\u0173, bet \u017ei\u016br\u0117davo ne \u012f vien\u0105 konkre\u010di\u0105 \u017evaig\u017ed\u0119, bet \u012f j\u0173 visum\u0105. Jeigu \u017evaig\u017ed\u0117s danguje a\u0161triai, ry\u0161kiai \u017eiba, ai\u0161kiai mirga, nes didesn\u0117 oro cirkuliacija, tai prie\u0161 \u0161alt\u012f. O jeigu \u017evaig\u017ed\u0117s apsiblaususios, sunkiai \u012f\u017ei\u016brimos, tai \u0161iltojo fronto, atlyd\u017eio po\u017eymis.<\/p>\n<p>Taip pat buvo labai svarb\u016bs Saul\u0117 ir M\u0117nulis. Kaip leid\u017eiasi, kaip pateka. Nes tai labai tiksliai prognozuoja, kokia bus sekanti diena. Sakydavo &#8211; jeigu aplink M\u0117nul\u012f yra \u0161viesus ratas susidar\u0119s, tai reikia \u017ei\u016br\u0117ti, koks to rato storis. Jeigu ratas ma\u017eas, arti M\u0117nulio, tai orai keisis jau rytojaus dien\u0105. O jei ratas aplink M\u0117nul\u012f storas, tai sp\u0117davo, jog or\u0173 poky\u010diai bus u\u017e trij\u0173 dien\u0173. Jei Saul\u0117 leid\u017eias kruvinai raudona, tai prie\u0161 v\u0117juot\u0105 dien\u0105. O jeigu Saul\u0117 \u0161iltai raudona, tai yra gero oro po\u017eymis. Taip pat svarbu, ar Saul\u0117 leid\u017eiasi \u012f debes\u012f, nes debesis taip pat rei\u0161k\u0117 or\u0173 permainas.<\/p>\n<p>Spr\u0119sdavo apie b\u016bsimus orus i\u0161 augal\u0173. Jei \u0161ermuk\u0161niai anksti parausta, tai \u017eiema bus ankstyva, o ruduo &#8211; \u0161lapias. \u0160iemet yra nema\u017eai raudon\u0173 \u0161ermuk\u0161ni\u0173 ir i\u0161 tikr\u0173j\u0173 ruduo buvo vandeningas. A\u0161 asmeni\u0161kai dar \u017ei\u016briu \u012f skruzd\u0117les pievose, \u012f tas ma\u017eytes. Jei jos i\u0161kelia savo lizdus pievose auk\u0161tai, tarsi bok\u0161tus, tai lietus ateina visai savaitei. Skruzd\u0117l\u0117s bijo pask\u0119sti. O jei skruzd\u0117l\u0117s savo lizdus pievose sukrauna labai \u017eemai, prie pat augal\u0173 \u0161akn\u0173, tai rei\u0161kia art\u0117jan\u010di\u0105 sausr\u0105. Skruzd\u0117l\u0117s tokius or\u0173 rei\u0161kinius i\u0161 anksto jau\u010dia.<\/p>\n","protected":false},"excerpt":{"rendered":"\u00a0 Senoliai \u017eiem\u0105 nebijojo ir gausaus sniego. \u0160alta ir snieginga \u017eiema buvo laikoma gra\u017eia \u017eiema. Es\u0105 jei sausio&hellip;\n","protected":false},"author":2,"featured_media":83600,"comment_status":"","ping_status":"","sticky":false,"template":"","format":"standard","meta":{"footnotes":""},"categories":[13],"tags":[25,30,31,14022,34,35,24,638,17798,32,33,17797,37,39,36,38,40,23,22,260,28,29,17795,17796,17794,26,27],"class_list":{"0":"post-83599","1":"post","2":"type-post","3":"status-publish","4":"format-standard","5":"has-post-thumbnail","7":"category-lietuva","8":"tag-antrastes","9":"tag-breaking-news","10":"tag-breakingnews","11":"tag-dienu","12":"tag-featured-news","13":"tag-featurednews","14":"tag-headlines","15":"tag-katinas","16":"tag-klimka","17":"tag-latest-news","18":"tag-latestnews","19":"tag-libertas","20":"tag-lietuva","21":"tag-lietuviu","22":"tag-lithuania","23":"tag-lithuanian","24":"tag-lt","25":"tag-naujienos","26":"tag-news","27":"tag-orai","28":"tag-populiariausios-naujienos","29":"tag-populiariausiosnaujienos","30":"tag-spejimai","31":"tag-sv-kazimieras","32":"tag-sventu","33":"tag-top-stories","34":"tag-topstories"},"share_on_mastodon":{"url":"https:\/\/pubeurope.com\/@lt\/115894285952388973","error":""},"_links":{"self":[{"href":"https:\/\/www.europesays.com\/lt\/wp-json\/wp\/v2\/posts\/83599","targetHints":{"allow":["GET"]}}],"collection":[{"href":"https:\/\/www.europesays.com\/lt\/wp-json\/wp\/v2\/posts"}],"about":[{"href":"https:\/\/www.europesays.com\/lt\/wp-json\/wp\/v2\/types\/post"}],"author":[{"embeddable":true,"href":"https:\/\/www.europesays.com\/lt\/wp-json\/wp\/v2\/users\/2"}],"replies":[{"embeddable":true,"href":"https:\/\/www.europesays.com\/lt\/wp-json\/wp\/v2\/comments?post=83599"}],"version-history":[{"count":0,"href":"https:\/\/www.europesays.com\/lt\/wp-json\/wp\/v2\/posts\/83599\/revisions"}],"wp:featuredmedia":[{"embeddable":true,"href":"https:\/\/www.europesays.com\/lt\/wp-json\/wp\/v2\/media\/83600"}],"wp:attachment":[{"href":"https:\/\/www.europesays.com\/lt\/wp-json\/wp\/v2\/media?parent=83599"}],"wp:term":[{"taxonomy":"category","embeddable":true,"href":"https:\/\/www.europesays.com\/lt\/wp-json\/wp\/v2\/categories?post=83599"},{"taxonomy":"post_tag","embeddable":true,"href":"https:\/\/www.europesays.com\/lt\/wp-json\/wp\/v2\/tags?post=83599"}],"curies":[{"name":"wp","href":"https:\/\/api.w.org\/{rel}","templated":true}]}}