{"id":83744,"date":"2026-01-14T19:41:13","date_gmt":"2026-01-14T19:41:13","guid":{"rendered":"https:\/\/www.europesays.com\/lt\/83744\/"},"modified":"2026-01-14T19:41:13","modified_gmt":"2026-01-14T19:41:13","slug":"is-lozanos-sprigtas-ltok","status":"publish","type":"post","link":"https:\/\/www.europesays.com\/lt\/83744\/","title":{"rendered":"I\u0161 Lozanos \u2013 sprigtas LTOK"},"content":{"rendered":"<p>Lengvoji atletika, dvira\u010di\u0173 sportas, tenisas ir biatlonas pra\u0117jusiais metais negavo po 40 t\u016bkst. eur\u0173 paramos, kuri\u0105 LTOK dalino olimpin\u0117ms sporto \u0161akoms.<\/p>\n<p>Pra\u0117jus\u012f kov\u0105 toki\u0173 sankcij\u0173 keturios LTOK nar\u0117s susilauk\u0117 d\u0117l \u201ekenkimo bendriems interesams\u201c.<\/p>\n<p>Visos min\u0117tos federacijos priklauso ir Nacionalinei sporto federacij\u0173 asociacijai (NSFA). Pastaroji 2024-aisiais Seimui priimant nauj\u0105 Sporto \u012fstatymo redakcij\u0105 si\u016bl\u0117 nepalikti i\u0161im\u010di\u0173 d\u0117l reikalavimo riboti sporto organizacij\u0173 vadov\u0173 kadencijas. LTOK, kuris n\u0117ra nustat\u0119s toki\u0173 limit\u0173, dabar nebegali pretenduoti \u012f valstyb\u0117s finansavim\u0105.<\/p>\n<p>Kelis kartus verdikto skelbim\u0105 atid\u0117j\u0119s teismas Lozanoje (\u0160veicarija) galiausiai nutar\u0117, jog pernai LTOK generalin\u0117s asambl\u0117jos priimtas sprendimas neskirti paramos NSFA vienijamoms sporto \u0161akoms n\u0117ra teis\u0117tas ir privalo b\u016bti panaikintas.<\/p>\n<p>\u201eTeiksime pra\u0161ym\u0105, kad \u0161itos l\u0117\u0161os mums b\u016bt\u0173 sumok\u0117tos dabar\u201c, \u2013 \u201eDelfi\u201c sak\u0117 Lietuvos dvira\u010di\u0173 sporto federacijai vadovaujantis Darius Levickis, kuris yra ir NSFA prezidentas.<\/p>\n<p>CAS taip pat nurod\u0117 LTOK padengti did\u017ei\u0105j\u0105 dal\u012f teismo i\u0161laid\u0173, kurios i\u0161 viso sudar\u0117 25 t\u016bkst. eur\u0173.<\/p>\n<p>    <img decoding=\"async\" src=\"https:\/\/www.europesays.com\/lt\/wp-content\/uploads\/2026\/01\/c43ab631-f0fa-4e94-8f7c-9a788a51ea46.jpg\" loading=\"lazy\" alt=\"Darius Levickis\"\/>      <\/p>\n<p>Ta\u010diau LTOK i\u0161platintame prane\u0161ime \u017einiasklaidai teigiama, kad CAS ne\u012fpareigojo finansuoti skund\u0105 pateikusi\u0173 federacij\u0173.<\/p>\n<p>\u201eCAS sprendimas yra susij\u0119s su LTOK vidini\u0173 sprendim\u0173 pri\u0117mimo forma bei tvarka, o ne su LTOK teis\u0117s ar pareigos finansuoti federacijas paneigimu i\u0161 esm\u0117s. CAS nekvestionavo LTOK autonomijos ir diskrecijos biud\u017eeto formavimo srityje ir nepasak\u0117, kad LTOK netur\u0117jo teis\u0117s diferencijuoti finansavimo, ta\u010diau konstatavo, kad konkreti pasirinkta proced\u016bra neatitiko LTOK \u012fstat\u0173 reikalavim\u0173.<\/p>\n<p>Teismas taip pat patvirtino, kad LTOK veikia kaip savaranki\u0161ka asociacija, kurios biud\u017eeto sprendimai priklauso generalin\u0117s asambl\u0117jos kompetencijai, tod\u0117l atmet\u0117 apeliant\u0173 reikalavim\u0105 \u012fpareigoti LTOK patvirtinti konkret\u0173 biud\u017eet\u0105 su numatyta parama apeliantams. CAS sprendimas nenumato pareigos automati\u0161kai finansuoti konkre\u010dias federacijas ir ne\u012fpareigoja patvirtinti jokio konkretaus biud\u017eeto modelio\u201c, \u2013 cituojama Lozanoje LTOK atstovavusi advokat\u0117 Kristina Balevi\u010dien\u0117.<\/p>\n<p>Pa\u017eymima, kad sprendimai, susij\u0119 su CAS verdiktu, bus priimami vykdomajame komitete ir artimiausioje generalin\u0117s asambl\u0117jos sesijoje.<\/p>\n<p>Prie\u0161 kirsdamas per ki\u0161en\u0119, LTOK keturioms federacijoms buvo skyr\u0119s ir \u012fsp\u0117jimus. CAS i\u0161vadose teigiama, kad tai buvo padaryta be teisinio pagrindo \u2013 pasi\u016blymus d\u0117l \u012fstatymo patais\u0173 Seimui buvo pateikusi NSFA, ir jai priklausan\u010dios nar\u0117s netur\u0117t\u0173 atsakyti u\u017e \u0161iuos veiksmus.<\/p>\n","protected":false},"excerpt":{"rendered":"Lengvoji atletika, dvira\u010di\u0173 sportas, tenisas ir biatlonas pra\u0117jusiais metais negavo po 40 t\u016bkst. eur\u0173 paramos, kuri\u0105 LTOK dalino&hellip;\n","protected":false},"author":2,"featured_media":83745,"comment_status":"","ping_status":"","sticky":false,"template":"","format":"standard","meta":{"footnotes":"","_share_on_mastodon":"0"},"categories":[19],"tags":[37,39,36,38,40,1900,47,104],"class_list":["post-83744","post","type-post","status-publish","format-standard","has-post-thumbnail","category-sportas","tag-lietuva","tag-lietuviu","tag-lithuania","tag-lithuanian","tag-lt","tag-ltok","tag-sportas","tag-sports"],"share_on_mastodon":{"url":"https:\/\/pubeurope.com\/@lt\/115895158899580341","error":""},"_links":{"self":[{"href":"https:\/\/www.europesays.com\/lt\/wp-json\/wp\/v2\/posts\/83744","targetHints":{"allow":["GET"]}}],"collection":[{"href":"https:\/\/www.europesays.com\/lt\/wp-json\/wp\/v2\/posts"}],"about":[{"href":"https:\/\/www.europesays.com\/lt\/wp-json\/wp\/v2\/types\/post"}],"author":[{"embeddable":true,"href":"https:\/\/www.europesays.com\/lt\/wp-json\/wp\/v2\/users\/2"}],"replies":[{"embeddable":true,"href":"https:\/\/www.europesays.com\/lt\/wp-json\/wp\/v2\/comments?post=83744"}],"version-history":[{"count":0,"href":"https:\/\/www.europesays.com\/lt\/wp-json\/wp\/v2\/posts\/83744\/revisions"}],"wp:featuredmedia":[{"embeddable":true,"href":"https:\/\/www.europesays.com\/lt\/wp-json\/wp\/v2\/media\/83745"}],"wp:attachment":[{"href":"https:\/\/www.europesays.com\/lt\/wp-json\/wp\/v2\/media?parent=83744"}],"wp:term":[{"taxonomy":"category","embeddable":true,"href":"https:\/\/www.europesays.com\/lt\/wp-json\/wp\/v2\/categories?post=83744"},{"taxonomy":"post_tag","embeddable":true,"href":"https:\/\/www.europesays.com\/lt\/wp-json\/wp\/v2\/tags?post=83744"}],"curies":[{"name":"wp","href":"https:\/\/api.w.org\/{rel}","templated":true}]}}