{"id":83881,"date":"2026-01-14T22:33:55","date_gmt":"2026-01-14T22:33:55","guid":{"rendered":"https:\/\/www.europesays.com\/lt\/83881\/"},"modified":"2026-01-14T22:33:55","modified_gmt":"2026-01-14T22:33:55","slug":"rusija-pranesa-apie-zuvusiuosius-per-ukrainos-dronu-atakas","status":"publish","type":"post","link":"https:\/\/www.europesays.com\/lt\/83881\/","title":{"rendered":"Rusija prane\u0161a apie \u017euvusiuosius per Ukrainos dron\u0173 atakas"},"content":{"rendered":"<p>Ataka suk\u0117l\u0117 gaisr\u0105 pastate, apgadinti du butai. I\u0161gabenant nuolau\u017eas, rastas vyro\u00a0 k\u016bnas.<\/p>\n<p>J. Sliusaro duomenimis, dar ma\u017eiausiai keturi asmenys, \u012fskaitant ketveri\u0173 met\u0173 vaik\u0105, buvo su\u017eeisti per naktines dron\u0173 atakas Rostovo srityje. Be to, pramonin\u0117je teritorijoje u\u017esiliepsnojo keli pastatai.<\/p>\n<p>Belgorodo srityje per Ukrainos dron\u0173 sm\u016bg\u012f \u012f automobil\u012f \u017euvo moteris, o vyras buvo su\u017eeistas, tinke \u201eTelegram\u201c prane\u0161\u0117 srities gubernatorius Via\u010deslavas Gladkovas. Automobil\u012f prarijo liepsnos.<\/p>\n","protected":false},"excerpt":{"rendered":"Ataka suk\u0117l\u0117 gaisr\u0105 pastate, apgadinti du butai. I\u0161gabenant nuolau\u017eas, rastas vyro\u00a0 k\u016bnas. J. Sliusaro duomenimis, dar ma\u017eiausiai keturi&hellip;\n","protected":false},"author":2,"featured_media":83882,"comment_status":"","ping_status":"","sticky":false,"template":"","format":"standard","meta":{"footnotes":""},"categories":[15],"tags":[25,30,31,267,3346,34,35,24,32,33,37,39,36,38,40,23,22,44,28,29,26,27,74,75,76],"class_list":{"0":"post-83881","1":"post","2":"type-post","3":"status-publish","4":"format-standard","5":"has-post-thumbnail","7":"category-pasaulis","8":"tag-antrastes","9":"tag-breaking-news","10":"tag-breakingnews","11":"tag-dronai","12":"tag-elta-uzsienio-naujiena","13":"tag-featured-news","14":"tag-featurednews","15":"tag-headlines","16":"tag-latest-news","17":"tag-latestnews","18":"tag-lietuva","19":"tag-lietuviu","20":"tag-lithuania","21":"tag-lithuanian","22":"tag-lt","23":"tag-naujienos","24":"tag-news","25":"tag-pasaulis","26":"tag-populiariausios-naujienos","27":"tag-populiariausiosnaujienos","28":"tag-top-stories","29":"tag-topstories","30":"tag-world","31":"tag-world-news","32":"tag-worldnews"},"share_on_mastodon":{"url":"https:\/\/pubeurope.com\/@lt\/115895839103619591","error":""},"_links":{"self":[{"href":"https:\/\/www.europesays.com\/lt\/wp-json\/wp\/v2\/posts\/83881","targetHints":{"allow":["GET"]}}],"collection":[{"href":"https:\/\/www.europesays.com\/lt\/wp-json\/wp\/v2\/posts"}],"about":[{"href":"https:\/\/www.europesays.com\/lt\/wp-json\/wp\/v2\/types\/post"}],"author":[{"embeddable":true,"href":"https:\/\/www.europesays.com\/lt\/wp-json\/wp\/v2\/users\/2"}],"replies":[{"embeddable":true,"href":"https:\/\/www.europesays.com\/lt\/wp-json\/wp\/v2\/comments?post=83881"}],"version-history":[{"count":0,"href":"https:\/\/www.europesays.com\/lt\/wp-json\/wp\/v2\/posts\/83881\/revisions"}],"wp:featuredmedia":[{"embeddable":true,"href":"https:\/\/www.europesays.com\/lt\/wp-json\/wp\/v2\/media\/83882"}],"wp:attachment":[{"href":"https:\/\/www.europesays.com\/lt\/wp-json\/wp\/v2\/media?parent=83881"}],"wp:term":[{"taxonomy":"category","embeddable":true,"href":"https:\/\/www.europesays.com\/lt\/wp-json\/wp\/v2\/categories?post=83881"},{"taxonomy":"post_tag","embeddable":true,"href":"https:\/\/www.europesays.com\/lt\/wp-json\/wp\/v2\/tags?post=83881"}],"curies":[{"name":"wp","href":"https:\/\/api.w.org\/{rel}","templated":true}]}}