{"id":84203,"date":"2026-01-15T10:23:10","date_gmt":"2026-01-15T10:23:10","guid":{"rendered":"https:\/\/www.europesays.com\/lt\/84203\/"},"modified":"2026-01-15T10:23:10","modified_gmt":"2026-01-15T10:23:10","slug":"konfiskuotas-maduro-telefonas-kas-irodo-kad-tai-dirbtinio-intelekto-kurinys","status":"publish","type":"post","link":"https:\/\/www.europesays.com\/lt\/84203\/","title":{"rendered":"\u201eKonfiskuotas Maduro telefonas\u201c: kas \u012frodo, kad tai \u2013 dirbtinio intelekto k\u016brinys?"},"content":{"rendered":"\n<p>Konfiskuotas Nicolaso Maduro telefonas atskleid\u017eia jo susira\u0161in\u0117jimus su pasaulio lyderiais.<\/p>\n<p>Klastot\u0117. Platinamas vaizdas yra dirbtinio intelekto (DI) sugeneruotas nuotrauka. Tai \u012frodo neegzistuojantis telefono modelis, anatomin\u0117s klaidos (nenat\u016braliai sulenkti pir\u0161tai) bei faktas, kad valstybi\u0173 vadovai \u0161ar\u017euojami.<\/p>\n<p>Melo detektoriaus komentaras<\/p>\n<p>Internete pasirod\u0117 vaizdas, kuriame rankoje laikomas telefonas su neva \u017einut\u0117mis i\u0161 toki\u0173 pasaulio lyderi\u0173 kaip Xi Jinpingas, Vladimiras Putinas, Donaldas Trumpas, Volodymyras Zelenskis ir pan. Bet tai ne bet koks telefonas, o b\u016btent Venesuelos prezidentui N. Madurui priklausantis telefonas. Nors vieni internautai suprato, kad tai t\u0117ra \u201ememas\u201c, kai kurie patik\u0117jo nuotraukos tikrumu.<\/p>\n<p>         <img decoding=\"async\" src=\"https:\/\/www.europesays.com\/lt\/wp-content\/uploads\/2026\/01\/e67ae4e9-f064-44e0-ad5c-3f1fe5a52142.jpg\" loading=\"lazy\" alt=\"Satyr\u0105 apie rast\u0105 Maduro telefon\u0105 kai kurie socialini\u0173 tinkl\u0173 vartotojai palaik\u0117 tiesa\"\/>        <\/p>\n<p>Be technologini\u0173 neatitikim\u0173, nuotraukoje akivaizd\u017eiai \u0161aipomasi i\u0161 pasaulio lyderi\u0173. \u0160tai Xi Jinpingas \u012fvardintas kaip \u201ekinas\u201c (isp. Chino), o \u0160iaur\u0117s Kor\u0117jos lyderis (Kim Jong Unas) \u012fvardintas kaip \u201ekitas kinas\u201c (isp. Otro Chino). V. Zelenskio atveju, jis neva para\u0161\u0117 N. Maduro su klausimu: \u201eAr gal\u0117\u010diau gauti 500 milijon\u0173 doleri\u0173?\u201c. Naratyvas, kad Zelenskis \u201enuolat pra\u0161o pinig\u0173\u201c, yra da\u017enai kartojamas Kremliaus propagandos naratyvas.<\/p>\n<p>Nors telefonas neva laikomas viena ranka, bet nuotraukoje matomi ma\u017easis ir bevardis pir\u0161tai yra i\u0161tiesti lygiagre\u010diai de\u0161iniojo telefono \u0161onui. Tai papras\u010diausiai ne\u012fmanoma, o net jei telefonas b\u016bt\u0173 laikomas abejomis rankomis, tur\u0117t\u0173 matytis de\u0161in\u0117s rankos krumpliai, kuri\u0173 taip pat nesimato.<\/p>\n<p>Tad galima prieiti tik prie vienos i\u0161vados \u2013 platinama nuotrauka t\u0117ra internaut\u0173 juokelis, skirtas pa\u0161ar\u017euoti u\u017esienio vadovus.<\/p>\n","protected":false},"excerpt":{"rendered":"Konfiskuotas Nicolaso Maduro telefonas atskleid\u017eia jo susira\u0161in\u0117jimus su pasaulio lyderiais. Klastot\u0117. Platinamas vaizdas yra dirbtinio intelekto (DI) sugeneruotas&hellip;\n","protected":false},"author":2,"featured_media":84204,"comment_status":"","ping_status":"","sticky":false,"template":"","format":"standard","meta":{"footnotes":"","_share_on_mastodon":"0"},"categories":[17],"tags":[17863,81,295,4577,37,39,36,38,40,695,443,694,46],"class_list":["post-84203","post","type-post","status-publish","format-standard","has-post-thumbnail","category-verslas","tag-iphone-x","tag-business","tag-dirbtinis-intelektas","tag-huawei","tag-lietuva","tag-lietuviu","tag-lithuania","tag-lithuanian","tag-lt","tag-nicolas-maduro","tag-telefonas","tag-venesuela","tag-verslas"],"share_on_mastodon":{"url":"https:\/\/pubeurope.com\/@lt\/115898627170030536","error":""},"_links":{"self":[{"href":"https:\/\/www.europesays.com\/lt\/wp-json\/wp\/v2\/posts\/84203","targetHints":{"allow":["GET"]}}],"collection":[{"href":"https:\/\/www.europesays.com\/lt\/wp-json\/wp\/v2\/posts"}],"about":[{"href":"https:\/\/www.europesays.com\/lt\/wp-json\/wp\/v2\/types\/post"}],"author":[{"embeddable":true,"href":"https:\/\/www.europesays.com\/lt\/wp-json\/wp\/v2\/users\/2"}],"replies":[{"embeddable":true,"href":"https:\/\/www.europesays.com\/lt\/wp-json\/wp\/v2\/comments?post=84203"}],"version-history":[{"count":0,"href":"https:\/\/www.europesays.com\/lt\/wp-json\/wp\/v2\/posts\/84203\/revisions"}],"wp:featuredmedia":[{"embeddable":true,"href":"https:\/\/www.europesays.com\/lt\/wp-json\/wp\/v2\/media\/84204"}],"wp:attachment":[{"href":"https:\/\/www.europesays.com\/lt\/wp-json\/wp\/v2\/media?parent=84203"}],"wp:term":[{"taxonomy":"category","embeddable":true,"href":"https:\/\/www.europesays.com\/lt\/wp-json\/wp\/v2\/categories?post=84203"},{"taxonomy":"post_tag","embeddable":true,"href":"https:\/\/www.europesays.com\/lt\/wp-json\/wp\/v2\/tags?post=84203"}],"curies":[{"name":"wp","href":"https:\/\/api.w.org\/{rel}","templated":true}]}}