{"id":84219,"date":"2026-01-15T10:33:09","date_gmt":"2026-01-15T10:33:09","guid":{"rendered":"https:\/\/www.europesays.com\/lt\/84219\/"},"modified":"2026-01-15T10:33:09","modified_gmt":"2026-01-15T10:33:09","slug":"sinkevicius-tikisi-jog-darbo-grupe-neteiks-senojo-lrt-pataisu-projekto","status":"publish","type":"post","link":"https:\/\/www.europesays.com\/lt\/84219\/","title":{"rendered":"Sinkevi\u010dius tikisi, jog darbo grup\u0117 neteiks senojo LRT patais\u0173 projekto"},"content":{"rendered":"<p>\u201eJeigu darbo grup\u0117 pos\u0117d\u017eiauja turb\u016bt po kelis kartus per savait\u0119, tai kam tada pos\u0117d\u017eiauti, jei atne\u0161i t\u0105 pat\u012f (projekt\u0105 \u2013 ELTA)? Ko ten rinktis? Susirinkai vien\u0105 kart\u0105, susirinkai antr\u0105 kart\u0105 ir konstatavai, kad tai, kas jau buvo Seime, yra labai gerai\u201c, \u2013 ketvirtadien\u012f \u201e\u017dini\u0173 radijui\u201c sak\u0117 M. Sinkevi\u010dius.\u00a0<\/p>\n<p>\u201ePrie\u0161ingai, procesas vyksta, pasisako ir komercin\u0117 \u017einiasklaida, ir \u017durnalist\u0173 s\u0105junga. Turb\u016bt kad yra intervencij\u0173, yra matym\u0173, jie girdimi, \u012f juos reaguojama. Ir, matyt, bus tas tre\u010dias kelias ar ka\u017ekoks kelias pasi\u016blytas, kuris, tikiuosi, visiems daugiau ar ma\u017eiau tiks\u201c, \u2013 akcentavo jis.<\/p>\n<p>ELTA primena, kad gruod\u012f valdantieji siek\u0117 skubos tvarka priimti \u012fstatymo pataisas d\u0117l supaprastintos LRT generalinio direktoriaus tvarkos.\u00a0<\/p>\n<p>Opozicijai registravus \u0161imtus komi\u0161k\u0173 pasi\u016blym\u0173, patais\u0173 svarstymas parlamente u\u017esit\u0119s\u0117, o sutrikus Kult\u016bros komiteto vadovo K\u0119stu\u010dio Vilkausko sveikatai, projekto pri\u0117mimas ne\u012fvyko.<\/p>\n<p>Be to, gruod\u012f vykusiame \u0161alies vadovo, Seimo pirmininko bei parlamentini\u0173 frakcij\u0173 lyderi\u0173 susitikime sutarta pristabdyti visuomeninio transliuotojo \u012fstatymo patais\u0173 svarstym\u0105 skubos tvarka. \u00a0Nuspr\u0119sta suburti parlamentines frakcijas bei \u017einiasklaidos organizacijas atstovaujan\u010di\u0105 darbo grup\u0119, kuri tur\u0117s patobulinti valdan\u010di\u0173j\u0173 si\u016blom\u0105 \u012fstatymo variant\u0105. Tai tikim\u0105si padaryti iki vasario 14 d.<\/p>\n<p>Pirminiame valdan\u010di\u0173j\u0173 projekte si\u016blyta, kad skiriant ir atleid\u017eiant LRT vadov\u0105 b\u016bt\u0173 balsuojama slaptai. Be to, kad visuomeninio transliuotojo generalinis direktorius gal\u0117t\u0173 b\u016bti atleistas i\u0161 pareig\u0173 i\u0161rei\u0161kus nepasitik\u0117jimo d\u0117l netinkamai vykdom\u0173 funkcij\u0173 arba tarybai nepatvirtinus metin\u0117s veiklos ataskaitos. U\u017e tok\u012f sprendim\u0105 tur\u0117t\u0173 balsuoti daugiau nei 1\/2 tarybos nari\u0173, t. y., bent 7 i\u0161 12.<\/p>\n<p>Projektas sulauk\u0117 a\u0161trios \u017eurnalist\u0173 bendruomen\u0117s bei dalies tarptautini\u0173 organizacij\u0173 kritikos \u2013 prie Seimo vyko protestai, platinta peticija. \u017diniasklaidos atstovai ragino valdan\u010diuosius atmesti si\u016blomas pataisas.\u00a0<\/p>\n","protected":false},"excerpt":{"rendered":"\u201eJeigu darbo grup\u0117 pos\u0117d\u017eiauja turb\u016bt po kelis kartus per savait\u0119, tai kam tada pos\u0117d\u017eiauti, jei atne\u0161i t\u0105 pat\u012f&hellip;\n","protected":false},"author":2,"featured_media":84220,"comment_status":"","ping_status":"","sticky":false,"template":"","format":"standard","meta":{"footnotes":""},"categories":[6],"tags":[25,30,31,34,35,24,32,33,37,39,36,38,519,40,354,23,22,28,29,26,27],"class_list":{"0":"post-84219","1":"post","2":"type-post","3":"status-publish","4":"format-standard","5":"has-post-thumbnail","7":"category-antrastes","8":"tag-antrastes","9":"tag-breaking-news","10":"tag-breakingnews","11":"tag-featured-news","12":"tag-featurednews","13":"tag-headlines","14":"tag-latest-news","15":"tag-latestnews","16":"tag-lietuva","17":"tag-lietuviu","18":"tag-lithuania","19":"tag-lithuanian","20":"tag-lrt","21":"tag-lt","22":"tag-mindaugas-sinkevicius","23":"tag-naujienos","24":"tag-news","25":"tag-populiariausios-naujienos","26":"tag-populiariausiosnaujienos","27":"tag-top-stories","28":"tag-topstories"},"share_on_mastodon":{"url":"https:\/\/pubeurope.com\/@lt\/115898666820450994","error":""},"_links":{"self":[{"href":"https:\/\/www.europesays.com\/lt\/wp-json\/wp\/v2\/posts\/84219","targetHints":{"allow":["GET"]}}],"collection":[{"href":"https:\/\/www.europesays.com\/lt\/wp-json\/wp\/v2\/posts"}],"about":[{"href":"https:\/\/www.europesays.com\/lt\/wp-json\/wp\/v2\/types\/post"}],"author":[{"embeddable":true,"href":"https:\/\/www.europesays.com\/lt\/wp-json\/wp\/v2\/users\/2"}],"replies":[{"embeddable":true,"href":"https:\/\/www.europesays.com\/lt\/wp-json\/wp\/v2\/comments?post=84219"}],"version-history":[{"count":0,"href":"https:\/\/www.europesays.com\/lt\/wp-json\/wp\/v2\/posts\/84219\/revisions"}],"wp:featuredmedia":[{"embeddable":true,"href":"https:\/\/www.europesays.com\/lt\/wp-json\/wp\/v2\/media\/84220"}],"wp:attachment":[{"href":"https:\/\/www.europesays.com\/lt\/wp-json\/wp\/v2\/media?parent=84219"}],"wp:term":[{"taxonomy":"category","embeddable":true,"href":"https:\/\/www.europesays.com\/lt\/wp-json\/wp\/v2\/categories?post=84219"},{"taxonomy":"post_tag","embeddable":true,"href":"https:\/\/www.europesays.com\/lt\/wp-json\/wp\/v2\/tags?post=84219"}],"curies":[{"name":"wp","href":"https:\/\/api.w.org\/{rel}","templated":true}]}}