{"id":84806,"date":"2026-01-16T00:33:48","date_gmt":"2026-01-16T00:33:48","guid":{"rendered":"https:\/\/www.europesays.com\/lt\/84806\/"},"modified":"2026-01-16T00:33:48","modified_gmt":"2026-01-16T00:33:48","slug":"po-zelenskio-kritikos-pratruko-kyjivo-meras-tai-nepriimtina","status":"publish","type":"post","link":"https:\/\/www.europesays.com\/lt\/84806\/","title":{"rendered":"Po Zelenskio kritikos pratr\u016bko Kyjivo meras: \u201eTai nepriimtina\u201c"},"content":{"rendered":"\n<p>Reaguodamas \u012f <a href=\"https:\/\/www.tv3.lt\/naujiena\/uzsienis\/lenkija-atkirto-trumpui-kaltas-ne-zelenskis-n1485858\" target=\"_blank\" rel=\"nofollow noopener\">mestus kaltinimus<\/a>, V. Kly\u010dko parei\u0161k\u0117, kad vie\u0161ojoje erdv\u0117je \u0161iuo metu skamba daug manipuliacij\u0173 ir atvir\u0173 mel\u0173, ypa\u010d kalbant apie Kyjivo pasirengim\u0105 \u017eiemai.<\/p>\n<p>\u201eNoriu pabr\u0117\u017eti, kad dien\u0105 prie\u0161 niokojant\u012f masin\u012f puolim\u0105 tur\u0117jau susitikim\u0105 su Ukrainos ministru pirmininku. Beje, tai buvo pirmasis asmeninis darbo susitikimas tarp ministro pirmininko ir sostin\u0117s mero per visus karo metus\u201c, \u2013 teig\u0117 V. Kly\u010dko.<\/p>\n<p>Pasak jo, susitikimo metu jis informavo apie visas galimas gr\u0117smes ir rizikas, susijusias su didelio masto sostin\u0117s kritin\u0117s infrastrukt\u016bros pa\u017eeidimais, taip pat pristat\u0117, kaip miestas ruo\u0161\u0117si galimoms kriz\u0117ms. <\/p>\n<p>V. Kly\u010dko teig\u0117 pasi\u016bl\u0119s \u012fkurti bendr\u0105 \u0161tab\u0105, kuris gal\u0117t\u0173 operatyviai reaguoti \u012f ekstremalias situacijas ir pad\u0117ti likviduoti j\u0173 pasekmes.<\/p>\n<p>\u201eBuvome i\u0161klausyti. Susitikime dalyvavau kartu su vicemeru Petru Pantelejevu. Ta\u010diau jau sausio 9 dien\u0105 \u012fvyko didelis puolimas prie\u0161 sostin\u0119\u201c, \u2013 savo \u201eTelegram\u201c kanale ra\u0161\u0117 jis.<\/p>\n<p> \u201eIr tuomet staiga prisimintas <a href=\"https:\/\/www.tv3.lt\/gaires\/kyjivas\" target=\"_blank\" rel=\"nofollow noopener\">Kyjivas<\/a> \u2013 su nepagr\u012fstais kaltinimais\u201c <\/p>\n<p>Kaip teigia Kyjivo meras, tuo metu nebuvo jokio bendro veiksm\u0173 koordinavimo su vyriausybe. Anot jo, tik neseniai buvo paskelbta apie \u0161tabo suk\u016brim\u0105 visos \u0161alies mastu.<\/p>\n<p>\u201eIr tuomet staiga prisimintas Kyjivas \u2013 su nepagr\u012fstais kaltinimais. Vietoj konstruktyvaus po\u017ei\u016brio v\u0117l, deja, matome politik\u0105. Manau, kad tokioje situacijoje <a href=\"https:\/\/www.tv3.lt\/naujiena\/uzsienis\/karas-ukrainoje-analitikai-lavrovo-zodziai-atskleide-tikruosius-rusijos-uzmojus-n1485676\" target=\"_blank\" rel=\"nofollow noopener\">tai nepriimtina<\/a>, kai kalbama apie \u017emoni\u0173 saugum\u0105, sveikat\u0105 ir gyvybes\u201c, \u2013 pabr\u0117\u017e\u0117 V. Kly\u010dko.<\/p>\n<p>Nepaisant kilusio konflikto, sostin\u0117s meras tvirtina, kad miesto tarnybos ir toliau dirba visu paj\u0117gumu.<\/p>\n<p>\u201eMes ir toliau darome visk\u0105, k\u0105 galime. O apie tai, kaip Kyjivas ruo\u0161\u0117si \u017eiemai, k\u0105 dar\u0117 visos tarnybos, mes vie\u0161ai pasakojome ir rod\u0117me dar vasar\u0105, ruden\u012f ir jau \u017eiem\u0105. Visa \u0161i informacija yra atviruose \u0161altiniuose. Ta\u010diau tie, kurie manipuliuoja, objektyvios informacijos, \u017einoma, \u201enepastebi\u201c, \u2013 reziumavo jis.<\/p>\n<p>\n                                        \u0160altinis:<br \/>\n                                                                                    tv3.lt\n                                                                                <\/p>\n<p>Kvie\u010diame atrasti nauj\u0105 tv3.lt turin\u012f! Nuo \u0161iol portale j\u016bs\u0173 laukia <a href=\"https:\/\/www.tv3.lt\/testai\" rel=\"nofollow noopener\" target=\"_blank\">kasdien nauji testai<\/a>   \u2013 i\u0161bandykite savo \u017einias ir smagiai praleiskite laik\u0105. <\/p>\n","protected":false},"excerpt":{"rendered":"Reaguodamas \u012f mestus kaltinimus, V. Kly\u010dko parei\u0161k\u0117, kad vie\u0161ojoje erdv\u0117je \u0161iuo metu skamba daug manipuliacij\u0173 ir atvir\u0173 mel\u0173,&hellip;\n","protected":false},"author":2,"featured_media":84807,"comment_status":"","ping_status":"","sticky":false,"template":"","format":"standard","meta":{"footnotes":""},"categories":[15],"tags":[17917,25,30,31,57,43,34,35,55,48,24,54,51,49,50,32,33,37,39,36,38,40,45,23,22,44,28,29,53,42,56,47,26,27,41,46,58,74,75,76,52],"class_list":{"0":"post-84806","1":"post","2":"type-post","3":"status-publish","4":"format-standard","5":"has-post-thumbnail","7":"category-pasaulis","8":"tag-2026-01-15-174447","9":"tag-antrastes","10":"tag-breaking-news","11":"tag-breakingnews","12":"tag-daiktai","13":"tag-dienos-kronika","14":"tag-featured-news","15":"tag-featurednews","16":"tag-gatves-tekstai","17":"tag-gyvenimas","18":"tag-headlines","19":"tag-interneto-pievos","20":"tag-keliones","21":"tag-kultura","22":"tag-laisvalaikis","23":"tag-latest-news","24":"tag-latestnews","25":"tag-lietuva","26":"tag-lietuviu","27":"tag-lithuania","28":"tag-lithuanian","29":"tag-lt","30":"tag-mokslas-ir-it","31":"tag-naujienos","32":"tag-news","33":"tag-pasaulis","34":"tag-populiariausios-naujienos","35":"tag-populiariausiosnaujienos","36":"tag-projektai","37":"tag-rinktiniai-tekstai","38":"tag-simtmecio-portalas","39":"tag-sportas","40":"tag-top-stories","41":"tag-topstories","42":"tag-tv3-lt","43":"tag-verslas","44":"tag-video","45":"tag-world","46":"tag-world-news","47":"tag-worldnews","48":"tag-zaidimai"},"share_on_mastodon":{"url":"","error":"Validation failed: Text character limit of 500 exceeded"},"_links":{"self":[{"href":"https:\/\/www.europesays.com\/lt\/wp-json\/wp\/v2\/posts\/84806","targetHints":{"allow":["GET"]}}],"collection":[{"href":"https:\/\/www.europesays.com\/lt\/wp-json\/wp\/v2\/posts"}],"about":[{"href":"https:\/\/www.europesays.com\/lt\/wp-json\/wp\/v2\/types\/post"}],"author":[{"embeddable":true,"href":"https:\/\/www.europesays.com\/lt\/wp-json\/wp\/v2\/users\/2"}],"replies":[{"embeddable":true,"href":"https:\/\/www.europesays.com\/lt\/wp-json\/wp\/v2\/comments?post=84806"}],"version-history":[{"count":0,"href":"https:\/\/www.europesays.com\/lt\/wp-json\/wp\/v2\/posts\/84806\/revisions"}],"wp:featuredmedia":[{"embeddable":true,"href":"https:\/\/www.europesays.com\/lt\/wp-json\/wp\/v2\/media\/84807"}],"wp:attachment":[{"href":"https:\/\/www.europesays.com\/lt\/wp-json\/wp\/v2\/media?parent=84806"}],"wp:term":[{"taxonomy":"category","embeddable":true,"href":"https:\/\/www.europesays.com\/lt\/wp-json\/wp\/v2\/categories?post=84806"},{"taxonomy":"post_tag","embeddable":true,"href":"https:\/\/www.europesays.com\/lt\/wp-json\/wp\/v2\/tags?post=84806"}],"curies":[{"name":"wp","href":"https:\/\/api.w.org\/{rel}","templated":true}]}}