{"id":85049,"date":"2026-01-16T10:18:07","date_gmt":"2026-01-16T10:18:07","guid":{"rendered":"https:\/\/www.europesays.com\/lt\/85049\/"},"modified":"2026-01-16T10:18:07","modified_gmt":"2026-01-16T10:18:07","slug":"ziniasklaida-siemet-jau-sulaukta-10-skundu-del-bolt-vairuotoju-ir-wolt-kurjeriu","status":"publish","type":"post","link":"https:\/\/www.europesays.com\/lt\/85049\/","title":{"rendered":"\u017diniasklaida: \u0161iemet jau sulaukta 10 skund\u0173 d\u0117l \u201eBolt\u201c vairuotoj\u0173 ir \u201eWolt\u201c kurjeri\u0173"},"content":{"rendered":"<p>\u201e\u0160iemet sulaukiame gerokai daugiau skund\u0173 nei ankstesniais metais. Tai siejame su pla\u010diu \u017einiasklaidos d\u0117mesiu naujiems reikalavimams, taip pat su gyventoj\u0173 informuotumo augimu \u2013 \u017emon\u0117s aktyviai seka ir m\u016bs\u0173 prane\u0161imus socialiniame tinkle \u201eFacebook\u201c, \u2013 portalui nurod\u0117 VKI Inspektavimo skyriaus ved\u0117jas Ar\u016bnas Dambrauskas.<\/p>\n<p>Daugiausia skund\u0173 susij\u0119 su maisto pristatymo ir pav\u0117\u017e\u0117jimo paslaugas per platformas \u201e<a rel=\"noopener nofollow\" target=\"_blank\" href=\"https:\/\/www.delfi.lt\/temos\/bolt\" tag-id=\"80874899\">Bolt<\/a>\u201c ir \u201e<a rel=\"noopener nofollow\" target=\"_blank\" href=\"https:\/\/www.delfi.lt\/temos\/wolt\" tag-id=\"77296029\">Wolt<\/a>\u201c ne valstybine kalba teikian\u010diais u\u017esienie\u010diais.<\/p>\n<p>A. Dabrauskas sako, kad atsi\u017evelgus \u012f skundus inspekcija vykdo patikrinimus.<\/p>\n<p>\u201eKol kas vyksta tikrinimai. Renkame informacij\u0105 apie tai, ar paslauga i\u0161 ties\u0173 nebuvo suteikta valstybine kalba, ar darbuotojai yra i\u0161laik\u0119 valstybin\u0117s kalbos egzamin\u0105 reikiamu lygiu. \u0160iais metais dar nesame nieko nubaud\u0119,  nes reikia daug informacijos patikrinti ir j\u0105 objektyviai \u012fvertinti\u201c, \u2013 pa\u017eym\u0117jo jis.<\/p>\n<p>ELTA primena, kad Seimas 2024 m. pritar\u0117 Valstybin\u0117s kalbos \u012fstatymo pataisoms, kad informacija apie parduodamas prekes ir teikiamas paslaugas b\u016bt\u0173 teikiamos valstybine kalba.<\/p>\n<p>Vyriausyb\u0117 pernai lapkrit\u012f taip pat pritar\u0117 \u0160vietimo, mokslo ir sporto ministerijos si\u016blymui nustatyti bazin\u0119 kalbos mok\u0117jimo kategorij\u0105 pagal A1 lyg\u012f.<\/p>\n<p>\u012estatymo reikalavimai \u012fsigaliojo \u0161i\u0173 met\u0173 sausio 1 dien\u0105.<\/p>\n<p>Migracijos departamento duomenimis Lietuvoje gyvena apie 204 t\u016bkst. u\u017esienie\u010di\u0173. Did\u017eioji dalis \u2013 apie 70 t\u016bkst. \u2013 dirba statyb\u0173 ir tarptautini\u0173 krovini\u0173 gabenimo srityje, kuriai kalbos mok\u0117jimo reikalavimas n\u0117ra taikomas.<\/p>\n","protected":false},"excerpt":{"rendered":"\u201e\u0160iemet sulaukiame gerokai daugiau skund\u0173 nei ankstesniais metais. Tai siejame su pla\u010diu \u017einiasklaidos d\u0117mesiu naujiems reikalavimams, taip pat&hellip;\n","protected":false},"author":2,"featured_media":85050,"comment_status":"","ping_status":"","sticky":false,"template":"","format":"standard","meta":{"footnotes":""},"categories":[13],"tags":[1526,25,734,30,31,34,35,24,32,33,37,39,36,38,40,23,22,28,29,26,27,5819,9606],"class_list":{"0":"post-85049","1":"post","2":"type-post","3":"status-publish","4":"format-standard","5":"has-post-thumbnail","7":"category-lietuva","8":"tag-wolt","9":"tag-antrastes","10":"tag-bolt","11":"tag-breaking-news","12":"tag-breakingnews","13":"tag-featured-news","14":"tag-featurednews","15":"tag-headlines","16":"tag-latest-news","17":"tag-latestnews","18":"tag-lietuva","19":"tag-lietuviu","20":"tag-lithuania","21":"tag-lithuanian","22":"tag-lt","23":"tag-naujienos","24":"tag-news","25":"tag-populiariausios-naujienos","26":"tag-populiariausiosnaujienos","27":"tag-top-stories","28":"tag-topstories","29":"tag-uzsienieciai","30":"tag-valstybine-kalbos-inspekcija"},"share_on_mastodon":{"url":"https:\/\/pubeurope.com\/@lt\/115904269960915863","error":""},"_links":{"self":[{"href":"https:\/\/www.europesays.com\/lt\/wp-json\/wp\/v2\/posts\/85049","targetHints":{"allow":["GET"]}}],"collection":[{"href":"https:\/\/www.europesays.com\/lt\/wp-json\/wp\/v2\/posts"}],"about":[{"href":"https:\/\/www.europesays.com\/lt\/wp-json\/wp\/v2\/types\/post"}],"author":[{"embeddable":true,"href":"https:\/\/www.europesays.com\/lt\/wp-json\/wp\/v2\/users\/2"}],"replies":[{"embeddable":true,"href":"https:\/\/www.europesays.com\/lt\/wp-json\/wp\/v2\/comments?post=85049"}],"version-history":[{"count":0,"href":"https:\/\/www.europesays.com\/lt\/wp-json\/wp\/v2\/posts\/85049\/revisions"}],"wp:featuredmedia":[{"embeddable":true,"href":"https:\/\/www.europesays.com\/lt\/wp-json\/wp\/v2\/media\/85050"}],"wp:attachment":[{"href":"https:\/\/www.europesays.com\/lt\/wp-json\/wp\/v2\/media?parent=85049"}],"wp:term":[{"taxonomy":"category","embeddable":true,"href":"https:\/\/www.europesays.com\/lt\/wp-json\/wp\/v2\/categories?post=85049"},{"taxonomy":"post_tag","embeddable":true,"href":"https:\/\/www.europesays.com\/lt\/wp-json\/wp\/v2\/tags?post=85049"}],"curies":[{"name":"wp","href":"https:\/\/api.w.org\/{rel}","templated":true}]}}