{"id":85450,"date":"2026-01-16T18:31:18","date_gmt":"2026-01-16T18:31:18","guid":{"rendered":"https:\/\/www.europesays.com\/lt\/85450\/"},"modified":"2026-01-16T18:31:18","modified_gmt":"2026-01-16T18:31:18","slug":"policijos-taikinyje-ukrainieciai-ir-rusas-itariami-ispirkos-reikalaujanciomis-atakomis","status":"publish","type":"post","link":"https:\/\/www.europesays.com\/lt\/85450\/","title":{"rendered":"Policijos taikinyje \u2013 ukrainie\u010diai ir rusas, \u012ftariami i\u0161pirkos reikalaujan\u010diomis atakomis"},"content":{"rendered":"\n<p>Grupuot\u0117 kaltinama kenk\u0117ji\u0161kos programin\u0117s \u012frangos naudojimu sistemoms u\u017e\u0161ifruoti ir reikalavimu mok\u0117ti u\u017e j\u0173 atk\u016brim\u0105.<\/p>\n<p>Nuo 2022 met\u0173 kovo iki 2025 met\u0173 vasario grup\u0117s nariai i\u0161 ma\u017edaug 600 \u012fmoni\u0173 ir vie\u0161\u0173j\u0173 \u012fstaig\u0173 visame pasaulyje i\u0161gavo \u0161imtus milijon\u0173 eur\u0173, teigiama prokuror\u0173 prane\u0161ime.<\/p>\n<p>Daugiausia buvo paveiktos \u201eVakar\u0173 pramonini\u0173 valstybi\u0173 \u012fmon\u0117s\u201c, ta\u010diau tarp nukent\u0117jusi\u0173j\u0173 buvo ir ligonini\u0173 bei kit\u0173 vie\u0161\u0173j\u0173 \u012fstaig\u0173.<\/p>\n<p>Vykdant koordinuot\u0105 Vokietijos, Nyderland\u0173, \u0160veicarijos, <a href=\"https:\/\/www.tv3.lt\/gaires\/ukraina\" target=\"_blank\" class=\"phrase\" rel=\"nofollow noopener\">Ukrainos<\/a> ir Britanijos operacij\u0105, policija atliko kratas dviej\u0173 \u012ftariam\u0173 ukrainie\u010di\u0173 namuose ir pa\u0117m\u0117 \u012fkal\u010dius, prane\u0161\u0117 prokurorai.<\/p>\n<p>    Grupuot\u0117s \u012fk\u016br\u0117jas\u00a0\u2013 <a href=\"https:\/\/www.tv3.lt\/gaires\/rusas\" target=\"_blank\" rel=\"nofollow noopener\">rusas<\/a> <\/p>\n<p>Tyr\u0117jai taip pat nustat\u0117 <a href=\"https:\/\/www.tv3.lt\/rubrika\/naujienos\/uzsienis\/rusija\" target=\"_blank\" class=\"phrase\" rel=\"nofollow noopener\">Rusijos<\/a> piliet\u012f, numanom\u0105 <a href=\"https:\/\/www.tv3.lt\/naujiena\/uzsienis\/karas-ukrainoje-analitikai-lavrovo-zodziai-atskleide-tikruosius-rusijos-uzmojus-n1485676\" target=\"_blank\" rel=\"nofollow noopener\">grupuot\u0117s \u012fk\u016br\u0117j\u0105<\/a> ir vadov\u0105, ir i\u0161dav\u0117 jo are\u0161to order\u012f.<\/p>\n<p>Vokietijos policija \u012fvardijo \u012ftariam\u0105j\u012f kaip 35-eri\u0173 Oleg\u0105 Nefiodov\u0105.<\/p>\n<p>O. Nefiodovas \u201eparinkdavo taikinius, verbuodavo darbuotojus, skirdavo jiems u\u017eduotis, dalyvaudavo derybose d\u0117l i\u0161pirkos, vald\u0117 pajamas ir naudojo jas mok\u0117damas grupuot\u0117s nariams\u201c, teig\u0117 policija.<\/p>\n<p>Kratos Ivano Frankivske ir Lvive buvo nukreiptos prie\u0161 \u012ftariamus grupuot\u0117s narius, <a href=\"https:\/\/www.tv3.lt\/naujiena\/uzsienis\/peskovas-sureagavo-i-trumpo-zodzius-cia-mes-galime-sutikti-n1485804\" target=\"_blank\" rel=\"nofollow noopener\">kaltinamus<\/a> naudojus \u201ehash cracking\u201c \u2013 slapta\u017eod\u017ei\u0173 atsp\u0117jimo metod\u0105.<\/p>\n<p>Ukrainos pareig\u016bnai rugpj\u016bt\u012f taip pat atliko krat\u0105 dar vieno grupuot\u0117s nario namuose netoli Charkivo. \u0160io asmens u\u017eduotis, kaip \u012ftariama, buvo pad\u0117ti u\u017etikrinti, kad kenk\u0117ji\u0161kos programos neaptikt\u0173 antivirusin\u0117s programos.<\/p>\n<p>\u201eBlack Basta\u201c vien Vokietijoje i\u0161 ma\u017edaug 100 \u012fmoni\u0173 ir institucij\u0173 i\u0161gavo apie 20 mln. eur\u0173, nurod\u0117 prokurorai.<\/p>\n<p>\n                                        \u0160altinis:<br \/>\n                                                                                    BNS\n                                                                                <\/p>\n<p>Kvie\u010diame atrasti nauj\u0105 tv3.lt turin\u012f! Nuo \u0161iol portale j\u016bs\u0173 laukia <a href=\"https:\/\/www.tv3.lt\/testai\" rel=\"nofollow noopener\" target=\"_blank\">kasdien nauji testai<\/a>   \u2013 i\u0161bandykite savo \u017einias ir smagiai praleiskite laik\u0105. <\/p>\n","protected":false},"excerpt":{"rendered":"Grupuot\u0117 kaltinama kenk\u0117ji\u0161kos programin\u0117s \u012frangos naudojimu sistemoms u\u017e\u0161ifruoti ir reikalavimu mok\u0117ti u\u017e j\u0173 atk\u016brim\u0105. Nuo 2022 met\u0173 kovo&hellip;\n","protected":false},"author":2,"featured_media":85451,"comment_status":"","ping_status":"","sticky":false,"template":"","format":"standard","meta":{"footnotes":""},"categories":[15],"tags":[18014,25,30,31,57,43,34,35,55,48,24,54,51,49,50,32,33,37,39,36,38,40,45,23,22,44,28,29,53,42,56,47,26,27,41,46,58,74,75,76,52],"class_list":{"0":"post-85450","1":"post","2":"type-post","3":"status-publish","4":"format-standard","5":"has-post-thumbnail","7":"category-pasaulis","8":"tag-2026-01-15-204843","9":"tag-antrastes","10":"tag-breaking-news","11":"tag-breakingnews","12":"tag-daiktai","13":"tag-dienos-kronika","14":"tag-featured-news","15":"tag-featurednews","16":"tag-gatves-tekstai","17":"tag-gyvenimas","18":"tag-headlines","19":"tag-interneto-pievos","20":"tag-keliones","21":"tag-kultura","22":"tag-laisvalaikis","23":"tag-latest-news","24":"tag-latestnews","25":"tag-lietuva","26":"tag-lietuviu","27":"tag-lithuania","28":"tag-lithuanian","29":"tag-lt","30":"tag-mokslas-ir-it","31":"tag-naujienos","32":"tag-news","33":"tag-pasaulis","34":"tag-populiariausios-naujienos","35":"tag-populiariausiosnaujienos","36":"tag-projektai","37":"tag-rinktiniai-tekstai","38":"tag-simtmecio-portalas","39":"tag-sportas","40":"tag-top-stories","41":"tag-topstories","42":"tag-tv3-lt","43":"tag-verslas","44":"tag-video","45":"tag-world","46":"tag-world-news","47":"tag-worldnews","48":"tag-zaidimai"},"share_on_mastodon":{"url":"","error":"Validation failed: Text character limit of 500 exceeded"},"_links":{"self":[{"href":"https:\/\/www.europesays.com\/lt\/wp-json\/wp\/v2\/posts\/85450","targetHints":{"allow":["GET"]}}],"collection":[{"href":"https:\/\/www.europesays.com\/lt\/wp-json\/wp\/v2\/posts"}],"about":[{"href":"https:\/\/www.europesays.com\/lt\/wp-json\/wp\/v2\/types\/post"}],"author":[{"embeddable":true,"href":"https:\/\/www.europesays.com\/lt\/wp-json\/wp\/v2\/users\/2"}],"replies":[{"embeddable":true,"href":"https:\/\/www.europesays.com\/lt\/wp-json\/wp\/v2\/comments?post=85450"}],"version-history":[{"count":0,"href":"https:\/\/www.europesays.com\/lt\/wp-json\/wp\/v2\/posts\/85450\/revisions"}],"wp:featuredmedia":[{"embeddable":true,"href":"https:\/\/www.europesays.com\/lt\/wp-json\/wp\/v2\/media\/85451"}],"wp:attachment":[{"href":"https:\/\/www.europesays.com\/lt\/wp-json\/wp\/v2\/media?parent=85450"}],"wp:term":[{"taxonomy":"category","embeddable":true,"href":"https:\/\/www.europesays.com\/lt\/wp-json\/wp\/v2\/categories?post=85450"},{"taxonomy":"post_tag","embeddable":true,"href":"https:\/\/www.europesays.com\/lt\/wp-json\/wp\/v2\/tags?post=85450"}],"curies":[{"name":"wp","href":"https:\/\/api.w.org\/{rel}","templated":true}]}}