{"id":86285,"date":"2026-01-18T06:37:14","date_gmt":"2026-01-18T06:37:14","guid":{"rendered":"https:\/\/www.europesays.com\/lt\/86285\/"},"modified":"2026-01-18T06:37:14","modified_gmt":"2026-01-18T06:37:14","slug":"ne-visi-zino-apie-sias-isskirtines-daiktu-stoteles-gyventojai-nustemba-suzinoje-kad-viskas-cia-nemokamai","status":"publish","type":"post","link":"https:\/\/www.europesays.com\/lt\/86285\/","title":{"rendered":"Ne visi \u017eino apie \u0161ias i\u0161skirtines daikt\u0173 stoteles: gyventojai nustemba su\u017einoj\u0119, kad viskas \u010dia \u2013 nemokamai"},"content":{"rendered":"<p>I\u0161siugd\u0119 \u012fprot\u012f pirmiausia ne i\u0161mesti, o pagalvoti apie naujus mums nebereikaling\u0173 daikt\u0173 namus, galime pakeisti po\u017ei\u016br\u012f \u012f vartojim\u0105. Juk daiktai, kurie mums tapo pertekliniai, kitam \u017emogui dar gali b\u016bti labai reikalingi. Kuo daugiau daikt\u0173 randa antr\u0105 gyvenim\u0105 dalijimosi stotel\u0117se, tuo ma\u017eiau j\u0173 paliekama prie konteineri\u0173 ir tuo efektyviau veikia visa atliek\u0173 tvarkymo sistema.<\/p>\n<p>    <img decoding=\"async\" src=\"https:\/\/www.europesays.com\/lt\/wp-content\/uploads\/2026\/01\/471bf889-2e93-451a-a60d-5da87d2e3bfd.jpg\" loading=\"lazy\" alt=\"Dalijimosi daiktais stotelese gyventojai gali atiduoti geros b\u016bkl\u0117s, bet nebereikalingus daiktus pakartotiniam naudojimui\"\/>      <\/p>\n<p>Gerus darbus daryti paprasta<\/p>\n<p class=\"MsoNormal\">Tikriausiai jau esate gird\u0117j\u0119, o gal jums tai bus naujiena, ta\u010diau visoje Lietuvoje regioniniai atliek\u0173 tvarkymo centrai savo aptarnaujamuose regionuose steigia dalijimosi daiktais stoteles, kuriose gyventojai gali atiduoti geros b\u016bkl\u0117s, bet nebereikalingus daiktus pakartotiniam naudojimui.<\/p>\n<p class=\"MsoNormal\">Vilniuje jos vadinamos D\u0116K`ui, Alytuje \u2013 TikoTiks ir Mainukai, Marijampol\u0117je \u2013 Daikt\u0173 pasidalytuv\u0117s, Klaip\u0117doje \u2013 IMK, Panev\u0117\u017eyje \u2013 Keisk&#8217;is, Utenoje \u2013 Dalinkim\u0117s.<\/p>\n<p class=\"MsoNormal\">Panev\u0117\u017eiet\u0117 Daiva Jatu\u017eyt\u0117 pasakoja negalinti net suskai\u010diuoti, kiek kart\u0173 \u012f mieste \u012fsik\u016brusias Keisk&#8217;is stoteles yra prista\u010diusi jai nebereikaling\u0173, ta\u010diau kitiems praversti galin\u010di\u0173 kokybi\u0161k\u0173 daikt\u0173.<\/p>\n<p class=\"MsoNormal\">Tik\u0117tina, ka\u017ekokia \u0161eima dabar ve\u017eioja k\u016bdik\u012f Daivos vaik\u0173 i\u0161augtame ve\u017eim\u0117lyje, ka\u017ekas miega jos atiduotoje lovyt\u0117je ar \u010diuo\u017ein\u0117ja padovanotomis rog\u0117mis. Visi \u0161ie daiktai gal\u0117jo atsidurti atliek\u0173 konteineriuose, ta\u010diau panev\u0117\u017eiet\u0117 pasirinko tvaresn\u012f sprendim\u0105.<\/p>\n<p>      <img decoding=\"async\" src=\"https:\/\/www.europesays.com\/lt\/wp-content\/uploads\/2026\/01\/a2c1fa77-913b-4dd0-be4d-854644faa88a.jpg\" loading=\"lazy\" alt=\"Keisk'is dalijimosi daiktais stotel\u0117 Panev\u0117\u017eio regione\"\/>    <\/p>\n<p class=\"MsoNormal\">\u201ePirm\u0105 kart\u0105 u\u017e\u0117jau \u012f \u0161alimais nam\u0173 esan\u010di\u0105 dalijimosi daiktais stotel\u0119 nor\u0117dama \u010dia palikti m\u016bs\u0173 nebenaudojam\u0173 ind\u0173 komplekt\u0105, ta\u010diau tuo metu pro duris \u012f\u0117jo jauna mama ne\u0161ina k\u016bdikiu ant rank\u0173. \u010cia dirbusios moters ji pasiteiravo ar n\u0117ra vaiki\u0161k\u0173 ve\u017eim\u0117li\u0173 \u2013 o pas mane namie juk visas ma\u017eiems vaikams skirt\u0173 daikt\u0173 arsenalas. I\u0161 karto pasi\u016bliau atve\u017eti jai tiesiai \u012f namus, o likusius daiktus, kuri\u0173 \u0161iai jaunai mamai neprireik\u0117, prista\u010diau \u012f Keisk&#8217;is. Man patinka ir jausmas padaryti ger\u0105 darb\u0105, ir pati dalijimosi id\u0117ja \u2013  duoti tam, kam labiau reikia ir leisti daiktams toliau gyventi\u201c, \u2013 pasakoja Daiva.<\/p>\n<p class=\"MsoNormal\">Panev\u0117\u017eio regiono atliek\u0173 tvarkymo centro (PRATC) atstov\u0117 Migl\u0117 Antan\u0117lien\u0117 pastebi, kad daikt\u0173 dalijimosi stoteli\u0173 duris praveria vis daugiau gyventoj\u0173 \u2013 vieni smalsumo vedini u\u017esuka tik apsidairyti, kitus darbuotojai jau i\u0161 veid\u0173 pa\u017e\u012fsta.<\/p>\n<p>    <img decoding=\"async\" src=\"https:\/\/www.europesays.com\/lt\/wp-content\/uploads\/2026\/01\/f51c335d-1ae3-4f54-a3fc-c8f9e32ccda0.jpg\" loading=\"lazy\" alt=\"Daikt\u0173 pasidalytuv\u0117s stotel\u0117 Marijampol\u0117s regione\"\/>      <\/p>\n<p class=\"MsoNormal\">Apsilankiusieji pirm\u0105 kart\u0105, anot pa\u0161nekov\u0117s, \u012fprastai nustemba pamat\u0119, koks gausus skirting\u0173 daikt\u0173 pasirinkimas: ir baldai, ir buitin\u0117 technika, ir laisvalaikio prek\u0117s. Tad u\u017e\u0117j\u0119 vien\u0105 kart\u0105, da\u017enai sugr\u012f\u017eta patys ne\u0161ini kokybi\u0161kais, ta\u010diau namuose nebereikalingais daiktais.     <\/p>\n<p class=\"MsoNormal\">\u201eSeno daikto nei\u0161metimas ir naujo nepirkimas, o tiesiog paprastas pasikeitimas \u2013 labai svarbus kiekvieno \u017eingsnis ma\u017einant atliek\u0173 kiekius bei saugant gamt\u0105 ir jos resursus. D\u017eiugu matyti, kad vis daugiau gyventoj\u0173 nebereikalingus, bet dar tinkamais naudoti daiktais dalijasi su tais, kurie stokoja ar renkasi tvaraus gyvenimo b\u016bd\u0105\u201c, \u2013 sako M. Antan\u0117lien\u0117.<\/p>\n<p class=\"MsoNormal\">Pa\u0161nekov\u0117 primena, kad dalinimosi daiktais paslauga \u2013 nemokama, o tokias stoteles gyventojai gali rasti kiekviename regione. Nepamir\u0161kite, kad j\u016bs\u0173 daikto ka\u017ekam tikrai reikia, tad pasir\u016bpinkite, kad jis b\u016bt\u0173 \u0161varus, tvarkingas, tinkamas naudojimui.<\/p>\n<p>Kartais ma\u017eiau yra daugiau<\/p>\n<p class=\"MsoNormal\">Pasakodama apie dalinimosi daiktais stoteles, M. Antan\u0117lien\u0117 paneigia da\u017en\u0105 \u012fsitikinim\u0105, es\u0105 \u010dia lankosi i\u0161skirtinai tik stokojantys gyventojai. T\u0105 patvirtinti gal\u0117t\u0173 vilniet\u0117 Inga Ser\u017e\u0117nait\u0117, \u012f D\u0116K`ui stoteles sostin\u0117je reguliariai u\u017esukanti bent apsidairyti.<\/p>\n<p>    <img decoding=\"async\" src=\"https:\/\/www.europesays.com\/lt\/wp-content\/uploads\/2026\/01\/4a44fa5f-f47f-4cfd-a88d-d7663c10e61b.jpg\" loading=\"lazy\" alt=\"D\u0116K`ui dalijimosi daiktais stotel\u0117 Vilniaus regione\"\/>      <\/p>\n<p class=\"MsoNormal\">\u201eIlg\u0105 laik\u0105 gyvenau Danijoje, kurioje \u017emon\u0117ms svarbus ne demonstratyvus vartojimas, o patogumas, ilgaam\u017ei\u0161kumas, prakti\u0161kumas. Matyt, skandinavi\u0161ka kult\u016bra man padar\u0117 \u012ftak\u0105 \u2013 prie\u0161 pirkdama nauj\u0105 daikt\u0105 visada pagalvoju, ar jis tikrai reikalingas, o jei namuose ka\u017eko nebereikia, ie\u0161kau, kam jis gal\u0117t\u0173 praversti. Dalinimosi stotel\u0117s \u0161iuo klausimu labai patogus pasirinkimas\u201c, \u2013 sako Inga.<\/p>\n<p>       <img decoding=\"async\" src=\"https:\/\/www.europesays.com\/lt\/wp-content\/uploads\/2026\/01\/5bb9e614-d578-4f79-b5ef-e079735ab647.jpg\" loading=\"lazy\" alt=\"Dalinkim\u0117s dalijimosi daiktais stotel\u0117 Utenos regione\"\/>      <\/p>\n<p class=\"MsoNormal\">\u012e Vilniaus apskrities atliek\u0173 tvarkymo centro iniciatyva \u012fkurtas D\u0116K`ui stoteles u\u017esukanti moteris da\u017eniausiai \u010dia dairosi drabu\u017ei\u0173 \u2013 \u012fdomesni\u0173, toki\u0173, koki\u0173 nerast\u0173 parduotuv\u0117se. Pama\u010diusi ka\u017ek\u0105 tinkamo, neretai dar ir savo rank\u0105 prideda \u2013 patobulina, persiuva. Kai daiktas moraliai atgyvena \u2013 v\u0117l ne\u0161a \u012f dalijimosi daiktais stotel\u0119, kad juo pasid\u017eiaugt\u0173 ka\u017ekas kitas.<\/p>\n<p>      <img decoding=\"async\" src=\"https:\/\/www.europesays.com\/lt\/wp-content\/uploads\/2026\/01\/f93d1ab1-1e23-4355-b554-c3325192d714.jpg\" loading=\"lazy\" alt=\"TikoTiks daikt\u0173 stotel\u0117 Alytaus regione\"\/>    <\/p>\n<p class=\"MsoNormal\">\u201eTuriu taisykl\u0119, kurios laikausi pati ir kitiems rekomenduoju \u2013 senieji daiktai turi u\u017eleisti viet\u0105 naujiems. Tad jeigu parsine\u0161iau nauj\u0105 drabu\u017e\u012f, su ka\u017ekuriuo i\u0161 spintoje esan\u010di\u0173 reikia atsisveikinti. Taip ne tik i\u0161vengiu pertekliaus, bet ir skiriu daugiau d\u0117mesio tam, k\u0105 i\u0161 ties\u0173 d\u0117viu, o drabu\u017eiai ned\u016bla lentynose \u2013 jie gauna galimyb\u0119 gyventi toliau ir d\u017eiuginti kitus \u017emones\u201c, \u2013 sako Inga.<\/p>\n<p class=\"MsoNormal\">Tokie asmeniniai sprendimai i\u0161 pirmo \u017evilgsnio atrodo labai paprasti, ta\u010diau b\u016btent jie ir palaiko vis\u0105 dalijimosi stoteli\u0173 id\u0117j\u0105, leid\u017eia joms veikti kaip gyvam main\u0173 ratui \u2013 daiktai nuolat juda, kei\u010dia \u0161eimininkus ir nepraranda savo vert\u0117s. Ta\u010diau tam, kad \u0161i sistema veikt\u0173 skland\u017eiai, svarbus ir kiekvieno \u010dia u\u017esukan\u010dio \u017emogaus s\u0105moningumas.<\/p>\n<p>    <img decoding=\"async\" src=\"https:\/\/www.europesays.com\/lt\/wp-content\/uploads\/2026\/01\/f9e143f8-7c3c-49f0-b403-a926b93eba22.jpg\" loading=\"lazy\" alt=\"IMK dalijimosi daiktais stotel\u0117 Klaip\u0117dos regione\"\/>      <\/p>\n<p class=\"MsoNormal\">Dalinimosi stoteli\u0173 lankytojai raginami pasiimti tik tuos daiktus, kuri\u0173 jiems i\u0161 ties\u0173 reikia asmeniniam naudojimui, o prie\u0161 tai \u012fvertinti j\u0173 b\u016bkl\u0119 ir tinkamum\u0105 naudoti. Taip pat pra\u0161oma neardyti, negadinti daikt\u0173 ir palikti tvark\u0105 stotel\u0117se. Atsakingas kiekvieno elgesys \u2013 b\u016btina s\u0105lyga, kad dalijimosi iniciatyva i\u0161likt\u0173 tvari ir naudinga visai bendruomenei.<\/p>\n","protected":false},"excerpt":{"rendered":"I\u0161siugd\u0119 \u012fprot\u012f pirmiausia ne i\u0161mesti, o pagalvoti apie naujus mums nebereikaling\u0173 daikt\u0173 namus, galime pakeisti po\u017ei\u016br\u012f \u012f vartojim\u0105.&hellip;\n","protected":false},"author":2,"featured_media":86286,"comment_status":"","ping_status":"","sticky":false,"template":"","format":"standard","meta":{"footnotes":"","_share_on_mastodon":"0"},"categories":[13],"tags":[25,18127,30,31,34,35,24,32,33,37,39,36,38,40,23,22,28,29,26,27,18126],"class_list":["post-86285","post","type-post","status-publish","format-standard","has-post-thumbnail","category-lietuva","tag-antrastes","tag-atlieku-kultura","tag-breaking-news","tag-breakingnews","tag-featured-news","tag-featurednews","tag-headlines","tag-latest-news","tag-latestnews","tag-lietuva","tag-lietuviu","tag-lithuania","tag-lithuanian","tag-lt","tag-naujienos","tag-news","tag-populiariausios-naujienos","tag-populiariausiosnaujienos","tag-top-stories","tag-topstories","tag-vaatc"],"share_on_mastodon":{"url":"https:\/\/pubeurope.com\/@lt\/115914725362828376","error":""},"_links":{"self":[{"href":"https:\/\/www.europesays.com\/lt\/wp-json\/wp\/v2\/posts\/86285","targetHints":{"allow":["GET"]}}],"collection":[{"href":"https:\/\/www.europesays.com\/lt\/wp-json\/wp\/v2\/posts"}],"about":[{"href":"https:\/\/www.europesays.com\/lt\/wp-json\/wp\/v2\/types\/post"}],"author":[{"embeddable":true,"href":"https:\/\/www.europesays.com\/lt\/wp-json\/wp\/v2\/users\/2"}],"replies":[{"embeddable":true,"href":"https:\/\/www.europesays.com\/lt\/wp-json\/wp\/v2\/comments?post=86285"}],"version-history":[{"count":0,"href":"https:\/\/www.europesays.com\/lt\/wp-json\/wp\/v2\/posts\/86285\/revisions"}],"wp:featuredmedia":[{"embeddable":true,"href":"https:\/\/www.europesays.com\/lt\/wp-json\/wp\/v2\/media\/86286"}],"wp:attachment":[{"href":"https:\/\/www.europesays.com\/lt\/wp-json\/wp\/v2\/media?parent=86285"}],"wp:term":[{"taxonomy":"category","embeddable":true,"href":"https:\/\/www.europesays.com\/lt\/wp-json\/wp\/v2\/categories?post=86285"},{"taxonomy":"post_tag","embeddable":true,"href":"https:\/\/www.europesays.com\/lt\/wp-json\/wp\/v2\/tags?post=86285"}],"curies":[{"name":"wp","href":"https:\/\/api.w.org\/{rel}","templated":true}]}}