{"id":86410,"date":"2026-01-18T09:48:41","date_gmt":"2026-01-18T09:48:41","guid":{"rendered":"https:\/\/www.europesays.com\/lt\/86410\/"},"modified":"2026-01-18T09:48:41","modified_gmt":"2026-01-18T09:48:41","slug":"dakaro-rali-laimejes-rokas-baciuska-kosmosas-labai-smagu","status":"publish","type":"post","link":"https:\/\/www.europesays.com\/lt\/86410\/","title":{"rendered":"Dakaro ral\u012f laim\u0117j\u0119s Rokas Baciu\u0161ka: kosmosas, labai smagu"},"content":{"rendered":"<p>Nors lietuvio ir \u0161turmano ispano Oriolio Vidalio ekipa\u017eas \u201eStock\u201c klas\u0117s bendroje rikiuot\u0117je var\u017eovus lenk\u0117 valandomis, R. Baciu\u0161ka teigia, kad ralyje lengva nebuvo. <\/p>\n<p>\u201eDakaras tikrai buvo sunkus, laim\u0117ti su \u201eStock\u201c kategorijoje tikrai n\u0117ra lengva. Labai smagu laim\u0117ti ir matyti tiek daug palaikan\u010di\u0173 lietuvi\u0173. B\u016bt\u0173 li\u016bdna, jei dykumose neb\u016bt\u0173 Lietuvos v\u0117liav\u0173. Noriu pad\u0117koti gimtajai Tauragei, savo sirgaliams, visai tautai, kuri mane palaik\u0117. <\/p>\n<p>Gal ne visi supranta, bet dauguma mane palaiko. Mano asmeninis 4-as \u201ebeduinas\u201c keliauja namo, vienareik\u0161mi\u0161kai kosmosas\u201c, \u2013 kalb\u0117jo R. Baciu\u0161ka.<\/p>\n","protected":false},"excerpt":{"rendered":"Nors lietuvio ir \u0161turmano ispano Oriolio Vidalio ekipa\u017eas \u201eStock\u201c klas\u0117s bendroje rikiuot\u0117je var\u017eovus lenk\u0117 valandomis, R. Baciu\u0161ka teigia,&hellip;\n","protected":false},"author":2,"featured_media":86411,"comment_status":"","ping_status":"","sticky":false,"template":"","format":"standard","meta":{"footnotes":"","_share_on_mastodon":"0"},"categories":[6],"tags":[25,30,31,3330,34,35,24,32,33,37,39,36,38,40,23,22,28,29,3329,3328,26,27],"class_list":["post-86410","post","type-post","status-publish","format-standard","has-post-thumbnail","category-antrastes","tag-antrastes","tag-breaking-news","tag-breakingnews","tag-dakaro-ralis","tag-featured-news","tag-featurednews","tag-headlines","tag-latest-news","tag-latestnews","tag-lietuva","tag-lietuviu","tag-lithuania","tag-lithuanian","tag-lt","tag-naujienos","tag-news","tag-populiariausios-naujienos","tag-populiariausiosnaujienos","tag-rokas-baciuska","tag-stephane-peterhansel","tag-top-stories","tag-topstories"],"share_on_mastodon":{"url":"https:\/\/pubeurope.com\/@lt\/115915476323725634","error":""},"_links":{"self":[{"href":"https:\/\/www.europesays.com\/lt\/wp-json\/wp\/v2\/posts\/86410","targetHints":{"allow":["GET"]}}],"collection":[{"href":"https:\/\/www.europesays.com\/lt\/wp-json\/wp\/v2\/posts"}],"about":[{"href":"https:\/\/www.europesays.com\/lt\/wp-json\/wp\/v2\/types\/post"}],"author":[{"embeddable":true,"href":"https:\/\/www.europesays.com\/lt\/wp-json\/wp\/v2\/users\/2"}],"replies":[{"embeddable":true,"href":"https:\/\/www.europesays.com\/lt\/wp-json\/wp\/v2\/comments?post=86410"}],"version-history":[{"count":0,"href":"https:\/\/www.europesays.com\/lt\/wp-json\/wp\/v2\/posts\/86410\/revisions"}],"wp:featuredmedia":[{"embeddable":true,"href":"https:\/\/www.europesays.com\/lt\/wp-json\/wp\/v2\/media\/86411"}],"wp:attachment":[{"href":"https:\/\/www.europesays.com\/lt\/wp-json\/wp\/v2\/media?parent=86410"}],"wp:term":[{"taxonomy":"category","embeddable":true,"href":"https:\/\/www.europesays.com\/lt\/wp-json\/wp\/v2\/categories?post=86410"},{"taxonomy":"post_tag","embeddable":true,"href":"https:\/\/www.europesays.com\/lt\/wp-json\/wp\/v2\/tags?post=86410"}],"curies":[{"name":"wp","href":"https:\/\/api.w.org\/{rel}","templated":true}]}}