{"id":86534,"date":"2026-01-18T13:08:41","date_gmt":"2026-01-18T13:08:41","guid":{"rendered":"https:\/\/www.europesays.com\/lt\/86534\/"},"modified":"2026-01-18T13:08:41","modified_gmt":"2026-01-18T13:08:41","slug":"zemaitaitis-vienos-ribos-perzengti-nedriso","status":"publish","type":"post","link":"https:\/\/www.europesays.com\/lt\/86534\/","title":{"rendered":"\u017demaitaitis vienos ribos per\u017eengti nedr\u012fso"},"content":{"rendered":"\n<p>Ketvirtadienio popiet\u0119 \u012f Lazdij\u0173 vie\u0161osios bibliotekos sal\u0119 susirinko kelios de\u0161imtys rajono gyventoj\u0173, negavusi\u0173 kvietim\u0173 \u012f vos valanda v\u0117liau Kap\u010diamiestyje vykus\u012f susitikim\u0105 su prezidentu Gitanu Naus\u0117da. Tarp j\u0173 buvo anks\u010diau vykusi\u0173 poligono vie\u0161inimo rengini\u0173 \u201e\u017evaig\u017ed\u0117s\u201c \u2013 druskininkiet\u0117, palink\u0117jusi savo s\u016bnui geriau tapti \u201ebom\u017eu\u201c, o ne karininku ir buv\u0119s rajono meras Art\u016bras Margelis. Apsilank\u0117 ir televizijos laid\u0173 ved\u0117jas bei buv\u0119s Seimo pirmininkas Ar\u016bnas Valinskas.<\/p>\n<p>Kalb\u0117tis su vietos bendruomene vyko Naus\u0117da<\/p>\n<p>Miestelio gyventojams rei\u0161kiant pasipiktinim\u0105 ir susir\u016bpinim\u0105 d\u0117l poligonui numatytoje teritorijoje esan\u010di\u0173 sodyb\u0173 likimo, \u0161alies vadovas tikina suprantantis klausimo svarb\u0105. Anot jo, \u012f poligono \u0161audymo zon\u0105 patenkan\u010di\u0173 13 sodyb\u0173, kurias numatyta i\u0161pirkti, savininkams turi b\u016bti numatytas s\u0105\u017einingas \u017ealos atlyginimas.<\/p>\n<p>\u201e\u0160itoms 13 sodyb\u0173 turi b\u016bti kompensuota taip, kad tikrai paskui neb\u016bt\u0173 kalbama, kad valstyb\u0117 nevisi\u0161kai atsiskait\u0117 ar m\u0117gino atsiskaityti savinink\u0173 s\u0105skaita. Turime \u012fvertinti tiek rinkos kain\u0105, tiek atstatom\u0105j\u0105 vert\u0119 ir dar papildomai sumok\u0117ti u\u017e tuos moralinius arba emocinius nuostolius, kuriuos \u017emon\u0117ms sukeliame\u201c, \u2013 tikino prezidentas.<\/p>\n<p>\u0160alies vadovas teigia susitikimo metu nor\u0117j\u0119s gyventojams paai\u0161kinti poligono svarb\u0105 Lietuvos saugumui. <\/p>\n<p>\u201eNor\u0117jau pirmiausia apeliuoti \u012f \u017emoni\u0173 patrioti\u0161kum\u0105, \u012f tai, kad poligonas yra labai svarbus sud\u0117tinis m\u016bs\u0173 saugumo koncepcijos elementas, kad Lietuva \u0161iuo metu turi puikius ry\u0161ius su savo s\u0105jungininkais, kurie yra \u012fsipareigoj\u0119 ginti mus ne per atstum\u0105, bet \u010dia \u2013 kareivi\u0161ki batai, dislokuoti Lietuvoje, JAV batalionai rotaciniu pagrindu. Turiu patikinim\u0105 i\u0161 Vokietijos auk\u0161\u010diausi\u0173 vadov\u0173, kad Vokietijos brigada bus ir kad visa tai bus \u012fgyvendinta pagal numatyt\u0105 plan\u0105\u201c, \u2013 sak\u0117 prezidentas.<\/p>\n<p>Skamb\u0117jo persp\u0117jimai d\u0117l sud\u0117tingos situacijos<\/p>\n<p>Tiek tarptautiniu lygiu, tiek ir nacionaliniu skamb\u0117jo persp\u0117jimai d\u0117l sud\u0117tingos geopolitin\u0117s situacijos. Tarptautinis kontekstas taip stipriai pasikeit\u0117, kad Lietuvai gali tekti vienai pa\u010diai spr\u0119sti savo i\u0161likimo klausim\u0105, <a rel=\"noopener follow nofollow\" target=\"_blank\" href=\"https:\/\/www.delfi.lt\/naujienos\/politika\/skvernelis-ragina-ruostis-juodziausiam-scenarijui-zmones-turi-zinoti-visus-variantus-120198386\" data-rel-date-range=\"[]\">sako buv\u0119s premjeras Saulius Skvernelis.<\/a> Did\u017ei\u0173j\u0173 \u0161ali\u0173, \u012fskaitant ir <a rel=\"noopener nofollow\" target=\"_blank\" href=\"https:\/\/www.delfi.lt\/temos\/jav\" data-rel-date-range=\"[]\">Jungtines Amerikos Valstijas<\/a>, noras kalb\u0117tis i\u0161 j\u0117gos pozicij\u0173 esmingai perbrai\u017eo \u017eaidimo taisykles tod\u0117l, akcentuoja Demokrat\u0173 s\u0105jungos \u201eVardan Lietuvos\u201c vadovas, \u0161alies atsakingi asmenys tur\u0117t\u0173 inicijuoti platesn\u0119 politini\u0173 j\u0117g\u0173 diskusij\u0105 u\u017esienio ir saugumo politikos tema.<\/p>\n<p>\u201eTurime suvokti: ateina tokia realyb\u0117, kad apie mus gali niekas kitas negalvoti. Gali juk niekas negalvoti, kas \u010dia bus su Lietuva. Tik mes patys. Tai yra sunku pripa\u017einti. Gal a\u0161 ir dramatizuoju, gal be pagrindo kalbu, bet man tokia nuomon\u0117 susidaro, kad mes art\u0117jame prie to. Galiausiai gali b\u016bti pasakyta apie Lietuv\u0105: valstyb\u0117 nedidel\u0117, gal d\u0117l jos interes\u0173 neverta konfliktuoti ir pl\u0117\u0161ytis. Taip buvo i\u0161 esm\u0117s padaryta prie\u0161 Antr\u0105j\u012f pasaul\u012f kar\u0105\u201c, \u2013 teig\u0117 S. Skvernelis.<\/p>\n<p>    <img decoding=\"async\" src=\"https:\/\/www.europesays.com\/lt\/wp-content\/uploads\/2026\/01\/1768741715_274_6f4337b4-062b-4a92-ae0e-dfd2e2e5212d.jpg\" loading=\"lazy\" alt=\"Saulius Skvernelis\"\/>      <\/p>\n<p>Tod\u0117l, t\u0119s\u0117 politikas, racionaliausia b\u016bt\u0173 ruo\u0161tis patiems juod\u017eiausiems scenarijams.<\/p>\n<p>\u201eA\u0161 sutinku, visuomen\u0117s nereikia audrinti, bet \u017emon\u0117s turi \u017einoti visus variantus. Tai n\u0117ra g\u0105sdinimas. Turime tur\u0117ti visus variantus ir visiems jiems ruo\u0161tis, net jei tai perd\u0117tas, klaidingas suvokimas. Turime b\u016bti visiems scenarijams pasiruo\u0161\u0119\u201c, \u2013 sak\u0117 politikas ir ragino diskutuoti Lietuvos i\u0161likimo klausimais.<\/p>\n<p>ES diplomatijos vadov\u0117s atvirumas<\/p>\n<p>    <img decoding=\"async\" src=\"https:\/\/www.europesays.com\/lt\/wp-content\/uploads\/2026\/01\/deffe6f3-2aa6-4308-8bc2-86c4dcd43964.jpg\" loading=\"lazy\" alt=\"Kallas: Putinas nedr\u012fsta susitikti su Zelenskiu Stambule\"\/>      <\/p>\n<p>Europos S\u0105jungos u\u017esienio politikos vadov\u0117 <a rel=\"noopener nofollow\" target=\"_blank\" href=\"https:\/\/www.delfi.lt\/temos\/kaja-kallas\" tag-id=\"80821307\">Kaja Kallas<\/a> priva\u010diuose pokalbiuose su europarlamentarais pajuokavo, es\u0105, dabartin\u0117 situacija pasaulyje \u2013 \u201epuikus pretekstas\u201c prad\u0117ti vartoti alkohol\u012f, skelbia \u201ePolitico\u201c.<\/p>\n<p>Europos S\u0105jungos diplomatijos vadov\u0117 pa\u0161maik\u0161tavo kaip tik tuo metu, kai Grenlandijos ir Danijos u\u017esienio reikal\u0173 ministrai buvo susitikime su JAV viceprezidentu J. D. Vance&#8217;u ir valstyb\u0117s sekretoriumi Marco Rubio d\u0117l JAV prezidento Donaldo Trumpo grasinim\u0173 perimti Arkties salos kontrol\u0119.<\/p>\n<p>Neramumai Irane<\/p>\n<p>    <img decoding=\"async\" src=\"https:\/\/www.europesays.com\/lt\/wp-content\/uploads\/2026\/01\/1a703a97-b5b0-44ff-8cb2-9e9a13af7144.jpg\" loading=\"lazy\" alt=\"U\u017efiksuota, kiap Irano saugumo paj\u0117gos panaudojo a\u0161arines dujas\"\/>           <\/p>\n<p>\u201eMes kalbame apie ekonominio nepasitenkinimo i\u0161rai\u0161k\u0105, kuri, \u017einoma, turi vietomis ir politin\u012f, ideologin\u012f atspalv\u012f. Bandoma spekuliuoti nuverstojo monarcho s\u016bnaus gr\u012f\u017eimu, kas, mano galva, yra juokinga ir pateti\u0161ka, nes iranie\u010diai tikrai nenori, kad b\u016bt\u0173 atkurta monarchija\u201c, \u2013 sak\u0117 E. Ra\u010dius.<\/p>\n<p>Profesorius nemano, kad Iranui ar pa\u010dioms JAV b\u016bt\u0173 palankus scenarijus, jeigu JAV prezidentas Donaldas Trumpas nuspr\u0119st\u0173 susidoroti su dabartiniu re\u017eimu.<\/p>\n<p>\u201eBet galvojant ne per JAV, o per prezidento perspektyv\u0105, tai jam svarbu, kad jis, kai kada nors baigs savo kadencij\u0105 arba \u201epad\u0117s \u0161auk\u0161t\u0105\u201c anks\u010diau, \u017evelgdamas i\u0161, kur jis ten bebus \u2013 ar i\u0161 daus\u0173, ar i\u0161 pragaro \u2013 sakys: \u201e\u017ei\u016br\u0117kit, kiek a\u0161 daug nuveikiau\u201c. (\u2026)<\/p>\n<p>Jokiu b\u016bdu nei\u0161brauk\u010diau tikimyb\u0117s, kad ka\u017ekuri\u0105 dien\u0105 su\u017einosime, kad JAV \u012fsiki\u0161o, bet ne tokiu bombardavimu, kok\u012f atliko, bet b\u016btent su specialiosiomis paj\u0117gomis, kurios tiesiog atvykt\u0173, susidorot\u0173 (suimt\u0173 ar nu\u017eudyt\u0173) ir atrodyt\u0173, kad viskas. Bet tai \u2013 ne viskas, tai b\u016bt\u0173 tik pati prad\u017eia\u201c, \u2013 kalb\u0117jo E. Ra\u010dius.<\/p>\n<p>Demografiniai i\u0161\u0161\u016bkiai<\/p>\n<p>    <img decoding=\"async\" src=\"https:\/\/www.europesays.com\/lt\/wp-content\/uploads\/2026\/01\/8f0d5828-33ae-4b53-8308-6f2e1b8f38c7.jpg\" loading=\"lazy\" alt=\"Vilnius\"\/>      <\/p>\n<p>Ekonomistas savo \u012fra\u0161e feisbuke \u012fvertino, kad Lietuvoje 2025 metais gim\u0117 vos 17,5 t\u016bkst. vaik\u0173 (palyginimui, 2015 metais Lietuvoje buvo gim\u0119 30,0 t\u016bkst. vaik\u0173), o suminis gimstamumo rodiklis nukrito iki 1,0. Tai, jei gimstamumo rodiklis Lietuvoje i\u0161likt\u0173 toks, koks buvo 2025 metais, viena moteris per savo gyvenim\u0105 pagimdyt\u0173 vos po vien\u0105 vaik\u0105.<\/p>\n<p>\u201ePriminsiu, kad siekiant u\u017etikrinti kart\u0173 kait\u0105 \u0161is rodiklis tur\u0117t\u0173 siekti 2,1. Tad Lietuva, to nenor\u0117dama, fakti\u0161kai pasiek\u0117 vieno vaiko politikos tiksl\u0105 (Kinijos Liaudies Respublika 1979-2015 metais taik\u0117 vieno vaiko politik\u0105 siekdama sul\u0117tinti gyventoj\u0173 skai\u010diaus augim\u0105)\u201c, \u2013 ra\u0161\u0117 \u017d. Mauricas.<\/p>\n<p><a rel=\"noopener nofollow\" target=\"_blank\" href=\"https:\/\/www.delfi.lt\/temos\/demografine-krize\" data-rel-date-range=\"[]\">Demografin\u0117<\/a> savi\u017eudyb\u0117 \u2013 \u0161is terminas taikliai apib\u016bdina naujausius Lietuvos <a rel=\"noopener nofollow\" target=\"_blank\" href=\"https:\/\/www.delfi.lt\/temos\/gimstamumas\" data-rel-date-range=\"[]\">gimstamumo<\/a> duomenis, teig\u0117 jis.<\/p>\n<p>Valdan\u010diosios koalicijos ateitis<\/p>\n<p>    <img decoding=\"async\" src=\"https:\/\/www.europesays.com\/lt\/wp-content\/uploads\/2026\/01\/8f6044d6-c3c2-4d09-af71-ef6270957fce.jpg\" loading=\"lazy\" alt=\"Remigijus \u017demaitaitis, Aurelijus Veryga, Mindaugas Sinkevi\u010dius, Inga Ruginien\u0117 \"\/>        <\/p>\n<p>\u201eN\u0117ra gerai ir savo po\u017ei\u016br\u012f mes jau i\u0161sak\u0117me. Pats Remigijus \u017demaitaitis \u017eino, kad tai buvo privati kelion\u0117, asmeninis vizitas. Kita vertus, jis taip pat sako, jog i\u0161vyko Vengrijos u\u017esienio reikal\u0173 ministro kvietimu. Matome ir Lietuvos valstybines v\u0117liavas. Taigi, ir protokolin\u0117mis, ir kitomis prasm\u0117mis tai tampa nebe priva\u010diu vizitu, tai yra oficialus vizitas\u201c, \u2013 <a rel=\"noopener follow nofollow\" target=\"_blank\" href=\"https:\/\/www.delfi.lt\/naujienos\/lietuvoje\/motuzas-toks-koalicijos-partneris-mums-netinka-120198089\" data-rel-date-range=\"[]\">\u017eurnalistams Seime teig\u0117 U\u017esienio reikal\u0173 komiteto (URK) pirmininkas Remigijus Motuzas.<\/a><\/p>\n<p>\u201e\u017dinoma, kad netinka (koalicijos partneris \u2013 ELTA). Mes apie tai kalbame ir vie\u0161ai parei\u0161k\u0117me savo po\u017ei\u016br\u012f. \u010cia buvo dar tik ketinimai, bet toks po\u017ei\u016bris, tokia kryptis mums nepatinka (&#8230;)\u201c, \u2013 akcentavo jis. <\/p>\n<p>Socialdemokrat\u0173 partijos pirmininkas <a rel=\"noopener nofollow\" target=\"_blank\" href=\"https:\/\/www.delfi.lt\/temos\/mindaugas-sinkevicius\" tag-id=\"49717928\">Mindaugas Sinkevi\u010dius<\/a> \u0161i\u0105 savait\u0119 taip pat pripa\u017eino, jog nerimas d\u0117l \u0161io klausimo bendrapartie\u010di\u0173 gretose pastaruoju metu ne sl\u016bgsta, o auga. Bet pana\u0161u, kad socialdemokratai sprendimo d\u0117l koalicijos ateities dar neturi.<\/p>\n<p>Paklausta apie koalicijos su \u201eau\u0161rie\u010diais\u201c ateit\u012f, LSDP frakcijos seni\u016bn\u0117 O. Leiput\u0117 teig\u0117, kad partijoje \u0161iuo klausimu nuomon\u0117s i\u0161siskiria, tod\u0117l dabar, tarpsesijiniu laikotarpiu, yra geras laikas tai aptarti su skirtingais partijos skyriais.<\/p>\n<p>Vadovybei teko raudonuoti d\u0117l Andriukai\u010dio \u017eod\u017ei\u0173<\/p>\n<p>    <img decoding=\"async\" src=\"https:\/\/www.europesays.com\/lt\/wp-content\/uploads\/2026\/01\/1768741719_40_d599202e-f6da-4c9f-b239-b3b441bb5c53.jpg\" loading=\"lazy\" alt=\"V. P. Andriukaitis ir E. Jakilaitis\"\/>        <\/p>\n<p>Kalb\u0117damas apie b\u016btinyb\u0119 diskutuoti, V. P. Andriukaitis teig\u0117 negalintis patik\u0117ti, kad tarpusavio susiprie\u0161inimas pasiek\u0117 lyg\u012f, kai diskutuojuama apie laisvo \u017eod\u017eio var\u017eym\u0105.<\/p>\n<p>\u201eTarpusavio susiprie\u0161inimo kontekstas dabar tarp atskir\u0173 grupi\u0173 yra netgi d\u0117l, nepatik\u0117siu, \u017eod\u017eio \u201elaisva spauda\u201c. Klausykite, \u010dia ne apie laisv\u0105 spaud\u0105 eina kalba. Niekas laisvam \u017eod\u017eiui niekuo negrasina. Jeigu b\u016bt\u0173 mano valia, a\u0161 ir Baud\u017eiamojo kodekso patais\u0173, u\u017e kurias dabar Algirdas Paleckis s\u0117di kal\u0117jime, neb\u016b\u010diau si\u016bl\u0119s. Jis yra politinis kalinys. Jis absoliu\u010diai niekuo nepavojingas, bet padaryti i\u0161 jo \u0161nip\u0105 ir baub\u0105\u2026\u201c \u2013 E. Jakilai\u010dio tinklalaid\u0117je kalb\u0117jo politikas.<\/p>\n<p>Premjer\u0117 Inga Ruginien\u0117 teig\u0117 net nenorinti komentuoti toki\u0173 teigini\u0173.<\/p>\n<p>\u201eKartais tam tikr\u0173 komentar\u0173 net nenoriu komentuoti. Jeigu mes dabar prad\u0117sime svaidytis dar ir tokiais vertinimais, tai kuo mes skiriam\u0117s nuo Rusijos? Man atrodo, niekuo\u201c, \u2013 tre\u010diadien\u012f \u017eurnalistams Vyriausyb\u0117je kalb\u0117jo I. Ruginien\u0117.<\/p>\n<p>Pagrindo bet kokioms diskusijoms d\u0117l Algirdo Paleckio statuso n\u0117ra, sak\u0117 ir valdan\u010diosios Lietuvos socialdemokrat\u0173 partijos (LSDP) pirmininkas M. Sinkevi\u010dius reaguodamas \u012f savo partie\u010dio, garb\u0117s pirmininko pasisakym\u0105.<\/p>\n<p>Sabatauskas liks Seime<\/p>\n<p>    <img decoding=\"async\" src=\"https:\/\/www.europesays.com\/lt\/wp-content\/uploads\/2026\/01\/efbdc906-75e6-496f-a629-da802c755750.jpg\" loading=\"lazy\" alt=\"Julius Sabatauskas\"\/>           <\/p>\n<p>\u012evardindamas sprendimo motyvus KT pirmininkas Gintaras Goda teig\u0117, kad reikalavimai kandidatams \u012f KT nurodyti pa\u010dioje Konstitucijoje. Be teisininko i\u0161silavinimo, reikalaujama tur\u0117ti 10 met\u0173 teisinio darbo pagal teisininko specialyb\u0119 sta\u017e\u0105.<\/p>\n<p>\u0160is sta\u017eas, ai\u0161kino jis, pradedamas kaupti tada, kai asmuo \u012fgyja teisin\u012f i\u0161silavinim\u0105 ir pradeda dirbti pagal teisininko specialyb\u0119.<\/p>\n<p>Ta\u010diau Seimo narys pagal Konstitucij\u0105 yra profesionalus politikas \u2013 darbas Seime yra jo profesin\u0117 veikla. KT pirmininko teigimu, pretendentams \u012f Seimo narius n\u0117ra nustatyti profesin\u0117s patirties ar i\u0161silavinimo reikalavimai, jie gali i\u0161vis j\u0173 netur\u0117ti.<\/p>\n<p>\u201eTeisinis i\u0161silavinimas yra siejamas su nuosekliai baigtomis teis\u0117s studijomis. Kitaip sakant, J. Sabatauskas \u0161iuo atveju galb\u016bt neatitiko ne tik teisinio darbo sta\u017eo reikalavimo, bet ir to, kad jo studijos nebuvo nuosekliai baigtos. Jis vienu metu studijavo pagal bakalauro ir pagal magistro programas.\u201c<\/p>\n<p>Pa\u0161nekovas paai\u0161kino, kuo \u0161is aspektas svarbus ne tik konkre\u010diu J. Sabatausko atveju.<\/p>\n<p>\u201e\u0160itas pasakymas lie\u010dia ir visus tuos teisininkus, kurie gali b\u016bti baig\u0119 pirmiau teis\u0117s magistro studijas, jeigu jau tur\u0117jo kok\u012f nors kit\u0105 auk\u0161t\u0105j\u012f i\u0161silavinim\u0105, o tik v\u0117liau baig\u0117 teis\u0117s bakalauro studijas, kad tur\u0117t\u0173 vis\u0105 i\u0161silavinim\u0105\u201c, \u2013 kalb\u0117jo E. K\u016bris.<\/p>\n<p>LRT administracijos paslydimas<\/p>\n<p>    <img decoding=\"async\" src=\"https:\/\/www.europesays.com\/lt\/wp-content\/uploads\/2026\/01\/dd7a1302-8108-44fc-b3c7-4638a041af9e.jpg\" loading=\"lazy\" alt=\" Monika Garba\u010diauskait\u0117-Budrien\u0117\"\/>          <\/p>\n<p>LRT Tarybos pirmininkas Mindaugas Jurkynas i\u0161sak\u0117 savo asmenin\u0119 nuomon\u0119, kad po \u0161io sprendimo LRT generalin\u0117 direktor\u0117 Monika Garba\u010diauskait\u0117-Budrien\u0117 tur\u0117t\u0173 atsistatydinti, nes tai yra galimos cenz\u016bros aprai\u0161kos.<\/p>\n<p>LRT Taryba \u0161ia tema diskutuos per pos\u0117d\u012f sausio 20 dien\u0105.<\/p>\n<p>Naujausi reitingai: pana\u0161u, valdantieji dugn\u0105 jau pasiek\u0117<\/p>\n<p>    <img decoding=\"async\" src=\"https:\/\/www.europesays.com\/lt\/wp-content\/uploads\/2026\/01\/5b0e8d7f-26e0-4d34-9761-8e56d8094cd6.jpg\" loading=\"lazy\" alt=\"Mindaugas Sinkevi\u010dius\"\/>    <\/p>\n<p>Na, ir pabaigai \u2013 naujausi \u201eDelfi\u201c u\u017esakymu, bendrov\u0117s \u201eSpinter tyrimai\u201c atlikti politiniai reitingai.<\/p>\n<p>Kaip pasteb\u0117jo \u201eSpinter tyrim\u0173\u201c vadovas sociologas <a rel=\"noopener nofollow\" target=\"_blank\" href=\"https:\/\/www.delfi.lt\/temos\/ignas-zokas\" data-rel-date-range=\"[]\">Ignas Zokas<\/a>, nepaisant to, kad gruod\u012f politinis gyvenimas \u0161alyje buvo itin aktyvus, reik\u0161mingesni\u0173 poky\u010di\u0173 politini\u0173 partij\u0173 palaikymo tendencijose ne\u012fvyko.<\/p>\n<p>\u201eAtrodo, daugiau \u017emoni\u0173 renkasi apskritai atsiriboti nuo politikos, nebeparemti vienos ar kitos politin\u0117s j\u0117gos. Taip pat \u0161iek tiek atsigavo Vyriausyb\u0117s vertinimas\u201c, \u2013 komentavo I. Zokas.<\/p>\n","protected":false},"excerpt":{"rendered":"Ketvirtadienio popiet\u0119 \u012f Lazdij\u0173 vie\u0161osios bibliotekos sal\u0119 susirinko kelios de\u0161imtys rajono gyventoj\u0173, negavusi\u0173 kvietim\u0173 \u012f vos valanda v\u0117liau&hellip;\n","protected":false},"author":2,"featured_media":86535,"comment_status":"","ping_status":"","sticky":false,"template":"","format":"standard","meta":{"footnotes":""},"categories":[13],"tags":[25,30,31,34,35,24,2588,32,33,37,39,36,38,40,354,23,22,28,29,68,4029,26,27],"class_list":{"0":"post-86534","1":"post","2":"type-post","3":"status-publish","4":"format-standard","5":"has-post-thumbnail","7":"category-lietuva","8":"tag-antrastes","9":"tag-breaking-news","10":"tag-breakingnews","11":"tag-featured-news","12":"tag-featurednews","13":"tag-headlines","14":"tag-kaja-kallas","15":"tag-latest-news","16":"tag-latestnews","17":"tag-lietuva","18":"tag-lietuviu","19":"tag-lithuania","20":"tag-lithuanian","21":"tag-lt","22":"tag-mindaugas-sinkevicius","23":"tag-naujienos","24":"tag-news","25":"tag-populiariausios-naujienos","26":"tag-populiariausiosnaujienos","27":"tag-remigijus-zemaitaitis","28":"tag-savaites-ivykiai","29":"tag-top-stories","30":"tag-topstories"},"share_on_mastodon":{"url":"https:\/\/pubeurope.com\/@lt\/115916262859267542","error":""},"_links":{"self":[{"href":"https:\/\/www.europesays.com\/lt\/wp-json\/wp\/v2\/posts\/86534","targetHints":{"allow":["GET"]}}],"collection":[{"href":"https:\/\/www.europesays.com\/lt\/wp-json\/wp\/v2\/posts"}],"about":[{"href":"https:\/\/www.europesays.com\/lt\/wp-json\/wp\/v2\/types\/post"}],"author":[{"embeddable":true,"href":"https:\/\/www.europesays.com\/lt\/wp-json\/wp\/v2\/users\/2"}],"replies":[{"embeddable":true,"href":"https:\/\/www.europesays.com\/lt\/wp-json\/wp\/v2\/comments?post=86534"}],"version-history":[{"count":0,"href":"https:\/\/www.europesays.com\/lt\/wp-json\/wp\/v2\/posts\/86534\/revisions"}],"wp:featuredmedia":[{"embeddable":true,"href":"https:\/\/www.europesays.com\/lt\/wp-json\/wp\/v2\/media\/86535"}],"wp:attachment":[{"href":"https:\/\/www.europesays.com\/lt\/wp-json\/wp\/v2\/media?parent=86534"}],"wp:term":[{"taxonomy":"category","embeddable":true,"href":"https:\/\/www.europesays.com\/lt\/wp-json\/wp\/v2\/categories?post=86534"},{"taxonomy":"post_tag","embeddable":true,"href":"https:\/\/www.europesays.com\/lt\/wp-json\/wp\/v2\/tags?post=86534"}],"curies":[{"name":"wp","href":"https:\/\/api.w.org\/{rel}","templated":true}]}}