{"id":86581,"date":"2026-01-18T14:34:08","date_gmt":"2026-01-18T14:34:08","guid":{"rendered":"https:\/\/www.europesays.com\/lt\/86581\/"},"modified":"2026-01-18T14:34:08","modified_gmt":"2026-01-18T14:34:08","slug":"gajauskaite-vel-teisme-kaltinama-seniunes-smeizimu","status":"publish","type":"post","link":"https:\/\/www.europesays.com\/lt\/86581\/","title":{"rendered":"Gajauskait\u0117 v\u0117l teisme: kaltinama seni\u016bn\u0117s \u0161mei\u017eimu"},"content":{"rendered":"<p>\u0160iauli\u0173 apylink\u0117s teismo pirmininko pad\u0117j\u0117ja ry\u0161iams su \u017einiasklaida ir visuomene Nijol\u0117 Damul\u0117 Elt\u0105 informavo, kad per pos\u0117d\u012f tre\u010diadien\u012f prokuroras paskelb\u0117 kaltinam\u0105j\u012f akt\u0105, parodymus dav\u0117 kaltinamoji I. Gajauskait\u0117 ir nukent\u0117jusioji, Me\u0161kui\u010di\u0173 seni\u016bnijos seni\u016bn\u0117 Jolanta Ba\u0161kien\u0117.<\/p>\n<p>\u201eKaltinamoji I. Gajauskait\u0117 teismui nurod\u0117, kad ji pos\u0117dyje dalyvaus be advokato. Ji kaip ir per ikiteismin\u012f tyrim\u0105, taip ir teismo pos\u0117dyje, savo kalt\u0117s nepripa\u017eino\u201c, \u2013 Eltai sak\u0117 teismo atstov\u0117.\u00a0<\/p>\n<p>I. Gajauskait\u0117 kaltinama, kad 2025 m. baland\u017eio 13 d. per socialinius tinklus paskleid\u0117 tikrov\u0117s neatitinkan\u010di\u0105, paniekinan\u010di\u0105, pa\u017eeminan\u010di\u0105 informacij\u0105, kuri pakerta \u00a0pasitik\u0117jim\u0105 asmeniu ir valstyb\u0117s tarnautoja. I. Gajauskait\u0117 kaltinama \u0161mei\u017eusi Me\u0161kui\u010di\u0173 seni\u016bnijos seni\u016bn\u0119 J. Ba\u0161kien\u0119, neva \u0161i \u0117m\u0117 ky\u0161ius, vog\u0117 \u017eemes, \u017eiauriai elg\u0117si su gyv\u016bnu \u2013 es\u0105 j\u012f nu\u017eud\u0117.<\/p>\n<p>\u201eBrangi, i\u0161 antro galo, seni\u016bne, Jolanta Ba\u0161kien\u0117, kuri jau daugiau nei 20 met\u0173 s\u0117dit, giminait\u0117s, Seimo nar\u0117s, Skvernelio partijos Rimos Ba\u0161kien\u0117s, pastatyta. Ir kuri nieko jau senai nedaro gero Me\u0161kui\u010di\u0173 miestelio \u017emon\u0117ms, o tik savinasi per \u012fvairiausius nereikalingus projektus (apie kurios neu\u017eilgo \u012fd\u0117siu video, nes vien tokius projektus sustabd\u017eius valstyb\u0117s biud\u017eete atsirastu keli ar keliasde\u0161imt papildom\u0173 milijon\u0173, ko pasekoje nereikt\u0173 \u017emon\u0117ms kelti mokes\u010dius) plauna pinigus, u\u017e ky\u0161ius i\u0161 kit\u0173 \u017emoni\u0173, net ne\u012fsp\u0117jus \u017eemes nachali\u0161kai atima. Jau nekalbu net apie tokius paprastus dalykus, kaip \u017eem\u0117s vogim\u0105, kuri po naujojo asfalto tiesimo prie\u0161 beveik jau du metus Taikos g. Me\u0161kui\u010di\u0173 miestelyje, \u0160iauli\u0173 rajone taip ir liko kelkra\u0161\u010diai be \u017eemi\u0173. Kur \u017eem\u0117s Ba\u0161kiene ar savo sodui pritr\u016bkai? Ar jau tokie ubagai esat, kad net \u017eemes reikia vogti?\u201c, \u201eIlgesnis video gavosi, tai \u010dia savo youtube kanale \u012fd\u0117jau\u201c, \u2013 socialiniame tinkle paskelbtame garso \u012fra\u0161e sak\u0117 I. Gajauskait\u0117.<\/p>\n<p>\u201eGero klausymo ir gra\u017eios dienos visiems, o seni\u016bnei Jolantai Ba\u0161kienei, laukiam kada gr\u0105\u017einsit pavogtas \u017eemes tiek i\u0161 mano t\u0117v\u0173, tiek nuo sutvarkytos gatv\u0117s kelkra\u0161\u010dius, kurio jau du metus nebaigiat sutvarkyti!!!\u201c, \u201eLink\u0117jimai m\u016bs\u0173 Me\u0161kui\u010di\u0173 seni\u016bnei, aferistei ir vagilkai Jolantai Ba\u0161kienei, Skvernelio ir valstie\u010di\u0173 partijos atstovei ir parsidav\u0117lei, kuri dirba tam kas jai daugiau moka!!\u201c \u2013 teig\u0117 ji.<\/p>\n<p>Kaltinamoji teismui nurod\u0117, kad konfliktas su seni\u016bne prasid\u0117jo d\u0117l \u017eem\u0117s, kuri\u0105 daug met\u0173 jos t\u0117vai dirbo, mama kasmet seni\u016bnijoje deklaruodavo pas\u0117lius. Ta\u010diau v\u0117liau paai\u0161k\u0117jo, kad valstybin\u0117s \u017eem\u0117s lopin\u0117lis jau i\u0161nuomotas stambiam \u016bkininkui.<\/p>\n<p>Kaltinamoji teig\u0117, kad t\u0117vai tur\u0117jo b\u016bti informuoti, jog \u017eem\u0117 bus i\u0161nuomota, ta\u010diau jie jokios informacijos negavo, I. Gajauskait\u0117 mano, kad jos t\u0117vams tur\u0117jo b\u016bti taikoma pirmenyb\u0117, nes valstybin\u0117s \u017eem\u0117s lopin\u0117lis yra \u012fsiterp\u0119s tarp jos t\u0117v\u0173 \u017eemi\u0173, o seni\u016bn\u0117 tur\u0117jusi visk\u0105 \u017einoti, nes \u0161iose pareigose dirba 22 metus. I. Gajauskait\u0117 \u012fra\u0161e seni\u016bnei rei\u0161k\u0117 pretenzijas ir d\u0117l gatvi\u0173 tvarkymo, es\u0105 buvo tvarkoma j\u0173 gatv\u0117, nukastos \u017eem\u0117s kelkra\u0161\u010diuose ir i\u0161ve\u017etos, tod\u0117l tikriausiai seni\u016bn\u0117 pavog\u0117 \u017eem\u0119.<\/p>\n<p>Per teismo pos\u0117d\u012f buvo per\u017ei\u016br\u0117tas I. Gajauskait\u0117s vaizdo \u012fra\u0161as. Po per\u017ei\u016bros teis\u0117jas ir prokuroras pateik\u0117 klausimus kaltinamajai.<\/p>\n<p>\u201ePasakiau, k\u0105 pasakiau. (..) Mes galime, turime teis\u0119 reik\u0161ti mintis, emoci\u0161kai kartais tr\u016bksta kantryb\u0117\u201c, \u2013 teisme teig\u0117 I. Gajauskait\u0117, paklausta, kod\u0117l vartojo necenz\u016brin\u0119 leksik\u0105.<\/p>\n<p>Seni\u016bn\u0119 Gajauskait\u0117s i\u0161puolis i\u0161g\u0105sdino<\/p>\n<p>Seni\u016bn\u0117 teismui sak\u0117, kad d\u0117l Gajauskait\u0117s grasinim\u0173 ilgai dels\u0117 kreiptis \u012f teis\u0117saug\u0105, ramino save, ta\u010diau, kuomet moteris pasak\u0117, \u201ekai susitiksim, melskis\u201c, i\u0161sigando ir kreip\u0117si \u012f policij\u0105.<\/p>\n<p>\u201eBijau. Jei pamaty\u010diau, kad ji eina \u0161aligatviu, perei\u010diau \u012f kit\u0105 gatv\u0117s pus\u0119\u201c, \u2013 teisme pripa\u017eino Me\u0161kui\u010di\u0173 seni\u016bn\u0117.<\/p>\n<p>J. Ba\u0161kien\u0117 pasakojo, kad nemalonumai prasid\u0117jo 2021 m. rugpj\u016b\u010dio m\u0117nes\u012f. Pasak jos, seni\u016bnijoms n\u0117ra priskirtas valstybini\u0173 \u017eemi\u0173 pardavimas, nuoma, tuo u\u017esiima Nacionalin\u0117 \u017eem\u0117tvarkos tarnyba. Gajauskai naudojosi \u017eem\u0117s sklypu, kasmet seni\u016bnijoje deklaruodavo pas\u0117lius. Seni\u016bnijos \u017eem\u0117tvarkos specialist\u0117 kiekvien\u0105kart informuodavo juos, kad nuvykt\u0173 \u012f \u017dem\u0117tvarkos tarnyb\u0105 ir susitvarkyt\u0173 dokumentus d\u0117l valstybin\u0117s \u017eem\u0117s \u016bkio paskirties \u017eem\u0117s nuomos, tam reikia para\u0161yti pra\u0161ym\u0105.\u00a0<\/p>\n<p>Seni\u016bn\u0117s teigimu, I. Gajauskait\u0117s t\u0117vai nesusitvark\u0117 dokument\u0173. Valstybin\u0117s \u017eem\u0117s nuomos sutart\u012f sudar\u0117 M. Gilys.<\/p>\n<p>Kalb\u0117dama apie jai mestus kaltinimus d\u0117l \u017eem\u0117s i\u0161ve\u017eimo nukent\u0117jusioji pasakojo, kad keli\u0173 asfaltavimu ir tvarkymu r\u016bpinasi \u0160iauli\u0173 rajono savivaldyb\u0117. Kelkra\u0161\u010diuose buvusi \u017eem\u0117 i\u0161ve\u017eta ir supilta \u012f \u016bkininko \u017eem\u0119, gatv\u0117 buvo sutvarkyta pagal parengt\u0105 projekt\u0105.<\/p>\n<p>Moteris steb\u0117josi jai mestais kaltinimais d\u0117l \u017eiauraus elgesio su gyv\u016bnu.<\/p>\n<p>\u201eApie u\u017emu\u0161t\u0105 \u0161uniuk\u0105 ir ka\u010diuk\u0105 su\u017einojau i\u0161 kaltinamosios\u201c, \u2013\u00a0 sak\u0117 J. Ba\u0161kien\u0117.<\/p>\n<p>Kitame pos\u0117dyje sausio 28 d. bus apklausiami liudytojai.<\/p>\n<p>    <img decoding=\"async\" src=\"https:\/\/www.europesays.com\/lt\/wp-content\/uploads\/2026\/01\/47e72900-7282-11ed-ba86-dbedd85c58c5.jpg\" loading=\"lazy\" alt=\"\u0160iauli\u0173 apylink\u0117s teismas\"\/>    <\/p>\n<p>ELTA primena, kad \u0160iauli\u0173 teismas nagrin\u0117ja dar vien\u0105 I. Gajauskait\u0117s byl\u0105, ji kaltinama pasik\u0117sinimu organizuoti riau\u0161es, kurstymu prie\u0161 bet kokios tautos, ras\u0117s, etnin\u0119, religin\u0119 ar kitoki\u0105 \u017emoni\u0173 grup\u0119 bei fizinio skausmo suk\u0117limu artimam giminai\u010diui. Moteris yra pa\u0161alinta i\u0161 \u0161ios bylos nagrin\u0117jimo d\u0117l savo nederamo elgesio, byl\u0105 teismas nagrin\u0117ja kaltinamajai nedalyvaujant.<\/p>\n<p>\u0160ios bylos duomenimis, socialinio tinklo \u201eFacebook\u201c asmenin\u0117je savo vardu sukurtoje paskyroje I. Gajauskait\u0117 paskelb\u0117 33 minu\u010di\u0173 trukm\u0117s vaizdo \u012fra\u0161\u0105 ir jame atvirai kviet\u0117 smurtauti prie\u0161 2024 met\u0173 spalio 11 dien\u0105 Vilniuje, buvusio Luki\u0161ki\u0173 kal\u0117jimo teritorijoje, vyksian\u010di\u0173 Seimo rinkimuose dalyvaujan\u010di\u0173 politini\u0173 partij\u0173 ir s\u0105ra\u0161\u0173 lyderi\u0173 debatuose dalyvaujan\u010dius ir juos organizuojan\u010dius asmenis.<\/p>\n<p>Tuomet\u0117 Tautos ir teisingumo s\u0105jungos (centristai, tautininkai) <a rel=\"noopener nofollow\" target=\"_blank\" href=\"https:\/\/www.delfi.lt\/temos\/kandidatai-i-seima\" tag-id=\"74075092\">kandidat\u0117 \u012f Seim\u0105<\/a> I. Gajauskait\u0117 socialiniame tinkle \u201eFacebook\u201c taip pat pavie\u0161ino vaizdo \u012fra\u0161\u0105, kuriame vie\u0161ai kviet\u0117 \u017emones atvykti \u012f \u00a0rengiamus Seimo debatus, pasiimti su savimi beisbolo lazdas, \u0161akes, dalgius ir juos panaudoti \u201esusidorojimui\u201c. Moteris teig\u0117, kad min\u0117ti debatai \u201egali baigtis tokiomis riau\u0161\u0117mis, kad dar Lietuva nemat\u0117\u201c, v\u0117liau politik\u0117 ragino \u201enelikti abejingais ir patiems padaryti teisingum\u0105\u201c.\u00a0<\/p>\n<p>\u201eKvie\u010diu atsive\u017eti, ne\u017einau, beisbolo lazdas, \u0161akes, dalgius. Nu \u017eod\u017eiu, tai, k\u0105 turite namuose, k\u0105 galima panaudoti susidorojimui tiesioginiam, nes kito kelio, kaip a\u0161 matau, nebeturime\u201c, \u2013 vaizdo \u012fra\u0161e kalb\u0117jo kandidat\u0117 \u012f Seim\u0105 (\u012fra\u0161as netaisytas).<\/p>\n<p>Po \u0161i\u0173 vie\u0161\u0173 parei\u0161kim\u0173 policija prad\u0117jo ikiteismin\u012f tyrim\u0105, \u0161iauliet\u0117 sulauk\u0117 \u012ftarim\u0173.<\/p>\n","protected":false},"excerpt":{"rendered":"\u0160iauli\u0173 apylink\u0117s teismo pirmininko pad\u0117j\u0117ja ry\u0161iams su \u017einiasklaida ir visuomene Nijol\u0117 Damul\u0117 Elt\u0105 informavo, kad per pos\u0117d\u012f tre\u010diadien\u012f&hellip;\n","protected":false},"author":2,"featured_media":86582,"comment_status":"","ping_status":"","sticky":false,"template":"","format":"standard","meta":{"footnotes":""},"categories":[13],"tags":[25,30,31,34,35,24,9501,18169,32,33,37,39,36,38,40,23,22,28,29,894,3933,26,27,369],"class_list":{"0":"post-86581","1":"post","2":"type-post","3":"status-publish","4":"format-standard","5":"has-post-thumbnail","7":"category-lietuva","8":"tag-antrastes","9":"tag-breaking-news","10":"tag-breakingnews","11":"tag-featured-news","12":"tag-featurednews","13":"tag-headlines","14":"tag-irma-gajauskaite","15":"tag-kandidatai-i-seima","16":"tag-latest-news","17":"tag-latestnews","18":"tag-lietuva","19":"tag-lietuviu","20":"tag-lithuania","21":"tag-lithuanian","22":"tag-lt","23":"tag-naujienos","24":"tag-news","25":"tag-populiariausios-naujienos","26":"tag-populiariausiosnaujienos","27":"tag-riauses","28":"tag-smeiztas","29":"tag-top-stories","30":"tag-topstories","31":"tag-zinios-is-regionu"},"share_on_mastodon":{"url":"https:\/\/pubeurope.com\/@lt\/115916600930076879","error":""},"_links":{"self":[{"href":"https:\/\/www.europesays.com\/lt\/wp-json\/wp\/v2\/posts\/86581","targetHints":{"allow":["GET"]}}],"collection":[{"href":"https:\/\/www.europesays.com\/lt\/wp-json\/wp\/v2\/posts"}],"about":[{"href":"https:\/\/www.europesays.com\/lt\/wp-json\/wp\/v2\/types\/post"}],"author":[{"embeddable":true,"href":"https:\/\/www.europesays.com\/lt\/wp-json\/wp\/v2\/users\/2"}],"replies":[{"embeddable":true,"href":"https:\/\/www.europesays.com\/lt\/wp-json\/wp\/v2\/comments?post=86581"}],"version-history":[{"count":0,"href":"https:\/\/www.europesays.com\/lt\/wp-json\/wp\/v2\/posts\/86581\/revisions"}],"wp:featuredmedia":[{"embeddable":true,"href":"https:\/\/www.europesays.com\/lt\/wp-json\/wp\/v2\/media\/86582"}],"wp:attachment":[{"href":"https:\/\/www.europesays.com\/lt\/wp-json\/wp\/v2\/media?parent=86581"}],"wp:term":[{"taxonomy":"category","embeddable":true,"href":"https:\/\/www.europesays.com\/lt\/wp-json\/wp\/v2\/categories?post=86581"},{"taxonomy":"post_tag","embeddable":true,"href":"https:\/\/www.europesays.com\/lt\/wp-json\/wp\/v2\/tags?post=86581"}],"curies":[{"name":"wp","href":"https:\/\/api.w.org\/{rel}","templated":true}]}}