{"id":86762,"date":"2026-01-18T19:59:15","date_gmt":"2026-01-18T19:59:15","guid":{"rendered":"https:\/\/www.europesays.com\/lt\/86762\/"},"modified":"2026-01-18T19:59:15","modified_gmt":"2026-01-18T19:59:15","slug":"pora-viska-mete-ir-apsigyveno-islandijoje-kad-galetu-keliauti","status":"publish","type":"post","link":"https:\/\/www.europesays.com\/lt\/86762\/","title":{"rendered":"Pora visk\u0105 met\u0117 ir apsigyveno Islandijoje, kad gal\u0117t\u0173 keliauti"},"content":{"rendered":"\n<p>Kartu jau 13 met\u0173 esantys Giedr\u0117 ir \u017dilvinas, kalb\u0117dami apie savo keliones, sako, kad j\u0173 tikslas yra parodyti, jog t\u0105 daryti gali kiekvienas \u2013 reikia tik noro.<\/p>\n<p>\u201ePatys kelioni\u0173 prad\u017eioje padar\u0117me begal\u0119 klaid\u0173, ta\u010diau supratome vien\u0105 svarb\u0173 dalyk\u0105 \u2013 norint pa\u017einti pasaul\u012f, neb\u016btina tur\u0117ti daug pinig\u0173, \u2013 pasakoja pora. \u2013 Aktyviai keliauti prad\u0117jome, kai gyvenome Nyderlanduose ir susid\u016br\u0117me su pernelyg greitu gyvenimo tempu. Tai privert\u0117 sustoti, perm\u0105styti vertybes bei u\u017eduoti sau svarbius klausimus.<\/p>\n<p>Ar tikrai tai \u2013 viskas? Ar gyvenimas turi b\u016bti suspaustas \u012f saugi\u0105, stabili\u0105 d\u0117\u017eut\u0119? Ar tikrai privalome gyventi taip, kaip buvome mokyti t\u0117v\u0173 namuose? \u0160ie klausimai mus atved\u0117 prie dr\u0105saus sprendimo \u2013 visk\u0105 mesti bei leistis pa\u017einti pasaul\u012f.\u201c<\/p>\n<p>       <img decoding=\"async\" src=\"https:\/\/www.europesays.com\/lt\/wp-content\/uploads\/2026\/01\/5ba4b902-7cd1-4648-bf75-beba140c0171.jpg\" loading=\"lazy\" alt=\"Giedr\u0117 ir \u017dilvinas Luniai keliavo Omane\"\/>    <\/p>\n<p>Portalui \u201eDelfi\u201c Giedr\u0117 ir \u017dilvinas papasakojo, kaip gyvenimas juos nuved\u0117 \u012f Islandij\u0105, kokius \u012fdomius kra\u0161tus jau i\u0161tyrin\u0117jo bei kuo su\u017eav\u0117jo turist\u0173 kol kas dar neatrastas <a rel=\"noopener nofollow\" target=\"_blank\" href=\"https:\/\/www.delfi.lt\/temos\/omanas\" tag-id=\"21801787\">Omanas<\/a>.<\/p>\n<p>\u2013 Papasakokite, kaip atsid\u016br\u0117te Islandijoje ir kada prad\u0117jote aktyviai keliauti?<\/p>\n<p>\u2013 Nor\u0117dami kuo grei\u010diau prad\u0117ti savo gyvenimo kelion\u0119, ie\u0161kojome vietos, kur b\u016bt\u0173 galima greitai ir stabiliai u\u017esidirbti. <a rel=\"noopener nofollow\" target=\"_blank\" href=\"https:\/\/www.delfi.lt\/temos\/islandija\" tag-id=\"21801565\">Islandija<\/a> pasirod\u0117 tinkamiausias pasirinkimas. I\u0161 draug\u0173 ir pa\u017e\u012fstam\u0173 gird\u0117jome, kad atlyginimai \u010dia, palyginti su kitomis Europos \u0161alimis, yra geri, o galimyb\u0117 sutaupyti \u2013 reali.<\/p>\n<p>Be to, buvome gird\u0117j\u0119, jog Islandija pasi\u017eymi \u012fsp\u016bdinga gamta, k\u0105 dabar galime patvirtinti 100 proc.<\/p>\n<p>Keliauti prad\u0117jome po met\u0173 darbo Islandijoje. \u012e savo pirm\u0105j\u0105 ilg\u0105 kelion\u0119 po Azij\u0105 leidom\u0117s 2023 m. vasario 6 d., kur praleidome 6 m\u0117nesius. Po kelion\u0117s gr\u012f\u017eome \u012f Islandij\u0105 ir nuo tada, gyvendami \u010dia, nuolat leid\u017eiam\u0117s \u012f vis naujas ilgas keliones.<\/p>\n<p>\u2013 Kaip da\u017enai leid\u017eiat\u0117s \u012f keliones? Kokius \u012fdomiausius kra\u0161tus jau esate aplank\u0119?<\/p>\n<p>\u2013 Per metus \u012f keliones i\u0161vykstame apie 6 kartus. Vienos kelion\u0117s b\u016bna trumpesn\u0117s, kitos \u2013 ilgesn\u0117s, trunkan\u010dios nuo 2 iki 5 savai\u010di\u0173.<\/p>\n<p>Asmeni\u0161kai mums did\u017eiausi\u0105 \u012fsp\u016bd\u012f palikusios \u0161alys yra Omanas, Peru, JAV nacionaliniai parkai ir \u012fsp\u016bdinga gamta, Kuba bei Filipinai. I\u0161 Europos \u0161ali\u0173 labiausiai savo gro\u017eiu su\u017eav\u0117jo Italija \u2013 vieta, kurioje ateityje nor\u0117tume pasenti.<\/p>\n<p>\u2013 Kaip atrodo j\u016bs\u0173 kelion\u0117s \u2013 nuskrendate kur nors bei aktyviai tyrin\u0117jate naujas vietas ar m\u0117gstate ir pasyviai ils\u0117tis?<\/p>\n<p>\u2013 M\u016bs\u0173 kelion\u0117s yra labai aktyvios \u2013 kartais net per daug, iki visi\u0161ko perdegimo. Visgi su kiekviena kelione \u012fgauname daugiau patirties ir vis geriau \u017einome, kada reikia pristabdyti. Trumpai tariant, stengiam\u0117s i\u0161spausti maksimum\u0105. Gul\u0117ti papl\u016bdimyje ir tik ils\u0117tis \u2013 tikrai ne mums. Norime pamatyti, kaip \u017emon\u0117s gyvena, k\u0105 valgo, kokius darbus dirba, pa\u017einti kult\u016br\u0105, papro\u010dius bei, \u017einoma, gamt\u0105.<\/p>\n<p>       <img decoding=\"async\" src=\"https:\/\/www.europesays.com\/lt\/wp-content\/uploads\/2026\/01\/51c71d82-36f8-43ec-a502-8fb62bc29718.jpg\" loading=\"lazy\" alt=\"Giedr\u0117 ir \u017dilvinas Luniai keliavo Omane\"\/>    <\/p>\n<p>\u2013 Viena naujausi\u0173 j\u016bs\u0173 kelioni\u0173 buvo \u012f Oman\u0105. Kaip kilo id\u0117ja ten keliauti?<\/p>\n<p>\u2013 Id\u0117ja kilo \u017dilvinui. Pradinis planas buvo 5 savaites praleisti \u0160ri Lankoje ir Japonijoje, ta\u010diau, kuo daugiau dom\u0117jom\u0117s Omanu, tuo labiau supratome, kad mus labiau traukia gamta nei miestai.<\/p>\n<p>Omanas pasirod\u0117 tobula vieta \u2013 abu dieviname gamt\u0105, m\u0117gstame stovyklauti, be to, labai nor\u0117jome patirti musulmoni\u0161k\u0105 kult\u016br\u0105.<\/p>\n<p>\u2013 Kiek laiko ten buvote? K\u0105 \u012fdomaus sp\u0117jote pamatyti?<\/p>\n<p>\u2013 Omane praleidome 11 dien\u0173. \u012evardyti vien\u0105 \u012fsp\u016bdingiausi\u0105 dalyk\u0105 tiesiog ne\u012fmanoma: pamat\u0117me didingus kalnus, oazes su skaidriu ir \u0161altu vandeniu, dykumas su kupranugariais bei sostin\u0119, kuri i\u0161laiko savit\u0105 architekt\u016brin\u012f stili\u0173 be dangorai\u017ei\u0173.<\/p>\n<p>    <img decoding=\"async\" src=\"https:\/\/www.europesays.com\/lt\/wp-content\/uploads\/2026\/01\/89773ba6-eba3-48bc-a775-99b631dc4b00.jpg\" loading=\"lazy\" alt=\"Giedr\u0117 ir \u017dilvinas Luniai keliavo Omane\"\/>    <\/p>\n<p>\u2013 Kok\u012f \u012fsp\u016bd\u012f jums bendrai paliko Omanas? Ar buvo dalyk\u0173, kurie nustebino, o gal kaip tik nuvyl\u0117?<\/p>\n<p>\u2013 Prie\u0161 kelion\u0119 tur\u0117jome didelius l\u016bkes\u010dius, ta\u010diau nuvykus viskas buvo dar geriau nei tik\u0117jom\u0117s. Gamtos gro\u017eis ir \u012fvairov\u0117 mus tiesiog teigiamai \u0161okiravo. Omanas labai tvarkingas, \u017emon\u0117s \u2013 be galo paslaug\u016bs, da\u017enai kvie\u010dia \u012f savo namus.<\/p>\n<p>Nustebino tobula keli\u0173 kokyb\u0117, radar\u0173 kiekis, labai mandagus vairavimas. Taip pat nesitik\u0117jome, kad gal\u0117sime absoliu\u010diai visur stovyklauti be joki\u0173 apribojim\u0173. Nemokami parkingai bei nemokami \u012f\u0117jimai \u012f daugel\u012f lankytin\u0173 viet\u0173 \u2013 did\u017eiulis pliusas.<\/p>\n<p>Vienintelis nusivylimas \u2013 \u0161altis kalnuose.<\/p>\n<p>\u2013 Kiek teko matyti, keliavote automobiliu, nakvojote palapin\u0117je \u2013 taip dar\u0117te vis\u0105 kelion\u0119 ar tik kur\u012f laik\u0105? Ar ten populiaru taip keliauti, ar tiesiog nor\u0117josi sutaupyti, labiau patirti gamt\u0105?<\/p>\n<p>\u2013 Automobiliu keliavome 10 i\u0161 11 dien\u0173 \u2013 tik paskutin\u0119 nakt\u012f prie\u0161 skryd\u012f praleidome vie\u0161butyje. Toks keliavimo b\u016bdas Omane labai populiarus tiek tarp vietini\u0173, tiek tarp turist\u0173.<\/p>\n<p>Mums svarbiausia buvo laisv\u0117 \u2013 galimyb\u0117 miegoti skirtinguose kra\u0161tovaizd\u017eiuose. Paradoksalu, bet gyvendami vie\u0161bu\u010diuose b\u016btume net \u0161iek tiek sutaup\u0119, ta\u010diau m\u016bs\u0173 tikslas buvo 100 proc. patirti gamt\u0105.<\/p>\n<p>    <img decoding=\"async\" src=\"https:\/\/www.europesays.com\/lt\/wp-content\/uploads\/2026\/01\/1a26b7c3-e67c-41fe-a8d2-07cff78be764.jpg\" loading=\"lazy\" alt=\"Giedr\u0117 ir \u017dilvinas Luniai keliavo Omane\"\/>    <\/p>\n<p>\u2013 Kaip \u0161ios kelion\u0117s metu maitinot\u0117s \u2013 patys gamindavote maist\u0105 ar eidavote kur nors pavalgyti?<\/p>\n<p>\u2013 Restoranuose valg\u0117me tik tris kartus \u2013 nor\u0117jome paragauti vietin\u0117s virtuv\u0117s. Apie 90 proc. laiko patys gaminom\u0117s: vir\u0117me, kep\u0117me kiau\u0161inius, makaronus.<\/p>\n<p>\u2013 Ar u\u017efiksavote, kokios maisto, degal\u0173, lankytin\u0173 objekt\u0173 kainos vyrauja Omane? Jums parod\u0117, kad ten brangiau ar pigiau nei Lietuvoje?<\/p>\n<p>\u2013 Maistas prekybos centruose, lyginant su Lietuva, \u0161iek tiek pigesnis. Valgyti kavin\u0117se \u2013 itin pigu, da\u017enai net labiau apsimoka nei gamintis patiems, o porcijos \u2013 mil\u017eini\u0161kos.<\/p>\n<p>Degalai \u2013 apie 0,50 Eur u\u017e litr\u0105. Dauguma gamtos lankytin\u0173 viet\u0173 \u2013 nemokamos. Bendrai \u017ei\u016brint, Omane tikrai pigiau nei Lietuvoje.<\/p>\n<p>\u2013 Da\u017enas lietuvis turb\u016bt \u012fsivaizduoja, kad tuose kra\u0161tuose n\u0117ra saugu keliauti. Kaip viskas buvo i\u0161 ties\u0173, kaip jums pasirod\u0117?<\/p>\n<p>\u2013 Viena did\u017eiausi\u0173 \u017emoni\u0173 klaid\u0173 manyti, kad \u0161is regionas nesaugus. Omanas laikomas viena saugiausi\u0173 \u0161ali\u0173 pasaulyje. Vietiniai nuolat si\u016blo pagalb\u0105, domisi, ar viskas gerai \u2013 jaut\u0117m\u0117s visi\u0161kai ram\u016bs.<\/p>\n<p>    <img decoding=\"async\" src=\"https:\/\/www.europesays.com\/lt\/wp-content\/uploads\/2026\/01\/82bbf51d-9923-442f-be39-3cc56369f014.jpg\" loading=\"lazy\" alt=\"Giedr\u0117 ir \u017dilvinas Luniai keliavo Omane\"\/>    <\/p>\n<p>\u2013 O kaip Omane su turistais \u2013 ar sutikote daug toki\u0173, kaip j\u016bs? Kaip vietiniai reaguoja \u012f u\u017esienie\u010dius?<\/p>\n<p>\u2013 Kol kas turist\u0173 n\u0117ra daug, ta\u010diau patariame paskub\u0117ti, jei norite patirti autenti\u0161k\u0105 Oman\u0105. Manome, kad artimiausiu metu \u0161i \u0161alis taps viena populiariausi\u0173 kryp\u010di\u0173.<\/p>\n<p>Vietiniai \u012f turistus reaguoja labai draugi\u0161kai ir nuo\u0161ird\u017eiai, su tikru smalsumu. Skirtingai nei Tailande ar Vietname, niekas nebando nieko \u012fkyriai parduoti ar apgauti.<\/p>\n<p>\u2013 Pastaruoju metu kalbama, kad Omanas yra populiar\u0117janti kryptis ir yra tinkamas pasirinkimas, jei nesinori \u012f turist\u0173 perpildyt\u0105 Dubaj\u0173, Saudo Arabij\u0105. Kaip pasirod\u0117 jums, ar sutiktum\u0117te su tokia mintimi?<\/p>\n<p>\u2013 Visi\u0161kai sutinkame ir dar kart\u0105 rekomenduojame aplankyti Oman\u0105 dabar, kol jis dar i\u0161lik\u0119s autenti\u0161kas.<\/p>\n<p>    <img decoding=\"async\" src=\"https:\/\/www.europesays.com\/lt\/wp-content\/uploads\/2026\/01\/ac545ee3-77d5-4af3-a0e9-d731f55de090.jpg\" loading=\"lazy\" alt=\"Giedr\u0117 ir \u017dilvinas Luniai keliavo Omane\"\/>      <\/p>\n<p>\u2013 Koki\u0173 tur\u0117tum\u0117te patarim\u0173 keliaujantiems \u012f Oman\u0105?<\/p>\n<p>\u2013 Patartume nuomotis d\u017eip\u0105 su keturiais varomais ratais ir nepagail\u0117ti pinig\u0173 geresniam automobiliui. Tai leis be baim\u0117s pasiekti visas suplanuotas vietas.<\/p>\n<p>Taip pat verta tur\u0117ti palapin\u0119 ant automobilio stogo, jokiu b\u016bdu nepasitik\u0117ti klaidinan\u010dia informacija apie nesaugum\u0105. Bendraukite su vietiniais \u2013 \u017emon\u0117s nuostab\u016bs. Ir tiesiog m\u0117gaukit\u0117s patirtimi.<\/p>\n<p>\u2013 Kokie j\u016bs\u0173 pa\u010di\u0173 planai atei\u010diai \u2013 ar jau turite min\u010di\u0173, kur keliausite toliau?<\/p>\n<p>\u2013 Artimiausia m\u016bs\u0173 kelion\u0117 \u2013 vasario viduryje \u012f Marok\u0105: vien\u0105 savait\u0119 praleisime banglen\u010di\u0173 stovykloje, kit\u0105 skirsime \u0161alies tyrin\u0117jimui.<\/p>\n<p>Pabaigai norime pasakyti: keliaukite, kol dar turite j\u0117g\u0173, kad v\u0117liau netekt\u0173 gail\u0117tis. Pamatykite naujas \u0161alis, pa\u017einkite skirtingas kult\u016bras, susipa\u017einkite su naujais \u017emon\u0117mis. Gyvenkite gyvenim\u0105 ir imkite i\u0161 jo maksimum\u0105, o ne vis\u0105 d\u0117mes\u012f skirkite vien tik tam, kaip u\u017esidirbti bei i\u0161leisti pinigus materialiems dalykams.<\/p>\n<p>Ypa\u010d rekomenduojame nuvykti \u012f skurdesnes \u0161alis ir savo akimis pamatyti, kad, kuo \u017emogus gyvena kukliau, tuo da\u017enai jo siela b\u016bna turtingesn\u0117. Tokios patirtys padeda suprasti ir \u012fvertinti, kaip i\u0161 ties\u0173 gera gyventi Lietuvoje.<\/p>\n<p>                Grie\u017etai draud\u017eiama <a href=\"https:\/\/www.delfi.lt\/\" target=\"_blank\" style=\"color:#3858f5;font-weight:bold;\" rel=\"nofollow noopener\">Delfi<\/a> paskelbt\u0105 informacij\u0105 panaudoti kitose interneto svetain\u0117se, \u017einiasklaidos priemon\u0117se ar kitur arba platinti m\u016bs\u0173 med\u017eiag\u0105 kuriuo nors pavidalu be sutikimo, o jei sutikimas gautas, b\u016btina nurodyti <a href=\"https:\/\/www.delfi.lt\/\" target=\"_blank\" style=\"color:#3858f5;font-weight:bold;\" rel=\"nofollow noopener\">Delfi<\/a> kaip \u0161altin\u012f. Daugiau informacijos <a href=\"https:\/\/www.delfi.lt\/apie\/taisykles\" target=\"_blank\" style=\"color:#3858f5;font-weight:bold;\" rel=\"nofollow noopener\">Taisykl\u0117se<\/a> ir <a href=\"https:\/\/www.delfi.lt\/keliones\/platus-pasaulis\/mailto:info@delfi.lt\" target=\"_blank\" style=\"color:#3858f5;font-weight:bold;\" rel=\"nofollow noopener\">info@delfi.lt<\/a> <a href=\"https:\/\/www.delfi.lt\/\" target=\"_blank\" rel=\"nofollow noopener\" class=\"article-source__link\"><img decoding=\"async\" src=\"https:\/\/www.europesays.com\/lt\/wp-content\/uploads\/2025\/09\/555afb5f-c97f-4b82-9f2d-1c1c5816bb76.png\" alt=\"Delfi\" class=\"article-source__link--image\"\/><\/a>  \u201eDelfi\u201c \u2013 tarptautin\u0117s \u017durnalistikos patikimumo iniciatyvos programos sertifikuota \u017einiasklaidos priemon\u0117. <img loading=\"lazy\" decoding=\"async\" src=\"https:\/\/static.delfi.lt\/portal\/images\/article\/jti-lt.svg\" alt=\"jti\" width=\"57\" height=\"39\"\/>   <\/p>\n","protected":false},"excerpt":{"rendered":"Kartu jau 13 met\u0173 esantys Giedr\u0117 ir \u017dilvinas, kalb\u0117dami apie savo keliones, sako, kad j\u0173 tikslas yra parodyti,&hellip;\n","protected":false},"author":2,"featured_media":86763,"comment_status":"","ping_status":"","sticky":false,"template":"","format":"standard","meta":{"footnotes":"","_share_on_mastodon":"0"},"categories":[15],"tags":[25,30,31,34,35,24,4733,32,33,37,39,36,38,40,23,22,13181,44,28,29,26,27,74,75,76],"class_list":["post-86762","post","type-post","status-publish","format-standard","has-post-thumbnail","category-pasaulis","tag-antrastes","tag-breaking-news","tag-breakingnews","tag-featured-news","tag-featurednews","tag-headlines","tag-islandija","tag-latest-news","tag-latestnews","tag-lietuva","tag-lietuviu","tag-lithuania","tag-lithuanian","tag-lt","tag-naujienos","tag-news","tag-omanas","tag-pasaulis","tag-populiariausios-naujienos","tag-populiariausiosnaujienos","tag-top-stories","tag-topstories","tag-world","tag-world-news","tag-worldnews"],"share_on_mastodon":{"url":"https:\/\/pubeurope.com\/@lt\/115917879029557100","error":""},"_links":{"self":[{"href":"https:\/\/www.europesays.com\/lt\/wp-json\/wp\/v2\/posts\/86762","targetHints":{"allow":["GET"]}}],"collection":[{"href":"https:\/\/www.europesays.com\/lt\/wp-json\/wp\/v2\/posts"}],"about":[{"href":"https:\/\/www.europesays.com\/lt\/wp-json\/wp\/v2\/types\/post"}],"author":[{"embeddable":true,"href":"https:\/\/www.europesays.com\/lt\/wp-json\/wp\/v2\/users\/2"}],"replies":[{"embeddable":true,"href":"https:\/\/www.europesays.com\/lt\/wp-json\/wp\/v2\/comments?post=86762"}],"version-history":[{"count":0,"href":"https:\/\/www.europesays.com\/lt\/wp-json\/wp\/v2\/posts\/86762\/revisions"}],"wp:featuredmedia":[{"embeddable":true,"href":"https:\/\/www.europesays.com\/lt\/wp-json\/wp\/v2\/media\/86763"}],"wp:attachment":[{"href":"https:\/\/www.europesays.com\/lt\/wp-json\/wp\/v2\/media?parent=86762"}],"wp:term":[{"taxonomy":"category","embeddable":true,"href":"https:\/\/www.europesays.com\/lt\/wp-json\/wp\/v2\/categories?post=86762"},{"taxonomy":"post_tag","embeddable":true,"href":"https:\/\/www.europesays.com\/lt\/wp-json\/wp\/v2\/tags?post=86762"}],"curies":[{"name":"wp","href":"https:\/\/api.w.org\/{rel}","templated":true}]}}