{"id":87078,"date":"2026-01-19T15:36:04","date_gmt":"2026-01-19T15:36:04","guid":{"rendered":"https:\/\/www.europesays.com\/lt\/87078\/"},"modified":"2026-01-19T15:36:04","modified_gmt":"2026-01-19T15:36:04","slug":"izraelio-kariuomene-pranese-smogusi-i-hezbollah-objektus-pietu-libane","status":"publish","type":"post","link":"https:\/\/www.europesays.com\/lt\/87078\/","title":{"rendered":"Izraelio kariuomen\u0117 prane\u0161\u0117 smogusi \u012f \u201eHezbollah\u201c objektus Piet\u0173 Libane"},"content":{"rendered":"<p>Izraelis toliau nuolat rengia sm\u016bgius regione net ir po 2024 m. lapkrit\u012f su \u201eHezbollah\u201c susitart\u0173 paliaub\u0173, nutraukusi\u0173 daugiau nei metus trukusias karo operacijas. <\/p>\n<p>Prane\u0161ime sakoma, kad Izraelio kariuomen\u0117 smog\u0117 \u012f terorist\u0173 infrastrukt\u016br\u0105 keliose Piet\u0173 Libano vietov\u0117se, kurias \u201eHezbollah\u201c naudojo terorist\u0173 pratyboms ir mokymams, kad gal\u0117t\u0173 pulti Izraelio paj\u0117gas ir civilius gyventojus.<\/p>\n<p>Kariuomen\u0117 nenurod\u0117, kur tiksliai yra \u0161ios vietos, bet Libano valstybin\u0117 Nacionalin\u0117 naujien\u0173 agent\u016bra (NNA) prane\u0161\u0117 apie virtin\u0119 Izraelio sm\u016bgi\u0173 ma\u017eiausiai penkiuose kaimuose ir juos \u012fvardijo.<\/p>\n<p>Pra\u0117jusi\u0105 savait\u0119 Libano kariuomen\u0117 prane\u0161\u0117 baigusi nuginkluoti \u201eHezbollah\u201c pie\u010diau Litanio up\u0117s per pirm\u0105j\u012f plano etap\u0105, ta\u010diau Izraelis \u0161ias pastangas pavadino nepakankamomis. Penki NNA pamin\u0117ti kaimai yra \u012f \u0161iaur\u0119 nuo Litanio up\u0117s \u2013 rajone, ne\u012ftrauktame \u012f pirm\u0105j\u012f nuginklavimo etap\u0105. <\/p>\n<p>Penktadien\u012f per kit\u0105 Izraelio sm\u016bg\u012f Libano pietuose \u017euvo vienas \u017emogus, prane\u0161\u0117 \u0161alies sveikatos apsaugos ministerija.<\/p>\n","protected":false},"excerpt":{"rendered":"Izraelis toliau nuolat rengia sm\u016bgius regione net ir po 2024 m. lapkrit\u012f su \u201eHezbollah\u201c susitart\u0173 paliaub\u0173, nutraukusi\u0173 daugiau&hellip;\n","protected":false},"author":2,"featured_media":87079,"comment_status":"","ping_status":"","sticky":false,"template":"","format":"standard","meta":{"footnotes":""},"categories":[15],"tags":[25,30,31,34,35,24,4355,553,32,33,37,39,36,38,40,23,22,44,28,29,26,27,74,75,76],"class_list":{"0":"post-87078","1":"post","2":"type-post","3":"status-publish","4":"format-standard","5":"has-post-thumbnail","7":"category-pasaulis","8":"tag-antrastes","9":"tag-breaking-news","10":"tag-breakingnews","11":"tag-featured-news","12":"tag-featurednews","13":"tag-headlines","14":"tag-hezbollah","15":"tag-izraelis","16":"tag-latest-news","17":"tag-latestnews","18":"tag-lietuva","19":"tag-lietuviu","20":"tag-lithuania","21":"tag-lithuanian","22":"tag-lt","23":"tag-naujienos","24":"tag-news","25":"tag-pasaulis","26":"tag-populiariausios-naujienos","27":"tag-populiariausiosnaujienos","28":"tag-top-stories","29":"tag-topstories","30":"tag-world","31":"tag-world-news","32":"tag-worldnews"},"share_on_mastodon":{"url":"https:\/\/pubeurope.com\/@lt\/115922507083786459","error":""},"_links":{"self":[{"href":"https:\/\/www.europesays.com\/lt\/wp-json\/wp\/v2\/posts\/87078","targetHints":{"allow":["GET"]}}],"collection":[{"href":"https:\/\/www.europesays.com\/lt\/wp-json\/wp\/v2\/posts"}],"about":[{"href":"https:\/\/www.europesays.com\/lt\/wp-json\/wp\/v2\/types\/post"}],"author":[{"embeddable":true,"href":"https:\/\/www.europesays.com\/lt\/wp-json\/wp\/v2\/users\/2"}],"replies":[{"embeddable":true,"href":"https:\/\/www.europesays.com\/lt\/wp-json\/wp\/v2\/comments?post=87078"}],"version-history":[{"count":0,"href":"https:\/\/www.europesays.com\/lt\/wp-json\/wp\/v2\/posts\/87078\/revisions"}],"wp:featuredmedia":[{"embeddable":true,"href":"https:\/\/www.europesays.com\/lt\/wp-json\/wp\/v2\/media\/87079"}],"wp:attachment":[{"href":"https:\/\/www.europesays.com\/lt\/wp-json\/wp\/v2\/media?parent=87078"}],"wp:term":[{"taxonomy":"category","embeddable":true,"href":"https:\/\/www.europesays.com\/lt\/wp-json\/wp\/v2\/categories?post=87078"},{"taxonomy":"post_tag","embeddable":true,"href":"https:\/\/www.europesays.com\/lt\/wp-json\/wp\/v2\/tags?post=87078"}],"curies":[{"name":"wp","href":"https:\/\/api.w.org\/{rel}","templated":true}]}}