{"id":87230,"date":"2026-01-19T18:12:55","date_gmt":"2026-01-19T18:12:55","guid":{"rendered":"https:\/\/www.europesays.com\/lt\/87230\/"},"modified":"2026-01-19T18:12:55","modified_gmt":"2026-01-19T18:12:55","slug":"opozicija-neatmeta-kad-valdantieji-del-lrt-pataisu-sauks-neeiline-sesija","status":"publish","type":"post","link":"https:\/\/www.europesays.com\/lt\/87230\/","title":{"rendered":"Opozicija neatmeta, kad valdantieji d\u0117l LRT patais\u0173 \u0161auks neeilin\u0119 sesij\u0105"},"content":{"rendered":"<p>\u201eMes girdime, kad bus \u0161aukiama neeilin\u0117 sesija. Sunku tik\u0117ti valdan\u010di\u0173j\u0173 \u017eod\u017eiais, nes ne vien\u0105 kart\u0105 yra gudrav\u0119, apgav\u0119\u201c, \u2013 \u017eurnalistams po susitikimo su Venecijos komisijos atstovais teig\u0117 V. \u010cmilyt\u0117-Nielsen. <\/p>\n<p>\u201eTaip, Venecijos komisijos i\u0161vad\u0173 yra labai svarbu sulaukti, bet visas darbo grup\u0117s (darbas \u2013 ELTA) sukonstruotas taip, kad baigt\u0173si vasario viduryje ir kad b\u016bt\u0173 dar erdv\u0117s iki eilin\u0117s pavasario sesijos su\u0161aukti neeilinius pos\u0117d\u017eius\u201c, \u2013 akcentavo ji. <\/p>\n<p>Kaip skelbta, socialdemokrat\u0117 Rasa Budbergyt\u0117 teig\u0117, kad prie\u0161 priimant visuomeninio transliuotojo \u012fstatymo pataisas valdantieji lauks ir parengt\u0173 Venecijos komisijos rekomendacij\u0173. <\/p>\n<p>Tuo metu, V. \u010cmilyt\u0117s-Nielsen teigimu, opozicijos susitikime su Venecijos komisija aptartas ne tik teikt\u0173 patais\u0173 turinys, bet ir proced\u016bros svarstant \u0161\u012f projekt\u0105. <\/p>\n<p>\u201ePakankamai objektyviai i\u0161ai\u0161kinome situacij\u0105 ir d\u0117l teikt\u0173 patais\u0173, ir d\u0117l proceso, darbo grup\u0117s. (&#8230;) Tikim\u0117s, kad \u0161i labai kompetentinga ekspertin\u0117 komisija savo nuomon\u0119 i\u0161sakys ir lauksime jos i\u0161vad\u0173\u201c, \u2013 \u017eurnalistams sak\u0117 V. \u010cmilyt\u0117-Nielsen.<\/p>\n<p>\u201eGruod\u017eio m\u0117nes\u012f teikt\u0173 \u012fstatym\u0173 turinys ir proced\u016bros, proced\u016br\u0173 lau\u017eymas, statuto lau\u017eymas, skuba. Kalb\u0117jome, \u017einoma, ir apie turin\u012f, ir apie proced\u016bras. Pa\u017eym\u0117jome, kad deja, bet tenka konstatuoti, kad socialdemokrat\u0173 dauguma daugelyje sri\u010di\u0173 nesilaiko \u012fstatym\u0173\u201c, \u2013 prid\u016br\u0117 ji.<\/p>\n<p>V. Juozapaitis: belieka tik\u0117tis, kad valdantieji susiprot\u0117s<\/p>\n<p>Tuo metu konservatorius Vytautas Juozapaitis vyl\u0117si, kad prie\u0161 priimdami sprendimus d\u0117l LRT valdantieji atsi\u017evelgs \u012f Venecijos komisijos pateiktas rekomendacijas. <\/p>\n<p>\u201eA\u0161 labai labai tikiuosi, kad bent jau \u012f Venecijos komisijos nuomon\u0119 bus atsi\u017evelgta\u201c, \u2013 po opozicijoje dirban\u010di\u0173 Seimo nari\u0173 susitikimo su komisijos atstovais teig\u0117 V. Juozapaitis. <\/p>\n<p>\u201eBelieka tiktai tik\u0117tis, kad valdantieji vien\u0105 dien\u0105 susiprot\u0117s gal\u0173 gale ir atsiribos, turiu galvoje, socialdemokratus, nuo to savo vyresnio brolio, kuris jiems neleid\u017eia pasitraukti i\u0161 to tiesos kelio\u201c, \u2013 d\u0117st\u0117 jis.<\/p>\n<p>Venecijos komisija yra Europos Tarybos patariamoji institucija konstitucin\u0117s teis\u0117s klausimais, teikianti rekomendacijas valstyb\u0117ms, siekian\u010dioms suderinti savo teis\u0119 ir institucij\u0173 veikl\u0105 su Europos standartais ir tarptautine patirtimi demokratijos, \u017emogaus teisi\u0173 ir teis\u0117s vir\u0161enyb\u0117s srityse. <\/p>\n<p>\u0160i komisija buvo \u012fkurta 1990 m., siekiant suteikti konstitucin\u0119 pagalb\u0105 pasikeitus politinei situacijai Vidurio ir Ryt\u0173 Europoje. Venecijos komisij\u0105 sudaro ekspertai, kuriuos deleguoja valstyb\u0117s nar\u0117s. <\/p>\n<p>Taikant Venecijos komisijos reglamente numatyt\u0105 sprendim\u0173 derinimo ir pri\u0117mimo mechanizm\u0105, sprendimai aptariami ir priimami plenarin\u0117se sesijose, vykstan\u010diose ma\u017eiausiai keturis kartus per metus. <\/p>\n<p>Komisijos delegacija Lietuvoje vie\u0161\u0117s dvi dienas \u2013 pirmadien\u012f ir antradien\u012f. Pirmadien\u012f Venecijos komisijos atstovai taip pat susitiks su opozicijoje dirban\u010diais Seimo nariais. <\/p>\n<p>ELTA primena, kad gruod\u012f valdantieji siek\u0117 skubos tvarka priimti \u012fstatymo pataisas d\u0117l supaprastintos LRT generalinio direktoriaus tvarkos. <\/p>\n<p>Opozicijai registravus \u0161imtus komi\u0161k\u0173 pasi\u016blym\u0173, patais\u0173 svarstymas parlamente u\u017esit\u0119s\u0117, o sutrikus Kult\u016bros komiteto vadovo K\u0119stu\u010dio Vilkausko sveikatai, projekto pri\u0117mimas ne\u012fvyko.<\/p>\n<p>Be to, gruod\u012f vykusiame \u0161alies vadovo, Seimo pirmininko bei parlamentini\u0173 frakcij\u0173 lyderi\u0173 susitikime sutarta pristabdyti visuomeninio transliuotojo \u012fstatymo patais\u0173 svarstym\u0105 skubos tvarka.  Nuspr\u0119sta suburti parlamentines frakcijas bei \u017einiasklaidos organizacijas atstovaujan\u010di\u0105 darbo grup\u0119, kuri tur\u0117s patobulinti valdan\u010di\u0173j\u0173 si\u016blom\u0105 \u012fstatymo variant\u0105. Tai tikim\u0105si padaryti iki vasario 14 d.<\/p>\n<p>Pirminiame valdan\u010di\u0173j\u0173 projekte si\u016blyta, kad skiriant ir atleid\u017eiant LRT vadov\u0105 b\u016bt\u0173 balsuojama slaptai. Be to, kad visuomeninio transliuotojo generalinis direktorius gal\u0117t\u0173 b\u016bti atleistas i\u0161 pareig\u0173 i\u0161rei\u0161kus nepasitik\u0117jimo d\u0117l netinkamai vykdom\u0173 funkcij\u0173 arba tarybai nepatvirtinus metin\u0117s veiklos ataskaitos. U\u017e tok\u012f sprendim\u0105 tur\u0117t\u0173 balsuoti daugiau nei 1\/2 tarybos nari\u0173, t. y., bent 7 i\u0161 12.<\/p>\n<p>Projektas sulauk\u0117 a\u0161trios \u017eurnalist\u0173 bendruomen\u0117s bei dalies tarptautini\u0173 organizacij\u0173 kritikos \u2013 prie Seimo vyko protestai, platinta peticija. \u017diniasklaidos atstovai ragino valdan\u010diuosius atmesti si\u016blomas pataisas. <\/p>\n","protected":false},"excerpt":{"rendered":"\u201eMes girdime, kad bus \u0161aukiama neeilin\u0117 sesija. Sunku tik\u0117ti valdan\u010di\u0173j\u0173 \u017eod\u017eiais, nes ne vien\u0105 kart\u0105 yra gudrav\u0119, apgav\u0119\u201c,&hellip;\n","protected":false},"author":2,"featured_media":87231,"comment_status":"","ping_status":"","sticky":false,"template":"","format":"standard","meta":{"footnotes":""},"categories":[6],"tags":[25,30,31,34,35,24,32,33,37,39,36,38,40,23,22,28,29,128,26,27,342],"class_list":{"0":"post-87230","1":"post","2":"type-post","3":"status-publish","4":"format-standard","5":"has-post-thumbnail","7":"category-antrastes","8":"tag-antrastes","9":"tag-breaking-news","10":"tag-breakingnews","11":"tag-featured-news","12":"tag-featurednews","13":"tag-headlines","14":"tag-latest-news","15":"tag-latestnews","16":"tag-lietuva","17":"tag-lietuviu","18":"tag-lithuania","19":"tag-lithuanian","20":"tag-lt","21":"tag-naujienos","22":"tag-news","23":"tag-populiariausios-naujienos","24":"tag-populiariausiosnaujienos","25":"tag-seimas","26":"tag-top-stories","27":"tag-topstories","28":"tag-viktorija-cmilyte-nielsen"},"share_on_mastodon":{"url":"https:\/\/pubeurope.com\/@lt\/115923124380304154","error":""},"_links":{"self":[{"href":"https:\/\/www.europesays.com\/lt\/wp-json\/wp\/v2\/posts\/87230","targetHints":{"allow":["GET"]}}],"collection":[{"href":"https:\/\/www.europesays.com\/lt\/wp-json\/wp\/v2\/posts"}],"about":[{"href":"https:\/\/www.europesays.com\/lt\/wp-json\/wp\/v2\/types\/post"}],"author":[{"embeddable":true,"href":"https:\/\/www.europesays.com\/lt\/wp-json\/wp\/v2\/users\/2"}],"replies":[{"embeddable":true,"href":"https:\/\/www.europesays.com\/lt\/wp-json\/wp\/v2\/comments?post=87230"}],"version-history":[{"count":0,"href":"https:\/\/www.europesays.com\/lt\/wp-json\/wp\/v2\/posts\/87230\/revisions"}],"wp:featuredmedia":[{"embeddable":true,"href":"https:\/\/www.europesays.com\/lt\/wp-json\/wp\/v2\/media\/87231"}],"wp:attachment":[{"href":"https:\/\/www.europesays.com\/lt\/wp-json\/wp\/v2\/media?parent=87230"}],"wp:term":[{"taxonomy":"category","embeddable":true,"href":"https:\/\/www.europesays.com\/lt\/wp-json\/wp\/v2\/categories?post=87230"},{"taxonomy":"post_tag","embeddable":true,"href":"https:\/\/www.europesays.com\/lt\/wp-json\/wp\/v2\/tags?post=87230"}],"curies":[{"name":"wp","href":"https:\/\/api.w.org\/{rel}","templated":true}]}}