{"id":88435,"date":"2026-01-21T08:29:07","date_gmt":"2026-01-21T08:29:07","guid":{"rendered":"https:\/\/www.europesays.com\/lt\/88435\/"},"modified":"2026-01-21T08:29:07","modified_gmt":"2026-01-21T08:29:07","slug":"po-dizainerio-valentino-mirties-skaudi-statkeviciaus-zinute","status":"publish","type":"post","link":"https:\/\/www.europesays.com\/lt\/88435\/","title":{"rendered":"Po dizainerio Valentino mirties \u2013 skaudi Statkevi\u010diaus \u017einut\u0117"},"content":{"rendered":"<p>Antradienio popiet\u0119 socialiniuose tinkluose J. Statkevi\u010dius pasidalijo \u017einute, kurioje atkreip\u0117 d\u0117mes\u012f \u012f V. Garavani netekt\u012f.<\/p>\n<p>\u0160alia jis parod\u0117 ir anks\u010diau \u012fam\u017eint\u0105 nuotrauk\u0105, kurioje pozavo kartu su garsiuoju \u201eValentino\u201c nam\u0173 \u012fk\u016br\u0117ju.<\/p>\n<p>\u201eR.I.P. Valentino! Nepaprastas \u017emogus! Labai gaila, epocha ir nuostab\u016bs \u017emon\u0117s i\u0161eina, \u0161viesi atmintis!\u201c \u2013 ra\u0161\u0117 J. Statkevi\u010dius.<\/p>\n<p>Po \u0161iuo \u012fra\u0161u pasipyl\u0117 ir komentatori\u0173 \u017einut\u0117s:<\/p>\n<ul>\n<li>\n<p>\u201eMados ikona, nepakartojamas stilius, a\u010di\u016b, Valentino, u\u017e tavo \u0161arming\u0105 dizain\u0105, GRACIA\u201c;<\/p>\n<\/li>\n<li>\n<p>\u201eNuostabi foto, ilgai i\u0161liks atmintyje&#8230;\u201c;<\/p>\n<\/li>\n<li>\n<p>\u201eOi, prisimenu tave, Juozai, tok\u012f jaun\u0105 jaun\u0105\u201c;<\/p>\n<\/li>\n<li>\n<p>\u201eLabai gaila talento.d\u017eiugu jog teko galimyb\u0117 j\u012f pa\u017einti\u201c.<\/p>\n<\/li>\n<\/ul>\n<p>Primename, kad pirmadien\u012f prane\u0161ta, kad <a rel=\"noopener nofollow\" target=\"_blank\" href=\"https:\/\/www.delfi.lt\/temos\/mire-vaikas\" data-rel-date-range=\"[]\">mir\u0117<\/a> <a rel=\"noopener nofollow\" target=\"_blank\" href=\"https:\/\/www.delfi.lt\/temos\/italija\" data-rel-date-range=\"[]\">ital\u0173<\/a> <a rel=\"noopener nofollow\" target=\"_blank\" href=\"https:\/\/www.delfi.lt\/temos\/dizaineris\" data-rel-date-range=\"[]\">dizaineris<\/a> Valentino Garavani, garsi\u0173 mados nam\u0173 \u201eValentino\u201c \u012fk\u016br\u0117jas. <\/p>\n<p>\u201eValentino Garavani \u0161iandien mir\u0117 savo rezidencijoje Romoje, apsuptas artim\u0173j\u0173\u201c, \u2013 prane\u0161ta dizainerio fondo \u201eInstagram\u201c profilyje. <\/p>\n<p>Mirtis j\u012f i\u0161tiko po trij\u0173 m\u0117nesi\u0173, kai rugs\u0117jo 4 d. mir\u0117 jo puikus draugas ir var\u017eovas Giorgio Armani, sulauk\u0119s 91-eri\u0173. <\/p>\n<p>Dizaineris, paprastai vadinamas tiesiog vardu Valentino, \u201eramiai mir\u0117 savo rezidencijoje Romoje, apsuptas artim\u0173j\u0173 meil\u0117s\u201c, sakoma ilgame\u010dio jo partnerio Giancarlo Giammetti prane\u0161ime. <\/p>\n<p>Mados ikona bus pa\u0161arvotas tre\u010diadien\u012f ir ketvirtadien\u012f, o laidotuv\u0117s vyks Romoje penktadien\u012f, 11 val. vietos laiku. <\/p>\n<p>\u201eValentino buvo am\u017einas Italijos auk\u0161tosios mados simbolis\u201c, \u2013 socialin\u0117je \u017einiasklaidoje parei\u0161k\u0117 premjer\u0117 Giorgia Meloni, pavadinusi dizainer\u012f \u201enegin\u010dijamu stiliaus ir elegancijos meistru\u201c.\u00a0<\/p>\n<p>\u201e\u0160iandien <a rel=\"noopener nofollow\" target=\"_blank\" href=\"https:\/\/www.delfi.lt\/temos\/italija\" tag-id=\"21801567\">Italija<\/a> neteko legendos, ta\u010diau jo palikimas ir toliau \u012fkv\u0117ps kartas. A\u010di\u016b u\u017e visk\u0105\u201c, \u2013 para\u0161\u0117 Italijos premjer\u0117.\u00a0<\/p>\n<p>U\u017esienio reikal\u0173 ministras Antonio Tajani vadino Valentino asmenybe, pavertusia Italij\u0105 pasauline mados lydere.<\/p>\n","protected":false},"excerpt":{"rendered":"Antradienio popiet\u0119 socialiniuose tinkluose J. Statkevi\u010dius pasidalijo \u017einute, kurioje atkreip\u0117 d\u0117mes\u012f \u012f V. Garavani netekt\u012f. \u0160alia jis parod\u0117&hellip;\n","protected":false},"author":2,"featured_media":88436,"comment_status":"","ping_status":"","sticky":false,"template":"","format":"standard","meta":{"footnotes":"","_share_on_mastodon":"0"},"categories":[21],"tags":[5494,113,965,2342,37,39,36,38,40,18396,6530,114],"class_list":["post-88435","post","type-post","status-publish","format-standard","has-post-thumbnail","category-pramogos","tag-dizaineris","tag-entertainment","tag-italija","tag-juozas-statkevicius","tag-lietuva","tag-lietuviu","tag-lithuania","tag-lithuanian","tag-lt","tag-mados-savaite","tag-mire-vaikas","tag-pramogos"],"share_on_mastodon":{"url":"https:\/\/pubeurope.com\/@lt\/115932152798385224","error":""},"_links":{"self":[{"href":"https:\/\/www.europesays.com\/lt\/wp-json\/wp\/v2\/posts\/88435","targetHints":{"allow":["GET"]}}],"collection":[{"href":"https:\/\/www.europesays.com\/lt\/wp-json\/wp\/v2\/posts"}],"about":[{"href":"https:\/\/www.europesays.com\/lt\/wp-json\/wp\/v2\/types\/post"}],"author":[{"embeddable":true,"href":"https:\/\/www.europesays.com\/lt\/wp-json\/wp\/v2\/users\/2"}],"replies":[{"embeddable":true,"href":"https:\/\/www.europesays.com\/lt\/wp-json\/wp\/v2\/comments?post=88435"}],"version-history":[{"count":0,"href":"https:\/\/www.europesays.com\/lt\/wp-json\/wp\/v2\/posts\/88435\/revisions"}],"wp:featuredmedia":[{"embeddable":true,"href":"https:\/\/www.europesays.com\/lt\/wp-json\/wp\/v2\/media\/88436"}],"wp:attachment":[{"href":"https:\/\/www.europesays.com\/lt\/wp-json\/wp\/v2\/media?parent=88435"}],"wp:term":[{"taxonomy":"category","embeddable":true,"href":"https:\/\/www.europesays.com\/lt\/wp-json\/wp\/v2\/categories?post=88435"},{"taxonomy":"post_tag","embeddable":true,"href":"https:\/\/www.europesays.com\/lt\/wp-json\/wp\/v2\/tags?post=88435"}],"curies":[{"name":"wp","href":"https:\/\/api.w.org\/{rel}","templated":true}]}}