{"id":88631,"date":"2026-01-21T11:47:30","date_gmt":"2026-01-21T11:47:30","guid":{"rendered":"https:\/\/www.europesays.com\/lt\/88631\/"},"modified":"2026-01-21T11:47:30","modified_gmt":"2026-01-21T11:47:30","slug":"valstieciu-lyderis-pripazista-itampas-koalicijoje-respublika-lt","status":"publish","type":"post","link":"https:\/\/www.europesays.com\/lt\/88631\/","title":{"rendered":"\u201eValstie\u010di\u0173\u201c lyderis pripa\u017e\u012fsta \u012ftampas koalicijoje &#8211; Respublika.lt"},"content":{"rendered":"<p><img loading=\"lazy\" decoding=\"async\" src=\"https:\/\/www.respublika.lt\/lt\/naujienos\/lietuva\/lietuvos_politika\/valstieciu-lyderis-pripazista-itampas-koalicijoje\/images\/ico_camera_white.gif\" class=\"camera\" width=\"22\" height=\"15\" alt=\"nuotr.\" style=\"position:relative; top:-2px; right:2px;\"\/> 1 nuotr.<\/p>\n<p>Aurelijus Veryga, Remigijus \u017demaitaitis. ELTA \/ Dainius Labutis<\/p>\n<p style=\"text-align: justify;\" class=\"desktop_banner\">\u00a0<\/p>\n<p style=\"text-align: left;\">Politiko manymu, neretu atveju galimus nesutarimus sukelia \u201eau\u0161rie\u010di\u0173\u201c lyderio Remigijaus \u017demaitai\u010dio elgesys, d\u0117l kurio, pasak A. Verygos, kartais tenka ai\u0161kintis.\u00a0<\/p>\n<p style=\"text-align: left;\">\u201eYra visoki\u0173 \u012ftamp\u0173 ir tikrai b\u016bt\u0173 kvaila sakyti, kad j\u0173 n\u0117ra ir visi susikabin\u0119 u\u017e rank\u0173 s\u0117di, dainas dainuoja ir al\u0173 geria. Bet taip n\u0117ra. Matome, kad vienas i\u0161 koalicijos partneri\u0173 leid\u017eia sau \u012fvairius \u012fdomius dalykus, kurie dirgina ir nervuoja. \u017dinome visas tas istorijas su apsistumdymais, dar ka\u017ekuo. Tai paskui tav\u0119s klausia lyg tu gal\u0117tum jam pasakyti, su kuo jis turi ar neturi stumdytis. Lyg \u010dia b\u016bt\u0173 esmin\u0117 problema Lietuvos \u017eem\u0117s\u201c, \u2014 tre\u010diadien\u012f sak\u0117 A. Veryga.<\/p>\n<p style=\"text-align: left;\">\u201eValstie\u010di\u0173\u201c pirmininko teigimu, nors koalicijoje juntamos tam tikros \u012ftampos, tai n\u0117ra pagrindas kalb\u0117ti apie koalicijos byr\u0117jim\u0105. Pasak europarlamentaro, galimi poky\u010diai ateityje b\u016bt\u0173 veikiau susij\u0119 su politiniu i\u0161skai\u010diavimu, kuris, anot jo, sustipr\u0117ja art\u0117jant rinkimams, kai daliai politik\u0173 tampa patrauklu demonstratyviai trauktis ir taip siekti politinio d\u0117mesio.<\/p>\n<p style=\"text-align: left;\">\u201eSuprantame, kad tai kelia susierzinim\u0105, nepasitenkinim\u0105, bet nemanau, kad \u010dia yra pagrindas ka\u017ekam subyr\u0117ti \u2013 tikrai ne. Jeigu ir bus ka\u017ekoki\u0173 \u012ftamp\u0173, tai nebent turb\u016bt i\u0161 politini\u0173 skai\u010diavim\u0173, kada tie i\u0161skai\u010diavimai b\u016bt\u0173 logi\u0161kiausi art\u0117jant ka\u017ekokiems rinkimams, kada pasidaro patrauklu politikams trenkti durimis ir sakyti: \u201e\u017di\u016br\u0117kite, man\u0119s \u010dia negirdi, nemato ir a\u0161 einu\u201c, \u2013 tre\u010diadien\u012f sak\u0117 europarlamentaras.\u00a0<\/p>\n<p style=\"text-align: left;\">Kaip skelbta, socialdemokrat\u0173 partijos viduje pastaruoju metu netr\u016bksta diskusij\u0173 d\u0117l koalicijos su \u201eNemuno au\u0161ra\u201c.<\/p>\n<p style=\"text-align: left;\">Socialdemokratas Ruslanas Baranovas u\u017esimin\u0117, jog valdantiesiems b\u016bt\u0173 metas persvarstyti koalicij\u0105 su \u201eau\u0161rie\u010diais\u201c.\u00a0<\/p>\n<p style=\"text-align: left;\">Savo ruo\u017etu socialdemokrat\u0173 partijos pirmininkas Mindaugas Sinkevi\u010dius pra\u0117jusi\u0105 savait\u0119 tikino, jog \u012ftampos \u0161iuo klausimu nesl\u016bgsta, o auga.\u00a0<\/p>\n<p style=\"text-align: left;\">Be to, pabr\u0117\u017e\u0117 jis, sprendimai d\u0117l tolimesn\u0117s koalicijos su \u0161ia partija bus priimti vadovaujantis suva\u017eiavime pavasar\u012f i\u0161rinkto naujojo partijos pirmininko vizija.<\/p>\n<p style=\"text-align: left;\">Visgi socdem\u0173 lyderis pabr\u0117\u017e\u0117, kad jo vadovaujama politin\u0117 j\u0117ga poky\u010di\u0173 koalicijoje nebijo.\u00a0<\/p>\n<p style=\"text-align: left;\">ELTA primena, kad nauja valdan\u010dioji koalicija sudaryta vasar\u0105, po to, kai pasirod\u017eius \u017eurnalistiniams tyrimams apie tuomet\u012f premjer\u0105 Gintaut\u0105 Paluck\u0105 bei jo verslo ry\u0161ius, liepos pabaigoje jis nusprend\u0117 atsistatydinti i\u0161 ministro pirmininko pareig\u0173.<\/p>\n<p style=\"text-align: left;\">Nauj\u0105 socialdemokrat\u0117s Ingos Ruginien\u0117s vadovaujam\u0105 ministr\u0173 kabinet\u0105 suformavo Lietuvos socialdemokrat\u0173 partija (LSDP), \u201eNemuno au\u0161ra\u201c bei Lietuvos valstie\u010di\u0173, \u017eali\u0173j\u0173 ir Krik\u0161\u010dioni\u0161k\u0173 \u0161eim\u0173 s\u0105jungos frakcija Seime.<\/p>\n","protected":false},"excerpt":{"rendered":"1 nuotr. Aurelijus Veryga, Remigijus \u017demaitaitis. ELTA \/ Dainius Labutis \u00a0 Politiko manymu, neretu atveju galimus nesutarimus sukelia&hellip;\n","protected":false},"author":2,"featured_media":88632,"comment_status":"","ping_status":"","sticky":false,"template":"","format":"standard","meta":{"footnotes":"","_share_on_mastodon":"0"},"categories":[13],"tags":[25,1982,30,31,34,35,24,1568,414,32,33,37,39,36,38,40,5173,23,415,22,28,29,26,27,5207,413],"class_list":["post-88631","post","type-post","status-publish","format-standard","has-post-thumbnail","category-lietuva","tag-antrastes","tag-ausra","tag-breaking-news","tag-breakingnews","tag-featured-news","tag-featurednews","tag-headlines","tag-itampa","tag-koalicija","tag-latest-news","tag-latestnews","tag-lietuva","tag-lietuviu","tag-lithuania","tag-lithuanian","tag-lt","tag-lvzs","tag-naujienos","tag-nemuno","tag-news","tag-populiariausios-naujienos","tag-populiariausiosnaujienos","tag-top-stories","tag-topstories","tag-veryga","tag-zemaitaitis"],"share_on_mastodon":{"url":"https:\/\/pubeurope.com\/@lt\/115932931331951511","error":""},"_links":{"self":[{"href":"https:\/\/www.europesays.com\/lt\/wp-json\/wp\/v2\/posts\/88631","targetHints":{"allow":["GET"]}}],"collection":[{"href":"https:\/\/www.europesays.com\/lt\/wp-json\/wp\/v2\/posts"}],"about":[{"href":"https:\/\/www.europesays.com\/lt\/wp-json\/wp\/v2\/types\/post"}],"author":[{"embeddable":true,"href":"https:\/\/www.europesays.com\/lt\/wp-json\/wp\/v2\/users\/2"}],"replies":[{"embeddable":true,"href":"https:\/\/www.europesays.com\/lt\/wp-json\/wp\/v2\/comments?post=88631"}],"version-history":[{"count":0,"href":"https:\/\/www.europesays.com\/lt\/wp-json\/wp\/v2\/posts\/88631\/revisions"}],"wp:featuredmedia":[{"embeddable":true,"href":"https:\/\/www.europesays.com\/lt\/wp-json\/wp\/v2\/media\/88632"}],"wp:attachment":[{"href":"https:\/\/www.europesays.com\/lt\/wp-json\/wp\/v2\/media?parent=88631"}],"wp:term":[{"taxonomy":"category","embeddable":true,"href":"https:\/\/www.europesays.com\/lt\/wp-json\/wp\/v2\/categories?post=88631"},{"taxonomy":"post_tag","embeddable":true,"href":"https:\/\/www.europesays.com\/lt\/wp-json\/wp\/v2\/tags?post=88631"}],"curies":[{"name":"wp","href":"https:\/\/api.w.org\/{rel}","templated":true}]}}