{"id":88777,"date":"2026-01-21T14:08:37","date_gmt":"2026-01-21T14:08:37","guid":{"rendered":"https:\/\/www.europesays.com\/lt\/88777\/"},"modified":"2026-01-21T14:08:37","modified_gmt":"2026-01-21T14:08:37","slug":"slaptas-apple-ir-google-sandoris-ar-jusu-telefone-jau-gimsta-nauja-dirbtinio-intelekto-era","status":"publish","type":"post","link":"https:\/\/www.europesays.com\/lt\/88777\/","title":{"rendered":"Slaptas \u201eApple\u201c ir \u201eGoogle\u201c sandoris: ar j\u016bs\u0173 telefone jau gimsta nauja dirbtinio intelekto era?"},"content":{"rendered":"<p>\u201eApple\u201c ir \u201eGoogle\u201c patvirtino, kad \u201eApple\u201c naudos \u201eGoogle Gemini\u201c modelius naujosios balso asistent\u0117s \u201eSiri\u201c versijos ir kit\u0173 generatyvaus dirbtinio intelekto funkcij\u0173 veikimui. Bendrov\u0117s teigimu, \u201eGoogle Gemini\u201c taps pagrindu \u201eApple\u201c dirbtinio intelekto sprendimams.<\/p>\n<p>\u201eApple\u201c ir \u201eGoogle\u201c paskelb\u0117 apie ilgalaik\u012f bendradarbiavim\u0105, pagal kur\u012f kita \u201eApple Foundation Models\u201c karta bus kuriama remiantis \u201eGoogle Gemini\u201c modeliais ir debes\u0173 technologijomis. Jos taps pagrindu b\u016bsimoms \u201eApple Intelligence\u201c funkcijoms, \u012fskaitant labiau suasmenint\u0105 \u201eSiri\u201c, kuri tur\u0117t\u0173 pasirodyti dar \u0161iais metais.<\/p>\n<p>Atlikusi vidin\u012f vertinim\u0105, \u201eApple\u201c pri\u0117jo i\u0161vad\u0105, kad \u201eGoogle\u201c dirbtinio intelekto technologijos yra tinkamiausia platforma \u201eApple Foundation Models\u201c pl\u0117trai.<\/p>\n<p>Bendrov\u0117 pabr\u0117\u017eia, kad \u0161is bendradarbiavimas atvers nauj\u0173 galimybi\u0173 vartotojams, ta\u010diau \u201eApple Intelligence\u201c ir toliau veiks \u201eApple\u201c \u012frenginiuose bei \u201ePrivate Cloud Compute\u201c aplinkoje, i\u0161laikant auk\u0161tus privatumo standartus.<\/p>\n<p><img loading=\"lazy\" decoding=\"async\" style=\"aspect-ratio:632\/421;\" src=\"https:\/\/bilis.lt\/assets\/nuotraukos\/_tekstuose\/1020173\/photo-1226588788.avif?transformId=318036\" width=\"632\" height=\"421\" alt=\"\"\/><\/p>\n<p>\u201eApple\u201c pirm\u0105 kart\u0105 parod\u0117 generatyvi\u0105 \u201eSiri\u201c versij\u0105 konferencijoje WWDC 2024. 2025 m. kov\u0105 bendrov\u0117 paskelb\u0117, kad didelis balso asistento atnaujinimas atidedamas iki 2026 m., ta\u010diau labiau pa\u017eengusi \u201eSiri\u201c versija dar n\u0117ra pasirengusi vie\u0161am pristatymui.<\/p>\n<p>2025 m. bir\u017eel\u012f pasirod\u0117 prane\u0161im\u0173, kad \u201eApple\u201c svarsto partneryst\u0119 su \u201eOpenAI\u201c ir \u201eAnthropic\u201c tolesnei \u201eSiri\u201c pl\u0117trai (dabartin\u0117je versijoje balso asistent\u0117 gali kreiptis \u012f \u201eChatGPT\u201c d\u0117l atskir\u0173 u\u017eklaus\u0173 \u201eApple Intelligence\u201c r\u0117muose). Po dviej\u0173 m\u0117nesi\u0173 vienu i\u0161 galim\u0173 partneri\u0173 tapo \u201eGoogle\u201c.<\/p>\n<p>Susidom\u0117jimas bendradarbiavimu sustipr\u0117jo lapkrit\u012f, kai buvo prane\u0161ta, kad naujoji \u201eSiri\u201c gali b\u016bti sukurta pagal specialiai pritaikyt\u0105 \u201eGemini\u201c versij\u0105, veikian\u010di\u0105 \u201eApple\u201c \u201ePrivate Cloud Compute\u201c serveriuose, o \u201eApple\u201c kasmet mok\u0117s \u201eGoogle\u201c apie 1 mlrd. JAV doleri\u0173 u\u017e naudojamas technologijas.<\/p>\n","protected":false},"excerpt":{"rendered":"\u201eApple\u201c ir \u201eGoogle\u201c patvirtino, kad \u201eApple\u201c naudos \u201eGoogle Gemini\u201c modelius naujosios balso asistent\u0117s \u201eSiri\u201c versijos ir kit\u0173 generatyvaus&hellip;\n","protected":false},"author":2,"featured_media":88778,"comment_status":"","ping_status":"","sticky":false,"template":"","format":"standard","meta":{"footnotes":""},"categories":[17],"tags":[4406,1857,81,9651,4213,9652,207,37,39,36,38,40,924,18452,5913,18453,46],"class_list":{"0":"post-88777","1":"post","2":"type-post","3":"status-publish","4":"format-standard","5":"has-post-thumbnail","7":"category-verslas","8":"tag-google","9":"tag-apple","10":"tag-business","11":"tag-dirbtinio","12":"tag-gimsta","13":"tag-intelekto","14":"tag-jusu","15":"tag-lietuva","16":"tag-lietuviu","17":"tag-lithuania","18":"tag-lithuanian","19":"tag-lt","20":"tag-nauja","21":"tag-sandoris","22":"tag-slaptas","23":"tag-telefone","24":"tag-verslas"},"share_on_mastodon":{"url":"https:\/\/pubeurope.com\/@lt\/115933485644810472","error":""},"_links":{"self":[{"href":"https:\/\/www.europesays.com\/lt\/wp-json\/wp\/v2\/posts\/88777","targetHints":{"allow":["GET"]}}],"collection":[{"href":"https:\/\/www.europesays.com\/lt\/wp-json\/wp\/v2\/posts"}],"about":[{"href":"https:\/\/www.europesays.com\/lt\/wp-json\/wp\/v2\/types\/post"}],"author":[{"embeddable":true,"href":"https:\/\/www.europesays.com\/lt\/wp-json\/wp\/v2\/users\/2"}],"replies":[{"embeddable":true,"href":"https:\/\/www.europesays.com\/lt\/wp-json\/wp\/v2\/comments?post=88777"}],"version-history":[{"count":0,"href":"https:\/\/www.europesays.com\/lt\/wp-json\/wp\/v2\/posts\/88777\/revisions"}],"wp:featuredmedia":[{"embeddable":true,"href":"https:\/\/www.europesays.com\/lt\/wp-json\/wp\/v2\/media\/88778"}],"wp:attachment":[{"href":"https:\/\/www.europesays.com\/lt\/wp-json\/wp\/v2\/media?parent=88777"}],"wp:term":[{"taxonomy":"category","embeddable":true,"href":"https:\/\/www.europesays.com\/lt\/wp-json\/wp\/v2\/categories?post=88777"},{"taxonomy":"post_tag","embeddable":true,"href":"https:\/\/www.europesays.com\/lt\/wp-json\/wp\/v2\/tags?post=88777"}],"curies":[{"name":"wp","href":"https:\/\/api.w.org\/{rel}","templated":true}]}}