{"id":88849,"date":"2026-01-21T15:58:06","date_gmt":"2026-01-21T15:58:06","guid":{"rendered":"https:\/\/www.europesays.com\/lt\/88849\/"},"modified":"2026-01-21T15:58:06","modified_gmt":"2026-01-21T15:58:06","slug":"ziniasklaida-popiezius-atsisako-priimti-macrona","status":"publish","type":"post","link":"https:\/\/www.europesays.com\/lt\/88849\/","title":{"rendered":"\u017diniasklaida: popie\u017eius atsisako priimti Macron\u0105"},"content":{"rendered":"<p>Laikra\u0161tis \u201eIl Tempo\u201c, remdamasis \u201epatikimais \u0161altiniais Vatikano valstyb\u0117s sekretoriate\u201c, ra\u0161o, kad pranc\u016bz\u0173 diplomatai daug savai\u010di\u0173 nes\u0117kmingai m\u0117gina suorganizuoti pirm\u0105j\u0105 E. Macrono audiencij\u0105 pas popie\u017ei\u0173.<\/p>\n<p>Prie\u0161ingai nei Did\u017eiosios Britanijos, Vokietijos ar Ispanijos vadovams, pontifikas nepaskyr\u0117 datos Pranc\u016bzijos prezidentui. Popie\u017eius es\u0105 asmeni\u0161kai nurod\u0117 atmesti atitinkamas u\u017eklausas. E. Macronas, anot \u0161altini\u0173, kol kas nesulauks nei priva\u010dios audiencijos, nei audiencijos valstybinio vizito lygiu.<\/p>\n<p>Pagrindin\u0117 to prie\u017eastis yra E. Macrono pozicija abort\u0173 ir eutanazijos temomis. Pranc\u016bzijos parlamentas, prezidento iniciatyva, 2024 m. kov\u0105 \u012ftrauk\u0117 \u012f Konstitucij\u0105 moters \u201eteis\u0119 \u012f abort\u0105\u201c \u00a0kaip pagrindin\u0119 teis\u0119. \u0160iuo metu dar vykstan\u010diose diskusijose d\u0117l eutanazijos legalizavimo E. Macronas aktyviai pasisako u\u017e liberalizavim\u0105.<\/p>\n<p>Abiem \u0161iais klausimais Leonas XIV neseniai per savo naujametin\u012f kreipim\u0105si i\u0161sak\u0117 prie\u0161ing\u0105 pozicij\u0105. Jis pabr\u0117\u017e\u0117, kad Ba\u017eny\u010dia \u201ekategori\u0161kai\u201c atmeta abortus ir apgailestavo, kad \u201evie\u0161osios l\u0117\u0161os naudojamos gyvybei naikinti, u\u017euot investuojant jas \u012f param\u0105 motinoms ir \u0161eimoms\u201c. Eutanazij\u0105 jis toje pat kalboje pavadino \u201enetinkama atjautos forma\u201c.<\/p>\n","protected":false},"excerpt":{"rendered":"Laikra\u0161tis \u201eIl Tempo\u201c, remdamasis \u201epatikimais \u0161altiniais Vatikano valstyb\u0117s sekretoriate\u201c, ra\u0161o, kad pranc\u016bz\u0173 diplomatai daug savai\u010di\u0173 nes\u0117kmingai m\u0117gina suorganizuoti&hellip;\n","protected":false},"author":2,"featured_media":88850,"comment_status":"","ping_status":"","sticky":false,"template":"","format":"standard","meta":{"footnotes":""},"categories":[15],"tags":[25,30,31,3346,652,34,35,24,32,33,37,39,36,38,40,23,22,44,3345,28,29,26,27,74,75,76],"class_list":{"0":"post-88849","1":"post","2":"type-post","3":"status-publish","4":"format-standard","5":"has-post-thumbnail","7":"category-pasaulis","8":"tag-antrastes","9":"tag-breaking-news","10":"tag-breakingnews","11":"tag-elta-uzsienio-naujiena","12":"tag-emmanuelis-macronas","13":"tag-featured-news","14":"tag-featurednews","15":"tag-headlines","16":"tag-latest-news","17":"tag-latestnews","18":"tag-lietuva","19":"tag-lietuviu","20":"tag-lithuania","21":"tag-lithuanian","22":"tag-lt","23":"tag-naujienos","24":"tag-news","25":"tag-pasaulis","26":"tag-popiezius-leonas-xiv","27":"tag-populiariausios-naujienos","28":"tag-populiariausiosnaujienos","29":"tag-top-stories","30":"tag-topstories","31":"tag-world","32":"tag-world-news","33":"tag-worldnews"},"share_on_mastodon":{"url":"https:\/\/pubeurope.com\/@lt\/115933918158753035","error":""},"_links":{"self":[{"href":"https:\/\/www.europesays.com\/lt\/wp-json\/wp\/v2\/posts\/88849","targetHints":{"allow":["GET"]}}],"collection":[{"href":"https:\/\/www.europesays.com\/lt\/wp-json\/wp\/v2\/posts"}],"about":[{"href":"https:\/\/www.europesays.com\/lt\/wp-json\/wp\/v2\/types\/post"}],"author":[{"embeddable":true,"href":"https:\/\/www.europesays.com\/lt\/wp-json\/wp\/v2\/users\/2"}],"replies":[{"embeddable":true,"href":"https:\/\/www.europesays.com\/lt\/wp-json\/wp\/v2\/comments?post=88849"}],"version-history":[{"count":0,"href":"https:\/\/www.europesays.com\/lt\/wp-json\/wp\/v2\/posts\/88849\/revisions"}],"wp:featuredmedia":[{"embeddable":true,"href":"https:\/\/www.europesays.com\/lt\/wp-json\/wp\/v2\/media\/88850"}],"wp:attachment":[{"href":"https:\/\/www.europesays.com\/lt\/wp-json\/wp\/v2\/media?parent=88849"}],"wp:term":[{"taxonomy":"category","embeddable":true,"href":"https:\/\/www.europesays.com\/lt\/wp-json\/wp\/v2\/categories?post=88849"},{"taxonomy":"post_tag","embeddable":true,"href":"https:\/\/www.europesays.com\/lt\/wp-json\/wp\/v2\/tags?post=88849"}],"curies":[{"name":"wp","href":"https:\/\/api.w.org\/{rel}","templated":true}]}}