{"id":88857,"date":"2026-01-21T16:22:08","date_gmt":"2026-01-21T16:22:08","guid":{"rendered":"https:\/\/www.europesays.com\/lt\/88857\/"},"modified":"2026-01-21T16:22:08","modified_gmt":"2026-01-21T16:22:08","slug":"aber-baidzanas-trumpas-vis-dar-neisimine-azerbaidzano-pavadinimo","status":"publish","type":"post","link":"https:\/\/www.europesays.com\/lt\/88857\/","title":{"rendered":"\u201eAber Baid\u017eanas\u201c: Trumpas vis dar ne\u012fsimin\u0117 Azerbaid\u017eano pavadinimo"},"content":{"rendered":"<p>Kalb\u0117damas Davose D. Trumpas, be kita ko, d\u0117mesio skyr\u0117 ne tik Grenlandijai, bet ir karui Ukrainoje, taip pat pamin\u0117jo kitus konfliktus, kuriuose, es\u0105, jam pavyko sustabdyti.<\/p>\n<p>Prie\u0161 pradedamas sakyti ka\u017ek\u0105 apie Grenlandij\u0105, jis paklaus\u0117 susirinkusi\u0173j\u0173 sal\u0117je, ar apskritai jie nori i\u0161girsti juo nuomon\u0119 apie Grenlandij\u0105. Sal\u0117je pasigirdo juokas ir raginimai D. Trumpui kalb\u0117ti.<\/p>\n<p>JAV prezidentas Davose dar kart\u0105 pakartojo, kad Grenlandija Amerikai yra gynybi\u0161kai svarbi, o Danija negeba jos apsaugoti. Tiesa, jis ne kart\u0105 taip pabr\u0117\u017e\u0117 gerbiantis Danijos ir Grenlandijos gyventojus. Ta\u010diau pa\u010di\u0105 sal\u0105 vis pavadindavo \u201eledo gabalu\u201c.<\/p>\n<p>U\u017esimin\u0119s apie kar\u0105 Ukrainoje, D. Trumpas taip pat pakartojo anks\u010diau daugyb\u0119 kart\u0173 i\u0161sakyt\u0105 fraz\u0119, jog jei jis b\u016bt\u0173 laim\u0117j\u0119s 2020 m. rinkimus, \u0161is karas neb\u016bt\u0173 prasid\u0117j\u0119s.<\/p>\n<p>\u201eGerai pa\u017e\u012fstu Putin\u0105. B\u016btume su juo pasikalb\u0117j\u0119. Jis nor\u0117jo jos, bet neb\u016bt\u0173 nieko dar\u0119s. B\u016b\u010diau pasak\u0119s jam: Vladimirai, tu to nepadarysi. Ir jis neb\u016bt\u0173 to dar\u0119s\u201c, \u2013 kalb\u0117jo D. Trumpas.<\/p>\n<p>Jis teig\u0117, jog jau metus dirba bandydamas sustabdyti kar\u0105 tarp Rusijos ir Ukrainos, o per t\u0105 laik\u0105 \u201esustabd\u0117 a\u0161tuonis kitus karus\u201c.<\/p>\n<p>\u201eIndija ir Pakistanas. Sustabd\u017eiau kitus karus. Vladimiras Putinas man paskambino. <a rel=\"noopener nofollow\" target=\"_blank\" href=\"https:\/\/www.delfi.lt\/temos\/armenija\" tag-id=\"21801072\">Arm\u0117nija<\/a> ir Aber Baid\u017eanas. Jis man paskambino ir pasak\u0117 negalintis patik\u0117ti, kad per dien\u0105 sustabd\u017eiau kar\u0105, kuris truko 35 metus\u201c, \u2013 sak\u0117 JAV prezidentas.<\/p>\n<p>Tai \u2013 ne pirmas kartas, kai, kalb\u0117damas apie Arm\u0117nijos ir Azerbaid\u017eano kar\u0105 D. Trumpas pamir\u0161ta \u0161ali\u0173 pavadinimus.<\/p>\n<p>\u201eA\u0161 sprend\u017eiau karus, kurie buvo nei\u0161sprend\u017eiami. Azerbaid\u017eane ir Albanijoje, tai t\u0119s\u0117si daugel\u012f, daugel\u012f met\u0173, mano kabinete dirbo ministrai pirmininkai ir prezidentai\u201c, \u2013 anks\u010diau sak\u0117 D. Trumpas interviu \u201eFox News\u201c.<\/p>\n<p>Tiesa, t\u0105 kart\u0105 jis neteisingai i\u0161tar\u0117 ir Azerbaid\u017eano pavadinim\u0105, taip pat pamin\u0117damas \u201eAber Baid\u017ean\u0105\u201c.<\/p>\n","protected":false},"excerpt":{"rendered":"Kalb\u0117damas Davose D. Trumpas, be kita ko, d\u0117mesio skyr\u0117 ne tik Grenlandijai, bet ir karui Ukrainoje, taip pat&hellip;\n","protected":false},"author":2,"featured_media":88858,"comment_status":"","ping_status":"","sticky":false,"template":"","format":"standard","meta":{"footnotes":"","_share_on_mastodon":"0"},"categories":[15],"tags":[25,465,466,30,31,18302,194,34,35,24,32,33,37,39,36,38,40,23,22,44,28,29,26,27,360,74,75,76],"class_list":["post-88857","post","type-post","status-publish","format-standard","has-post-thumbnail","category-pasaulis","tag-antrastes","tag-armenija","tag-azerbaidzanas","tag-breaking-news","tag-breakingnews","tag-davoso-forumas","tag-donaldas-trumpas","tag-featured-news","tag-featurednews","tag-headlines","tag-latest-news","tag-latestnews","tag-lietuva","tag-lietuviu","tag-lithuania","tag-lithuanian","tag-lt","tag-naujienos","tag-news","tag-pasaulis","tag-populiariausios-naujienos","tag-populiariausiosnaujienos","tag-top-stories","tag-topstories","tag-ukraina","tag-world","tag-world-news","tag-worldnews"],"share_on_mastodon":{"url":"https:\/\/pubeurope.com\/@lt\/115934012585909453","error":""},"_links":{"self":[{"href":"https:\/\/www.europesays.com\/lt\/wp-json\/wp\/v2\/posts\/88857","targetHints":{"allow":["GET"]}}],"collection":[{"href":"https:\/\/www.europesays.com\/lt\/wp-json\/wp\/v2\/posts"}],"about":[{"href":"https:\/\/www.europesays.com\/lt\/wp-json\/wp\/v2\/types\/post"}],"author":[{"embeddable":true,"href":"https:\/\/www.europesays.com\/lt\/wp-json\/wp\/v2\/users\/2"}],"replies":[{"embeddable":true,"href":"https:\/\/www.europesays.com\/lt\/wp-json\/wp\/v2\/comments?post=88857"}],"version-history":[{"count":0,"href":"https:\/\/www.europesays.com\/lt\/wp-json\/wp\/v2\/posts\/88857\/revisions"}],"wp:featuredmedia":[{"embeddable":true,"href":"https:\/\/www.europesays.com\/lt\/wp-json\/wp\/v2\/media\/88858"}],"wp:attachment":[{"href":"https:\/\/www.europesays.com\/lt\/wp-json\/wp\/v2\/media?parent=88857"}],"wp:term":[{"taxonomy":"category","embeddable":true,"href":"https:\/\/www.europesays.com\/lt\/wp-json\/wp\/v2\/categories?post=88857"},{"taxonomy":"post_tag","embeddable":true,"href":"https:\/\/www.europesays.com\/lt\/wp-json\/wp\/v2\/tags?post=88857"}],"curies":[{"name":"wp","href":"https:\/\/api.w.org\/{rel}","templated":true}]}}