{"id":88881,"date":"2026-01-21T17:07:09","date_gmt":"2026-01-21T17:07:09","guid":{"rendered":"https:\/\/www.europesays.com\/lt\/88881\/"},"modified":"2026-01-21T17:07:09","modified_gmt":"2026-01-21T17:07:09","slug":"po-zalgirio-meistriskumo-pamokos-zinia-apie-asvel-naujoka","status":"publish","type":"post","link":"https:\/\/www.europesays.com\/lt\/88881\/","title":{"rendered":"Po \u201e\u017dalgirio\u201c meistri\u0161kumo pamokos \u2013 \u017einia apie ASVEL naujok\u0105"},"content":{"rendered":"<p>Graikijos \u017einiasklaida SDNA skelbia, kad ASVEL iki sezono pabaigos susitar\u0117 su Braianu Angola. <\/p>\n<p>31-eri\u0173 kolumbietis sezon\u0105 prad\u0117jo \u201eGran Canaria\u201c ekipoje, o FIBA \u010cempion\u0173 lygoje fiksavo 13,2 ta\u0161ko, 3,3 atkovoto kamuolio, 3,3 rezultatyvaus perdavimo ir 12,8 naudingumo balo vidurkius.<\/p>\n<p>198 cm \u016bgio gyn\u0117jas per a\u0161tuonerius metus trunkan\u010di\u0105 profesionalo karjer\u0105 pakeit\u0117 de\u0161imt klub\u0173.<\/p>\n<p>ASVEL su \u0161e\u0161iomis pergal\u0117s Eurolygoje dalinasi 19-20 vietas su Stambulo \u201eAnadolu Efes\u201c.<\/p>\n","protected":false},"excerpt":{"rendered":"Graikijos \u017einiasklaida SDNA skelbia, kad ASVEL iki sezono pabaigos susitar\u0117 su Braianu Angola. 31-eri\u0173 kolumbietis sezon\u0105 prad\u0117jo \u201eGran&hellip;\n","protected":false},"author":2,"featured_media":88882,"comment_status":"","ping_status":"","sticky":false,"template":"","format":"standard","meta":{"footnotes":""},"categories":[19],"tags":[328,37,39,36,38,40,47,104,7491],"class_list":{"0":"post-88881","1":"post","2":"type-post","3":"status-publish","4":"format-standard","5":"has-post-thumbnail","7":"category-sportas","8":"tag-kauno-zalgiris","9":"tag-lietuva","10":"tag-lietuviu","11":"tag-lithuania","12":"tag-lithuanian","13":"tag-lt","14":"tag-sportas","15":"tag-sports","16":"tag-vilerbano-asvel"},"share_on_mastodon":{"url":"https:\/\/pubeurope.com\/@lt\/115934189523457201","error":""},"_links":{"self":[{"href":"https:\/\/www.europesays.com\/lt\/wp-json\/wp\/v2\/posts\/88881","targetHints":{"allow":["GET"]}}],"collection":[{"href":"https:\/\/www.europesays.com\/lt\/wp-json\/wp\/v2\/posts"}],"about":[{"href":"https:\/\/www.europesays.com\/lt\/wp-json\/wp\/v2\/types\/post"}],"author":[{"embeddable":true,"href":"https:\/\/www.europesays.com\/lt\/wp-json\/wp\/v2\/users\/2"}],"replies":[{"embeddable":true,"href":"https:\/\/www.europesays.com\/lt\/wp-json\/wp\/v2\/comments?post=88881"}],"version-history":[{"count":0,"href":"https:\/\/www.europesays.com\/lt\/wp-json\/wp\/v2\/posts\/88881\/revisions"}],"wp:featuredmedia":[{"embeddable":true,"href":"https:\/\/www.europesays.com\/lt\/wp-json\/wp\/v2\/media\/88882"}],"wp:attachment":[{"href":"https:\/\/www.europesays.com\/lt\/wp-json\/wp\/v2\/media?parent=88881"}],"wp:term":[{"taxonomy":"category","embeddable":true,"href":"https:\/\/www.europesays.com\/lt\/wp-json\/wp\/v2\/categories?post=88881"},{"taxonomy":"post_tag","embeddable":true,"href":"https:\/\/www.europesays.com\/lt\/wp-json\/wp\/v2\/tags?post=88881"}],"curies":[{"name":"wp","href":"https:\/\/api.w.org\/{rel}","templated":true}]}}