{"id":89443,"date":"2026-01-22T12:26:10","date_gmt":"2026-01-22T12:26:10","guid":{"rendered":"https:\/\/www.europesays.com\/lt\/89443\/"},"modified":"2026-01-22T12:26:10","modified_gmt":"2026-01-22T12:26:10","slug":"apklausa-puse-salies-gyventoju-ruginienes-vyriausybe-vertina-neigiamai","status":"publish","type":"post","link":"https:\/\/www.europesays.com\/lt\/89443\/","title":{"rendered":"Apklausa: pus\u0117 \u0161alies gyventoj\u0173 Ruginien\u0117s Vyriausyb\u0119 vertina neigiamai"},"content":{"rendered":"<p>Apklausos duomenimis, 51 proc. gyventoj\u0173 Vyriausyb\u0117s darb\u0105 vertina blogai. I\u0161 j\u0173 15 proc. teigia, kad Ministr\u0173 kabinetas dirba labai blogai, dar 36 proc. jos veikl\u0105 vertina labiau blogai nei gerai.<\/p>\n<p>Tuo metu palankiai Vyriausyb\u0119 vertina 35 proc. gyventoj\u0173. I\u0161 j\u0173 3 proc. respondent\u0173 nurodo, kad dirbama labai gerai, o 32 proc.  \u2013 labiau gerai nei blogai.<\/p>\n<p>Anot tyrimo, geriausiai Ministr\u0173 kabineto veikl\u0105 vertino Lietuvos socialdemokrat\u0173 partijos ir \u201eNemuno au\u0161ros\u201c rink\u0117jai \u2013 j\u0173 vertinimas siekia atitinkamai 55 ir 50 proc. Visgi dalis socialdemokrat\u0173 ir \u201eau\u0161rie\u010di\u0173\u201c rink\u0117j\u0173 apie Vyriausyb\u0117s darb\u0105 atsiliep\u0117 ir neigiamai \u2013 atitinkamai 35 ir 32 proc.<\/p>\n<p>Rinkos ir visuomen\u0117s nuomon\u0117s tyrim\u0173 kompanija \u201eBaltijos tyrimai\u201c reprezentatyvi\u0105 Lietuvos gyventoj\u0173 apklaus\u0105 atliko 2025 met\u0173 gruod\u017eio 11\u201329 dienomis. Asmeninio interviu metu buvo apklausta 1 015 Lietuvos gyventoj\u0173 (18 met\u0173 ir vyresni\u0173), tyrimas vyko 111 atrankos ta\u0161k\u0173.<\/p>\n<p>Tyrimo rezultatai atspindi suaugusi\u0173 Lietuvos gyventoj\u0173 (18 met\u0173 ir vyresni\u0173) nuomon\u0119 pagal lyt\u012f, am\u017ei\u0173 ir gyvenviet\u0117s tip\u0105. <\/p>\n<p>Rezultat\u0173 paklaida tokio dyd\u017eio im\u010diai nevir\u0161ija 3,1 procentini\u0173 punkt\u0173, kai pasikliautinasis intervalas 95 proc.<\/p>\n","protected":false},"excerpt":{"rendered":"Apklausos duomenimis, 51 proc. gyventoj\u0173 Vyriausyb\u0117s darb\u0105 vertina blogai. I\u0161 j\u0173 15 proc. teigia, kad Ministr\u0173 kabinetas dirba&hellip;\n","protected":false},"author":2,"featured_media":89444,"comment_status":"","ping_status":"","sticky":false,"template":"","format":"standard","meta":{"footnotes":""},"categories":[13],"tags":[25,359,30,31,34,35,24,71,32,33,37,39,36,38,40,23,22,28,29,26,27],"class_list":{"0":"post-89443","1":"post","2":"type-post","3":"status-publish","4":"format-standard","5":"has-post-thumbnail","7":"category-lietuva","8":"tag-antrastes","9":"tag-apklausa","10":"tag-breaking-news","11":"tag-breakingnews","12":"tag-featured-news","13":"tag-featurednews","14":"tag-headlines","15":"tag-inga-ruginiene","16":"tag-latest-news","17":"tag-latestnews","18":"tag-lietuva","19":"tag-lietuviu","20":"tag-lithuania","21":"tag-lithuanian","22":"tag-lt","23":"tag-naujienos","24":"tag-news","25":"tag-populiariausios-naujienos","26":"tag-populiariausiosnaujienos","27":"tag-top-stories","28":"tag-topstories"},"share_on_mastodon":{"url":"https:\/\/pubeurope.com\/@lt\/115938746856083094","error":""},"_links":{"self":[{"href":"https:\/\/www.europesays.com\/lt\/wp-json\/wp\/v2\/posts\/89443","targetHints":{"allow":["GET"]}}],"collection":[{"href":"https:\/\/www.europesays.com\/lt\/wp-json\/wp\/v2\/posts"}],"about":[{"href":"https:\/\/www.europesays.com\/lt\/wp-json\/wp\/v2\/types\/post"}],"author":[{"embeddable":true,"href":"https:\/\/www.europesays.com\/lt\/wp-json\/wp\/v2\/users\/2"}],"replies":[{"embeddable":true,"href":"https:\/\/www.europesays.com\/lt\/wp-json\/wp\/v2\/comments?post=89443"}],"version-history":[{"count":0,"href":"https:\/\/www.europesays.com\/lt\/wp-json\/wp\/v2\/posts\/89443\/revisions"}],"wp:featuredmedia":[{"embeddable":true,"href":"https:\/\/www.europesays.com\/lt\/wp-json\/wp\/v2\/media\/89444"}],"wp:attachment":[{"href":"https:\/\/www.europesays.com\/lt\/wp-json\/wp\/v2\/media?parent=89443"}],"wp:term":[{"taxonomy":"category","embeddable":true,"href":"https:\/\/www.europesays.com\/lt\/wp-json\/wp\/v2\/categories?post=89443"},{"taxonomy":"post_tag","embeddable":true,"href":"https:\/\/www.europesays.com\/lt\/wp-json\/wp\/v2\/tags?post=89443"}],"curies":[{"name":"wp","href":"https:\/\/api.w.org\/{rel}","templated":true}]}}