{"id":90005,"date":"2026-01-23T08:27:11","date_gmt":"2026-01-23T08:27:11","guid":{"rendered":"https:\/\/www.europesays.com\/lt\/90005\/"},"modified":"2026-01-23T08:27:11","modified_gmt":"2026-01-23T08:27:11","slug":"vilniuje-uzdaroma-populiari-maxima-parduotuve","status":"publish","type":"post","link":"https:\/\/www.europesays.com\/lt\/90005\/","title":{"rendered":"Vilniuje u\u017edaroma populiari \u201eMaxima\u201d parduotuv\u0117"},"content":{"rendered":"<p>Nuo vasario duris u\u017evers populiari sostin\u0117s \u201e<a style=\"font-weight:bold;\" href=\"https:\/\/madeinvilnius.lt\/tema\/maxima\/\" target=\"_blank\" rel=\"nofollow noopener\">Maxima<\/a>\u201d parduotuv\u0117 Liepkalnyje. Anot \u0161io tinklo atstov\u0173, remontas pareikalaut\u0173 daug l\u0117\u0161\u0173, kurias nuspr\u0119sta nukreipti \u012f tinklo pl\u0117tr\u0105, o ne senos parduotuv\u0117s atnaujinim\u0105.<\/p>\n<p>Taigi Liepkalnyje \u012fsik\u016brusi parduotuv\u0117 skai\u010diuoja paskutines savo dienas. Ji paskutin\u012f kart\u0105 ir visam laikui savo duris u\u017evers jau sausio 31 d. Paskutin\u0119 parduotuv\u0117s veiklos savait\u0119 pirk\u0117j\u0173 laukia i\u0161pardavimo nuolaidos.<\/p>\n<p>\u201e\u0160i\u0105 parduotuv\u0119 nusprend\u0117me u\u017edaryti \u012fvertin\u0119 tai, jog esama patalp\u0173 nuomos sutartis, kurioje ilg\u0105 laik\u0105 veik\u0117 \u0161i \u201eMaxima\u201c, neatitinka rinkos s\u0105lyg\u0173. Ap\u017evelg\u0119, kiek l\u0117\u0161\u0173 pareikalaut\u0173 nei\u0161vengiama \u0161ios parduotuv\u0117s rekonstrukcija, nusprend\u0117me nuomos sutarties nebeprat\u0119sti, o investicijas nukreipti \u012f nauj\u0173 parduotuvi\u0173 pl\u0117tr\u0105. Taigi, parduotuv\u0117 u\u017edaroma visam laikui\u201d, \u2013 komentuoja \u201eMaximos\u201c Komunikacijos ir korporatyvini\u0173 ry\u0161i\u0173 departamento direktor\u0117 Snieguol\u0117 Valiaugait\u0117.<\/p>\n<p>Pirk\u0117jai, kurie apsipirkin\u0117ja \u0161ioje parduotuv\u0117je, yra raginami naudotis kita artimiausia \u201eMaxima\u201d. Ji \u012fsik\u016brusi adresu Morav\u0173 g. 7. Tai yra dviej\u0173 X \u201eMaxima\u201c parduotuv\u0117.<\/p>\n<p>Pernai \u0161is prekybos tinklas u\u017edar\u0117 kelias parduotuves visam laikui. Tai buvo vieno X \u201eMaxima\u201c parduotuv\u0117s, kurios jau nebeatitiko \u0161iuolaikini\u0173 gyventoj\u0173 apsipirkim\u0173 \u012fpro\u010di\u0173.<\/p>\n<p>Tuo tarpu Gedvyd\u017ei\u0173 g. 13 vyksta naujos prekybos tinklo parduotuv\u0117s statybos darbai, kur anks\u010diau ten buvusios parduotuv\u0117s vietoje, pirk\u0117jus pasitiks \u0161iuolaiki\u0161kas \u201eMAXIMA XX\u201c prekybos centras.<\/p>\n<p>MadeinVilnius.lt informacij\u0105 skelbti, cituoti ar kitaip atgaminti visuomen\u0117s informavimo priemon\u0117se bei interneto tinklalapiuose be ra\u0161ti\u0161ko UAB \u201eNaujosios medijos grup\u0117s\u201c sutikimo neleid\u017eiama.<img decoding=\"async\" class=\"wp-image-10416 alignright\" src=\"https:\/\/www.europesays.com\/lt\/wp-content\/uploads\/2025\/11\/Made-In-Vilnius-main-RGB-e1665487819114.png\" alt=\"MadeinVilnius.lt\" width=\"100\" style=\"margin-right: 20px\"\/><\/p>\n","protected":false},"excerpt":{"rendered":"Nuo vasario duris u\u017evers populiari sostin\u0117s \u201eMaxima\u201d parduotuv\u0117 Liepkalnyje. Anot \u0161io tinklo atstov\u0173, remontas pareikalaut\u0173 daug l\u0117\u0161\u0173, kurias&hellip;\n","protected":false},"author":2,"featured_media":90006,"comment_status":"","ping_status":"","sticky":false,"template":"","format":"standard","meta":{"footnotes":""},"categories":[17],"tags":[81,37,39,36,38,40,1774,1349,65,46],"class_list":{"0":"post-90005","1":"post","2":"type-post","3":"status-publish","4":"format-standard","5":"has-post-thumbnail","7":"category-verslas","8":"tag-business","9":"tag-lietuva","10":"tag-lietuviu","11":"tag-lithuania","12":"tag-lithuanian","13":"tag-lt","14":"tag-madeinvilnius","15":"tag-maxima","16":"tag-naujiena","17":"tag-verslas"},"share_on_mastodon":{"url":"https:\/\/pubeurope.com\/@lt\/115943469655493876","error":""},"_links":{"self":[{"href":"https:\/\/www.europesays.com\/lt\/wp-json\/wp\/v2\/posts\/90005","targetHints":{"allow":["GET"]}}],"collection":[{"href":"https:\/\/www.europesays.com\/lt\/wp-json\/wp\/v2\/posts"}],"about":[{"href":"https:\/\/www.europesays.com\/lt\/wp-json\/wp\/v2\/types\/post"}],"author":[{"embeddable":true,"href":"https:\/\/www.europesays.com\/lt\/wp-json\/wp\/v2\/users\/2"}],"replies":[{"embeddable":true,"href":"https:\/\/www.europesays.com\/lt\/wp-json\/wp\/v2\/comments?post=90005"}],"version-history":[{"count":0,"href":"https:\/\/www.europesays.com\/lt\/wp-json\/wp\/v2\/posts\/90005\/revisions"}],"wp:featuredmedia":[{"embeddable":true,"href":"https:\/\/www.europesays.com\/lt\/wp-json\/wp\/v2\/media\/90006"}],"wp:attachment":[{"href":"https:\/\/www.europesays.com\/lt\/wp-json\/wp\/v2\/media?parent=90005"}],"wp:term":[{"taxonomy":"category","embeddable":true,"href":"https:\/\/www.europesays.com\/lt\/wp-json\/wp\/v2\/categories?post=90005"},{"taxonomy":"post_tag","embeddable":true,"href":"https:\/\/www.europesays.com\/lt\/wp-json\/wp\/v2\/tags?post=90005"}],"curies":[{"name":"wp","href":"https:\/\/api.w.org\/{rel}","templated":true}]}}