{"id":90404,"date":"2026-01-23T17:09:30","date_gmt":"2026-01-23T17:09:30","guid":{"rendered":"https:\/\/www.europesays.com\/lt\/90404\/"},"modified":"2026-01-23T17:09:30","modified_gmt":"2026-01-23T17:09:30","slug":"algis-krupavicius-protestai-ir-demokratine-diskusija-kur-eina-lietuva-respublika-lt","status":"publish","type":"post","link":"https:\/\/www.europesays.com\/lt\/90404\/","title":{"rendered":"Algis KRUPAVI\u010cIUS: Protestai ir demokratin\u0117 diskusija &#8211; kur eina Lietuva? &#8211; Respublika.lt"},"content":{"rendered":"<p><img loading=\"lazy\" decoding=\"async\" src=\"https:\/\/www.respublika.lt\/lt\/naujienos\/nuomones_ir_komentarai\/isklausyk-respublika\/algis-krupavicius-protestai-ir-demokratine-diskusija---kur-eina-lietuva\/images\/ico_camera_white.gif\" class=\"camera\" width=\"22\" height=\"15\" alt=\"nuotr.\" style=\"position:relative; top:-2px; right:2px;\"\/> 1 nuotr.<\/p>\n<p>Algis Krupavi\u010dius. Asmeninio archyvo nuotr.<\/p>\n<p style=\"text-align: justify;\" class=\"desktop_banner\">\u00a0<\/p>\n<p>\u201eNemuno Au\u0161ra&#8221; ir Remigijus \u017demaitaitis yra da\u017eniausias j\u0173 taikinys. Ypa\u010d nerim\u0105 kelia atvejai, kai protestuotojai \u012fsibrauna \u012f politini\u0173 partij\u0173 ar j\u0173 lyderi\u0173 organizuojamus susitikimus. Demokratijos teorijoje egzistuoja ai\u0161ki riba tarp protesto kaip i\u0161orinio politinio spaudimo instrumento ir jo kaip \u012frankio trukdyti politin\u0117ms diskusijoms. Lietuvos praktika rodo, kad \u0161i riba vis labiau nyksta.<\/p>\n<p>Demokratini\u0173 norm\u0173 erozija Lietuvoje vis da\u017eniau stebima praktika, kai centro de\u0161ini\u0173j\u0173 jaunimo organizacijos (tiek liberalios, tiek konservatyvios) ateina \u012f oponuojam\u0173 politini\u0173 partij\u0173 ar lyderi\u0173 susitikimus ne kaip dalyviai, o kaip trukdytojai. J\u0173 tikslas &#8211; ne konstruktyvi diskusija, o trikdymas, provokacija ir \u017einiasklaidos d\u0117mesys. \u0160ie veiksmai pasi\u017eymi pasikartojamumu, performansu ir taktine disciplina, o ne spontani\u0161kumu.<\/p>\n<p>Ypating\u0105 vaidmen\u012f \u010dia atlieka \u201esistemin\u0117s&#8221; \u017einiasklaidos priemon\u0117s. Jose toks trukdymas paprastai rodomas kaip \u201epilietinis aktyvumas&#8221; ar \u201eteis\u0117tas protestas&#8221;, s\u0105moningai nematant skirtumo tarp protesto ir trukdymo teis\u0117tam politik\u0173 bendravimui su savo \u0161alininkais.<\/p>\n<p>\u017diniasklaida tampa demokratini\u0173 svarstym\u0173 norm\u0173 \u201eplovimo&#8221; mechanizmu: tai, kas anks\u010diau b\u016bt\u0173 laikyta nepriimtinu elgesiu, dabar pateikiama kaip normali demokratin\u0117 praktika.<\/p>\n<p>Institucin\u0117 reakcija taip pat silpna. Politini\u0173 susitikim\u0173 organizatoriai da\u017enai neturi ai\u0161ki\u0173 proced\u016brini\u0173 priemoni\u0173 tokiam elgesiui riboti. Politiniai lyderiai vengia grie\u017etesni\u0173 veiksm\u0173, bijodami kaltinim\u0173 \u201edemokratijos ribojimu&#8221;. Teis\u0117sauga paprastai lieka selektyvi ir pasyvi, jei n\u0117ra akivaizdaus teisinio pa\u017eeidimo. Rezultatas &#8211; de facto suteikiamas leidimas didinti prie\u0161prie\u0161\u0105 visuomen\u0117je.<\/p>\n<p>Politin\u0117s teorijos po\u017ei\u016briu tai rei\u0161kia neformali\u0173 demokratini\u0173 norm\u0173 erozij\u0105, per\u0117jim\u0105 nuo diskusij\u0173 ir svarstym\u0173 politikos prie performans\u0173 ir konflikt\u0173, bei paskatinim\u0105 tiems, kurie renkasi prie\u0161prie\u0161\u0105 vietoje argument\u0173. Ilgalaik\u0117je perspektyvoje tai griauna pa\u010dios demokratin\u0117s diskusijos prasm\u0119 ir demokratijos esm\u0119.<\/p>\n<p>Nors po Lietuvos Saule visa tai, kas pasakyta n\u0117ra nauja. Tai tik dar ar\u0161esn\u0117mis formomis pergyvenome 1991-1992 m. Tada tie patys i\u0161 centro de\u0161in\u0117s pus\u0117s irgi \u201ekovojo u\u017e demokratij\u0105&#8221; &#8211; kiau\u0161ini\u0173 ir pomidor\u0173 m\u0117tymais, plakatais su kartuvi\u0173 vaizdeliais, sali\u0173 blokavimais provincijoje, oponent\u0173 stumdymu ir pjudymu.<\/p>\n<p>Antai, signatarui ir ilgame\u010diam Seimo pirmininkui \u010ceslovui Jur\u0161\u0117nui per susitikimus sudau\u017e\u0117 net kelis akinius. O \u0160iauliuose po scena, kur tur\u0117jo kalb\u0117ti Algirdas Brazauskas ir kiti LDDP politikai, buvo paki\u0161ta \u201ebombel\u0117&#8221;.<\/p>\n<p>Dabar, pana\u0161u, v\u0117l atgal \u012f 1990-uosius. Tik \u0161i\u0173 dien\u0173 protestuotojams yra kur \u201estengtis&#8221;. Nors jei ta prie\u0161prie\u0161os banga nebus suvaldyta, tai naujas akini\u0173 dau\u017eymo prover\u017eis gali pasirodyti tik pumpur\u0117liai.<\/p>\n<p>Kaip yra kitur? Jungtin\u0117je Karalyst\u0117je taik\u016bs protestai u\u017e politini\u0173 rengini\u0173 rib\u0173 yra gana \u012fprasti. Ten su vienokiais ar kitokiais plakatais prie rengini\u0173 vietos jie parodo savo oponuojan\u010dius po\u017ei\u016brius.<\/p>\n<p>Ta\u010diau protestuotojai neina \u012f partij\u0173 susitikim\u0173 erdves, o toks brovimasis vertinamas visuomen\u0117je kaip netinkamas. Jei tokie incidentai kyla, tai jie greitai sprend\u017eiami, o reakcija \u012f juos vie\u0161ojoje erdv\u0117je paprastai yra itin neigiama.<\/p>\n<p>Jungtin\u0117je Karalyst\u0117je yra ai\u0161ki skirtis tarp vie\u0161osios erdv\u0117s, skirtos protestui, ir politin\u0117s erdv\u0117s, skirtos politin\u0117ms diskusijoms.<\/p>\n<p>Daugumoje kontinentin\u0117s Europos \u0161ali\u0173 (Vokietijoje, Pranc\u016bzijoje, Austrijoje, Beniliukso valstyb\u0117se) protest\u0173 kult\u016bra yra stipri ir kartais gerokai konfrontacin\u0117. Vis d\u0117lto \u012fsiver\u017eimas \u012f politini\u0173 partij\u0173 vidinius susitikimus laikomas ai\u0161kiu demokratini\u0173 norm\u0173 lau\u017eymu.<\/p>\n<p>Tokie veiksmai n\u0117ra pateisinami kaip \u201edemokratijos rai\u0161ka&#8221;. \u010cia vyrauja supratimas, kad protestas ir politin\u0117s diskusijos yra lygiagret\u016bs, bet ne tapat\u016bs procesai, o politin\u0117s partijos ir j\u0173 lyderiai turi teis\u0119 \u012f taisykl\u0117mis apsaugot\u0105 erdv\u0119 diskusijoms su savo \u0161alininkais.<\/p>\n<p>Kur at\u0117jome? Lietuvos atvejis atskleid\u017eia pavojing\u0105 protest\u0173 tendencij\u0105, kai jiems n\u0117ra ribojan\u010di\u0173 stipri\u0173 neformali\u0173 norm\u0173 ir nuoseklios institucin\u0117s reakcijos. Jei tokios protest\u0173 tendencijos nebus kriti\u0161kai apsvarstytos ir pristabdytos, politiniai susitikimai taps nuolatine konflikt\u0173 ir performans\u0173 arena.<\/p>\n<p>Visuomen\u0117 ir politikos veik\u0117jai toliau nesusi\u0161nek\u0117s. Be to demokratijai reikalinga ne tik \u017eod\u017eio laisv\u0117, o ir proced\u016brin\u0117 tvarka kaip j\u0105 u\u017etikrinti &#8211; be jos demokratin\u0117 diskusija tampa ne\u012fmanoma.<\/p>\n","protected":false},"excerpt":{"rendered":"1 nuotr. Algis Krupavi\u010dius. Asmeninio archyvo nuotr. \u00a0 \u201eNemuno Au\u0161ra&#8221; ir Remigijus \u017demaitaitis yra da\u017eniausias j\u0173 taikinys. Ypa\u010d&hellip;\n","protected":false},"author":2,"featured_media":90405,"comment_status":"","ping_status":"","sticky":false,"template":"","format":"standard","meta":{"footnotes":"","_share_on_mastodon":"0"},"categories":[13],"tags":[25,579,30,31,1165,34,35,24,18708,3653,32,33,37,39,36,38,40,23,22,28,29,154,26,27,18707,413,979],"class_list":["post-90404","post","type-post","status-publish","format-standard","has-post-thumbnail","category-lietuva","tag-antrastes","tag-brazauskas","tag-breaking-news","tag-breakingnews","tag-demokratija","tag-featured-news","tag-featurednews","tag-headlines","tag-jursenas","tag-krupavicius","tag-latest-news","tag-latestnews","tag-lietuva","tag-lietuviu","tag-lithuania","tag-lithuanian","tag-lt","tag-naujienos","tag-news","tag-populiariausios-naujienos","tag-populiariausiosnaujienos","tag-protestai","tag-top-stories","tag-topstories","tag-trukdyti","tag-zemaitaitis","tag-ziniasklaida"],"share_on_mastodon":{"url":"https:\/\/pubeurope.com\/@lt\/115945521960534885","error":""},"_links":{"self":[{"href":"https:\/\/www.europesays.com\/lt\/wp-json\/wp\/v2\/posts\/90404","targetHints":{"allow":["GET"]}}],"collection":[{"href":"https:\/\/www.europesays.com\/lt\/wp-json\/wp\/v2\/posts"}],"about":[{"href":"https:\/\/www.europesays.com\/lt\/wp-json\/wp\/v2\/types\/post"}],"author":[{"embeddable":true,"href":"https:\/\/www.europesays.com\/lt\/wp-json\/wp\/v2\/users\/2"}],"replies":[{"embeddable":true,"href":"https:\/\/www.europesays.com\/lt\/wp-json\/wp\/v2\/comments?post=90404"}],"version-history":[{"count":0,"href":"https:\/\/www.europesays.com\/lt\/wp-json\/wp\/v2\/posts\/90404\/revisions"}],"wp:featuredmedia":[{"embeddable":true,"href":"https:\/\/www.europesays.com\/lt\/wp-json\/wp\/v2\/media\/90405"}],"wp:attachment":[{"href":"https:\/\/www.europesays.com\/lt\/wp-json\/wp\/v2\/media?parent=90404"}],"wp:term":[{"taxonomy":"category","embeddable":true,"href":"https:\/\/www.europesays.com\/lt\/wp-json\/wp\/v2\/categories?post=90404"},{"taxonomy":"post_tag","embeddable":true,"href":"https:\/\/www.europesays.com\/lt\/wp-json\/wp\/v2\/tags?post=90404"}],"curies":[{"name":"wp","href":"https:\/\/api.w.org\/{rel}","templated":true}]}}